{"id":1745,"date":"2022-06-09T10:30:00","date_gmt":"2022-06-09T08:30:00","guid":{"rendered":"https:\/\/bcbnews.barcelonaturisme.com\/?p=1745"},"modified":"2022-06-14T16:47:59","modified_gmt":"2022-06-14T14:47:59","slug":"amar-barcelona-a-traves-del-paladar","status":"publish","type":"post","link":"https:\/\/bcbnews.barcelonaturisme.com\/?p=1745&lang=es","title":{"rendered":"Amar Barcelona a trav\u00e9s del paladar"},"content":{"rendered":"\n<h3 class=\"wp-block-heading\">Abre Amar Barcelona, el nuevo restaurante de Rafa Zafra y El Palace Barcelona<\/h3>\n\n\n\n<div class=\"wp-block-columns is-layout-flex wp-container-core-columns-is-layout-1 wp-block-columns-is-layout-flex\">\n<div class=\"wp-block-column is-layout-flow wp-block-column-is-layout-flow\" style=\"flex-basis:50%\">\n<figure class=\"wp-block-gallery has-nested-images columns-default is-cropped wp-block-gallery-1 is-layout-flex wp-block-gallery-is-layout-flex\">\n<figure class=\"wp-block-image size-large\"><img fetchpriority=\"high\" decoding=\"async\" width=\"1024\" height=\"683\" src=\"https:\/\/bcbnews.barcelonaturisme.com\/wp-content\/uploads\/2022\/06\/foto-cuiner-1024x683.jpg\" alt=\"\" class=\"wp-image-1740\" srcset=\"https:\/\/bcbnews.barcelonaturisme.com\/wp-content\/uploads\/2022\/06\/foto-cuiner-1024x683.jpg 1024w, https:\/\/bcbnews.barcelonaturisme.com\/wp-content\/uploads\/2022\/06\/foto-cuiner-300x200.jpg 300w, https:\/\/bcbnews.barcelonaturisme.com\/wp-content\/uploads\/2022\/06\/foto-cuiner-768x512.jpg 768w, https:\/\/bcbnews.barcelonaturisme.com\/wp-content\/uploads\/2022\/06\/foto-cuiner.jpg 1200w\" sizes=\"(max-width: 1024px) 100vw, 1024px\" \/><\/figure>\n<\/figure>\n<\/div>\n\n\n\n<div class=\"wp-block-column is-layout-flow wp-block-column-is-layout-flow\" style=\"flex-basis:50%\">\n<figure class=\"wp-block-gallery has-nested-images columns-default is-cropped wp-block-gallery-2 is-layout-flex wp-block-gallery-is-layout-flex\">\n<figure class=\"wp-block-image size-large\"><img decoding=\"async\" width=\"1024\" height=\"683\" src=\"https:\/\/bcbnews.barcelonaturisme.com\/wp-content\/uploads\/2022\/06\/Heriso-Rafa-Zafra-Amar-Barcelona1.thigh_-1024x683.jpg\" alt=\"\" class=\"wp-image-1742\" srcset=\"https:\/\/bcbnews.barcelonaturisme.com\/wp-content\/uploads\/2022\/06\/Heriso-Rafa-Zafra-Amar-Barcelona1.thigh_-1024x683.jpg 1024w, https:\/\/bcbnews.barcelonaturisme.com\/wp-content\/uploads\/2022\/06\/Heriso-Rafa-Zafra-Amar-Barcelona1.thigh_-300x200.jpg 300w, https:\/\/bcbnews.barcelonaturisme.com\/wp-content\/uploads\/2022\/06\/Heriso-Rafa-Zafra-Amar-Barcelona1.thigh_-768x512.jpg 768w, https:\/\/bcbnews.barcelonaturisme.com\/wp-content\/uploads\/2022\/06\/Heriso-Rafa-Zafra-Amar-Barcelona1.thigh_.jpg 1200w\" sizes=\"(max-width: 1024px) 100vw, 1024px\" \/><\/figure>\n<\/figure>\n<\/div>\n<\/div>\n\n\n\n<p>El restaurante toma el nombre del amor por la ciudad del cinco estrellas m\u00e1s antiguo de Barcelona y de la pasi\u00f3n de Zafra por los productos del mar. Basa su concepto en el prestigio de los ingredientes y la calidad de la cocci\u00f3n, as\u00ed como en el confort del espacio y la elegancia de <strong>El Palace Barcelona<\/strong>. Todo ello con un toque fresco, joven y renovado, que fluye y que no pesa al que lo disfruta. Con la gesti\u00f3n de este nuevo restaurante, Rafa Zafra quiere \u201caportar una cocina honesta, basada en la calidad del producto, apostando por la \u2018casualizaci\u00f3n\u2019 del lujo en un entorno \u00fanico y elegante\u201d.<\/p>\n\n\n\n<p>La carta de<strong> Amar Barcelona<\/strong> lleva el sello de <strong>Rafa Zafra<\/strong> y el de su amor por los productos del mar, con productos fetiche para Zafra como el caviar y las ostras, pero tambi\u00e9n con gui\u00f1os a los cl\u00e1sicos que formaron la carta del que fuera el Ritz de Barcelona, hoy El Palace Barcelona, o a la cocina tradicional catalana.\u00a0Las cocciones van desde el crudo al marinado, sin olvidar salazones, vapor, fritos y guisos, hasta llegar a la parte m\u00e1s extensa de la propuesta, protagonizada por las brasas. Los productos, en los que estacionalidad, temporada y origen son conceptos fundamentales, se sit\u00faan en el eje central de las recetas.<\/p>\n\n\n\n<p><strong>M\u00e1s informaci\u00f3n<\/strong>:<br>Tel. 931 039 988<br><a href=\"mailto:reservas@amarbarcelona.com\" target=\"_blank\" rel=\"noreferrer noopener\">reservas@amarbarcelona.com<\/a><\/p>\n","protected":false},"excerpt":{"rendered":"<p>El Palace Barcelona tiene nuevo restaurante: Amar Barcelona<\/p>\n","protected":false},"author":3,"featured_media":1737,"comment_status":"closed","ping_status":"closed","sticky":false,"template":"","format":"standard","meta":{"footnotes":""},"categories":[23],"tags":[],"capcalera":[],"class_list":["post-1745","post","type-post","status-publish","format-standard","has-post-thumbnail","hentry","category-actualidad-y-miembros"],"acf":[],"yoast_head":"<!-- This site is optimized with the Yoast SEO plugin v25.3 - https:\/\/yoast.com\/wordpress\/plugins\/seo\/ -->\n<title>Amar Barcelona a trav\u00e9s del paladar - Barcelona Convention Bureau<\/title>\n<meta name=\"robots\" content=\"index, follow, max-snippet:-1, max-image-preview:large, max-video-preview:-1\" \/>\n<link rel=\"canonical\" href=\"https:\/\/bcbnews.barcelonaturisme.com\/?p=1745&lang=es\" \/>\n<meta property=\"og:locale\" content=\"ca_ES\" \/>\n<meta property=\"og:type\" content=\"article\" \/>\n<meta property=\"og:title\" content=\"Amar Barcelona a trav\u00e9s del paladar - Barcelona Convention Bureau\" \/>\n<meta property=\"og:description\" content=\"El Palace Barcelona tiene nuevo restaurante: Amar Barcelona\" \/>\n<meta property=\"og:url\" content=\"https:\/\/bcbnews.barcelonaturisme.com\/?p=1745&amp;lang=es\" \/>\n<meta property=\"og:site_name\" content=\"Barcelona Convention Bureau\" \/>\n<meta property=\"article:published_time\" content=\"2022-06-09T08:30:00+00:00\" \/>\n<meta property=\"article:modified_time\" content=\"2022-06-14T14:47:59+00:00\" \/>\n<meta property=\"og:image\" content=\"https:\/\/bcbnews.barcelonaturisme.com\/wp-content\/uploads\/2022\/06\/foto-restaurant.jpg\" \/>\n\t<meta property=\"og:image:width\" content=\"1200\" \/>\n\t<meta property=\"og:image:height\" content=\"800\" \/>\n\t<meta property=\"og:image:type\" content=\"image\/jpeg\" \/>\n<meta name=\"author\" content=\"mcolomer\" \/>\n<meta name=\"twitter:card\" content=\"summary_large_image\" \/>\n<meta name=\"twitter:label1\" content=\"Escrit per\" \/>\n\t<meta name=\"twitter:data1\" content=\"mcolomer\" \/>\n\t<meta name=\"twitter:label2\" content=\"Temps estimat de lectura\" \/>\n\t<meta name=\"twitter:data2\" content=\"1 minut\" \/>\n<script type=\"application\/ld+json\" class=\"yoast-schema-graph\">{\"@context\":\"https:\/\/schema.org\",\"@graph\":[{\"@type\":\"Article\",\"@id\":\"https:\/\/bcbnews.barcelonaturisme.com\/?p=1745&lang=es#article\",\"isPartOf\":{\"@id\":\"https:\/\/bcbnews.barcelonaturisme.com\/?p=1745&lang=es\"},\"author\":{\"name\":\"mcolomer\",\"@id\":\"https:\/\/bcbnews.barcelonaturisme.com\/#\/schema\/person\/3fc6b66859de7d1dd2e84afaba046551\"},\"headline\":\"Amar Barcelona a trav\u00e9s del paladar\",\"datePublished\":\"2022-06-09T08:30:00+00:00\",\"dateModified\":\"2022-06-14T14:47:59+00:00\",\"mainEntityOfPage\":{\"@id\":\"https:\/\/bcbnews.barcelonaturisme.com\/?p=1745&lang=es\"},\"wordCount\":256,\"publisher\":{\"@id\":\"https:\/\/bcbnews.barcelonaturisme.com\/#organization\"},\"image\":{\"@id\":\"https:\/\/bcbnews.barcelonaturisme.com\/?p=1745&lang=es#primaryimage\"},\"thumbnailUrl\":\"https:\/\/bcbnews.barcelonaturisme.com\/wp-content\/uploads\/2022\/06\/foto-restaurant.jpg\",\"articleSection\":[\"Actualidad y Miembros\"],\"inLanguage\":\"ca\"},{\"@type\":\"WebPage\",\"@id\":\"https:\/\/bcbnews.barcelonaturisme.com\/?p=1745&lang=es\",\"url\":\"https:\/\/bcbnews.barcelonaturisme.com\/?p=1745&lang=es\",\"name\":\"Amar Barcelona a trav\u00e9s del paladar - Barcelona Convention Bureau\",\"isPartOf\":{\"@id\":\"https:\/\/bcbnews.barcelonaturisme.com\/#website\"},\"primaryImageOfPage\":{\"@id\":\"https:\/\/bcbnews.barcelonaturisme.com\/?p=1745&lang=es#primaryimage\"},\"image\":{\"@id\":\"https:\/\/bcbnews.barcelonaturisme.com\/?p=1745&lang=es#primaryimage\"},\"thumbnailUrl\":\"https:\/\/bcbnews.barcelonaturisme.com\/wp-content\/uploads\/2022\/06\/foto-restaurant.jpg\",\"datePublished\":\"2022-06-09T08:30:00+00:00\",\"dateModified\":\"2022-06-14T14:47:59+00:00\",\"breadcrumb\":{\"@id\":\"https:\/\/bcbnews.barcelonaturisme.com\/?p=1745&lang=es#breadcrumb\"},\"inLanguage\":\"ca\",\"potentialAction\":[{\"@type\":\"ReadAction\",\"target\":[\"https:\/\/bcbnews.barcelonaturisme.com\/?p=1745&lang=es\"]}]},{\"@type\":\"ImageObject\",\"inLanguage\":\"ca\",\"@id\":\"https:\/\/bcbnews.barcelonaturisme.com\/?p=1745&lang=es#primaryimage\",\"url\":\"https:\/\/bcbnews.barcelonaturisme.com\/wp-content\/uploads\/2022\/06\/foto-restaurant.jpg\",\"contentUrl\":\"https:\/\/bcbnews.barcelonaturisme.com\/wp-content\/uploads\/2022\/06\/foto-restaurant.jpg\",\"width\":1200,\"height\":800},{\"@type\":\"BreadcrumbList\",\"@id\":\"https:\/\/bcbnews.barcelonaturisme.com\/?p=1745&lang=es#breadcrumb\",\"itemListElement\":[{\"@type\":\"ListItem\",\"position\":1,\"name\":\"Inici\",\"item\":\"https:\/\/bcbnews.barcelonaturisme.com\/\"},{\"@type\":\"ListItem\",\"position\":2,\"name\":\"Amar Barcelona a trav\u00e9s del paladar\"}]},{\"@type\":\"WebSite\",\"@id\":\"https:\/\/bcbnews.barcelonaturisme.com\/#website\",\"url\":\"https:\/\/bcbnews.barcelonaturisme.com\/\",\"name\":\"BCB News \/ Barcelona Convention Bureau\",\"description\":\"BCB Magazine\",\"publisher\":{\"@id\":\"https:\/\/bcbnews.barcelonaturisme.com\/#organization\"},\"potentialAction\":[{\"@type\":\"SearchAction\",\"target\":{\"@type\":\"EntryPoint\",\"urlTemplate\":\"https:\/\/bcbnews.barcelonaturisme.com\/?s={search_term_string}\"},\"query-input\":{\"@type\":\"PropertyValueSpecification\",\"valueRequired\":true,\"valueName\":\"search_term_string\"}}],\"inLanguage\":\"ca\"},{\"@type\":\"Organization\",\"@id\":\"https:\/\/bcbnews.barcelonaturisme.com\/#organization\",\"name\":\"BCB News \/ Barcelona Convention Bureau\",\"url\":\"https:\/\/bcbnews.barcelonaturisme.com\/\",\"logo\":{\"@type\":\"ImageObject\",\"inLanguage\":\"ca\",\"@id\":\"https:\/\/bcbnews.barcelonaturisme.com\/#\/schema\/logo\/image\/\",\"url\":\"https:\/\/bcbnews.barcelonaturisme.com\/wp-content\/uploads\/2021\/12\/BCB_logo.png\",\"contentUrl\":\"https:\/\/bcbnews.barcelonaturisme.com\/wp-content\/uploads\/2021\/12\/BCB_logo.png\",\"width\":543,\"height\":166,\"caption\":\"BCB News \/ Barcelona Convention Bureau\"},\"image\":{\"@id\":\"https:\/\/bcbnews.barcelonaturisme.com\/#\/schema\/logo\/image\/\"}},{\"@type\":\"Person\",\"@id\":\"https:\/\/bcbnews.barcelonaturisme.com\/#\/schema\/person\/3fc6b66859de7d1dd2e84afaba046551\",\"name\":\"mcolomer\",\"url\":\"https:\/\/bcbnews.barcelonaturisme.com\/?author=3\"}]}<\/script>\n<!-- \/ Yoast SEO plugin. -->","yoast_head_json":{"title":"Amar Barcelona a trav\u00e9s del paladar - Barcelona Convention Bureau","robots":{"index":"index","follow":"follow","max-snippet":"max-snippet:-1","max-image-preview":"max-image-preview:large","max-video-preview":"max-video-preview:-1"},"canonical":"https:\/\/bcbnews.barcelonaturisme.com\/?p=1745&lang=es","og_locale":"ca_ES","og_type":"article","og_title":"Amar Barcelona a trav\u00e9s del paladar - Barcelona Convention Bureau","og_description":"El Palace Barcelona tiene nuevo restaurante: Amar Barcelona","og_url":"https:\/\/bcbnews.barcelonaturisme.com\/?p=1745&lang=es","og_site_name":"Barcelona Convention Bureau","article_published_time":"2022-06-09T08:30:00+00:00","article_modified_time":"2022-06-14T14:47:59+00:00","og_image":[{"width":1200,"height":800,"url":"https:\/\/bcbnews.barcelonaturisme.com\/wp-content\/uploads\/2022\/06\/foto-restaurant.jpg","type":"image\/jpeg"}],"author":"mcolomer","twitter_card":"summary_large_image","twitter_misc":{"Escrit per":"mcolomer","Temps estimat de lectura":"1 minut"},"schema":{"@context":"https:\/\/schema.org","@graph":[{"@type":"Article","@id":"https:\/\/bcbnews.barcelonaturisme.com\/?p=1745&lang=es#article","isPartOf":{"@id":"https:\/\/bcbnews.barcelonaturisme.com\/?p=1745&lang=es"},"author":{"name":"mcolomer","@id":"https:\/\/bcbnews.barcelonaturisme.com\/#\/schema\/person\/3fc6b66859de7d1dd2e84afaba046551"},"headline":"Amar Barcelona a trav\u00e9s del paladar","datePublished":"2022-06-09T08:30:00+00:00","dateModified":"2022-06-14T14:47:59+00:00","mainEntityOfPage":{"@id":"https:\/\/bcbnews.barcelonaturisme.com\/?p=1745&lang=es"},"wordCount":256,"publisher":{"@id":"https:\/\/bcbnews.barcelonaturisme.com\/#organization"},"image":{"@id":"https:\/\/bcbnews.barcelonaturisme.com\/?p=1745&lang=es#primaryimage"},"thumbnailUrl":"https:\/\/bcbnews.barcelonaturisme.com\/wp-content\/uploads\/2022\/06\/foto-restaurant.jpg","articleSection":["Actualidad y Miembros"],"inLanguage":"ca"},{"@type":"WebPage","@id":"https:\/\/bcbnews.barcelonaturisme.com\/?p=1745&lang=es","url":"https:\/\/bcbnews.barcelonaturisme.com\/?p=1745&lang=es","name":"Amar Barcelona a trav\u00e9s del paladar - Barcelona Convention Bureau","isPartOf":{"@id":"https:\/\/bcbnews.barcelonaturisme.com\/#website"},"primaryImageOfPage":{"@id":"https:\/\/bcbnews.barcelonaturisme.com\/?p=1745&lang=es#primaryimage"},"image":{"@id":"https:\/\/bcbnews.barcelonaturisme.com\/?p=1745&lang=es#primaryimage"},"thumbnailUrl":"https:\/\/bcbnews.barcelonaturisme.com\/wp-content\/uploads\/2022\/06\/foto-restaurant.jpg","datePublished":"2022-06-09T08:30:00+00:00","dateModified":"2022-06-14T14:47:59+00:00","breadcrumb":{"@id":"https:\/\/bcbnews.barcelonaturisme.com\/?p=1745&lang=es#breadcrumb"},"inLanguage":"ca","potentialAction":[{"@type":"ReadAction","target":["https:\/\/bcbnews.barcelonaturisme.com\/?p=1745&lang=es"]}]},{"@type":"ImageObject","inLanguage":"ca","@id":"https:\/\/bcbnews.barcelonaturisme.com\/?p=1745&lang=es#primaryimage","url":"https:\/\/bcbnews.barcelonaturisme.com\/wp-content\/uploads\/2022\/06\/foto-restaurant.jpg","contentUrl":"https:\/\/bcbnews.barcelonaturisme.com\/wp-content\/uploads\/2022\/06\/foto-restaurant.jpg","width":1200,"height":800},{"@type":"BreadcrumbList","@id":"https:\/\/bcbnews.barcelonaturisme.com\/?p=1745&lang=es#breadcrumb","itemListElement":[{"@type":"ListItem","position":1,"name":"Inici","item":"https:\/\/bcbnews.barcelonaturisme.com\/"},{"@type":"ListItem","position":2,"name":"Amar Barcelona a trav\u00e9s del paladar"}]},{"@type":"WebSite","@id":"https:\/\/bcbnews.barcelonaturisme.com\/#website","url":"https:\/\/bcbnews.barcelonaturisme.com\/","name":"BCB News \/ Barcelona Convention Bureau","description":"BCB Magazine","publisher":{"@id":"https:\/\/bcbnews.barcelonaturisme.com\/#organization"},"potentialAction":[{"@type":"SearchAction","target":{"@type":"EntryPoint","urlTemplate":"https:\/\/bcbnews.barcelonaturisme.com\/?s={search_term_string}"},"query-input":{"@type":"PropertyValueSpecification","valueRequired":true,"valueName":"search_term_string"}}],"inLanguage":"ca"},{"@type":"Organization","@id":"https:\/\/bcbnews.barcelonaturisme.com\/#organization","name":"BCB News \/ Barcelona Convention Bureau","url":"https:\/\/bcbnews.barcelonaturisme.com\/","logo":{"@type":"ImageObject","inLanguage":"ca","@id":"https:\/\/bcbnews.barcelonaturisme.com\/#\/schema\/logo\/image\/","url":"https:\/\/bcbnews.barcelonaturisme.com\/wp-content\/uploads\/2021\/12\/BCB_logo.png","contentUrl":"https:\/\/bcbnews.barcelonaturisme.com\/wp-content\/uploads\/2021\/12\/BCB_logo.png","width":543,"height":166,"caption":"BCB News \/ Barcelona Convention Bureau"},"image":{"@id":"https:\/\/bcbnews.barcelonaturisme.com\/#\/schema\/logo\/image\/"}},{"@type":"Person","@id":"https:\/\/bcbnews.barcelonaturisme.com\/#\/schema\/person\/3fc6b66859de7d1dd2e84afaba046551","name":"mcolomer","url":"https:\/\/bcbnews.barcelonaturisme.com\/?author=3"}]}},"_links":{"self":[{"href":"https:\/\/bcbnews.barcelonaturisme.com\/index.php?rest_route=\/wp\/v2\/posts\/1745"}],"collection":[{"href":"https:\/\/bcbnews.barcelonaturisme.com\/index.php?rest_route=\/wp\/v2\/posts"}],"about":[{"href":"https:\/\/bcbnews.barcelonaturisme.com\/index.php?rest_route=\/wp\/v2\/types\/post"}],"author":[{"embeddable":true,"href":"https:\/\/bcbnews.barcelonaturisme.com\/index.php?rest_route=\/wp\/v2\/users\/3"}],"replies":[{"embeddable":true,"href":"https:\/\/bcbnews.barcelonaturisme.com\/index.php?rest_route=%2Fwp%2Fv2%2Fcomments&post=1745"}],"version-history":[{"count":0,"href":"https:\/\/bcbnews.barcelonaturisme.com\/index.php?rest_route=\/wp\/v2\/posts\/1745\/revisions"}],"wp:featuredmedia":[{"embeddable":true,"href":"https:\/\/bcbnews.barcelonaturisme.com\/index.php?rest_route=\/wp\/v2\/media\/1737"}],"wp:attachment":[{"href":"https:\/\/bcbnews.barcelonaturisme.com\/index.php?rest_route=%2Fwp%2Fv2%2Fmedia&parent=1745"}],"wp:term":[{"taxonomy":"category","embeddable":true,"href":"https:\/\/bcbnews.barcelonaturisme.com\/index.php?rest_route=%2Fwp%2Fv2%2Fcategories&post=1745"},{"taxonomy":"post_tag","embeddable":true,"href":"https:\/\/bcbnews.barcelonaturisme.com\/index.php?rest_route=%2Fwp%2Fv2%2Ftags&post=1745"},{"taxonomy":"capcalera","embeddable":true,"href":"https:\/\/bcbnews.barcelonaturisme.com\/index.php?rest_route=%2Fwp%2Fv2%2Fcapcalera&post=1745"}],"curies":[{"name":"wp","href":"https:\/\/api.w.org\/{rel}","templated":true}]}}