{"id":2840,"date":"2022-11-15T09:44:50","date_gmt":"2022-11-15T08:44:50","guid":{"rendered":"https:\/\/bcbnews.barcelonaturisme.com\/?p=2840"},"modified":"2022-11-16T10:25:41","modified_gmt":"2022-11-16T09:25:41","slug":"el-marina-port-vell-passa-despecial-a-unic","status":"publish","type":"post","link":"https:\/\/bcbnews.barcelonaturisme.com\/?p=2840","title":{"rendered":"El Marina Port Vell passa d&#8217;especial a \u00fanic"},"content":{"rendered":"\n<p style=\"font-size:25px\"><strong>El projecte d&#8217;interiorisme consolida l&#8217;excel\u00b7l\u00e8ncia del venue<\/strong><\/p>\n\n\n\n<div class=\"wp-block-columns is-layout-flex wp-container-core-columns-is-layout-1 wp-block-columns-is-layout-flex\">\n<div class=\"wp-block-column is-layout-flow wp-block-column-is-layout-flow\">\n<figure class=\"wp-block-image size-full\"><img fetchpriority=\"high\" decoding=\"async\" width=\"575\" height=\"337\" src=\"https:\/\/bcbnews.barcelonaturisme.com\/wp-content\/uploads\/2022\/11\/MPV1.jpg\" alt=\"\" class=\"wp-image-2841\" srcset=\"https:\/\/bcbnews.barcelonaturisme.com\/wp-content\/uploads\/2022\/11\/MPV1.jpg 575w, https:\/\/bcbnews.barcelonaturisme.com\/wp-content\/uploads\/2022\/11\/MPV1-300x176.jpg 300w\" sizes=\"(max-width: 575px) 100vw, 575px\" \/><\/figure>\n<\/div>\n\n\n\n<div class=\"wp-block-column is-layout-flow wp-block-column-is-layout-flow\">\n<figure class=\"wp-block-image size-full\"><img decoding=\"async\" width=\"575\" height=\"337\" src=\"https:\/\/bcbnews.barcelonaturisme.com\/wp-content\/uploads\/2022\/11\/MPV2.jpg\" alt=\"\" class=\"wp-image-2843\" srcset=\"https:\/\/bcbnews.barcelonaturisme.com\/wp-content\/uploads\/2022\/11\/MPV2.jpg 575w, https:\/\/bcbnews.barcelonaturisme.com\/wp-content\/uploads\/2022\/11\/MPV2-300x176.jpg 300w\" sizes=\"(max-width: 575px) 100vw, 575px\" \/><\/figure>\n<\/div>\n<\/div>\n\n\n\n<p><strong>Marina Port Vell \u00e9s un escenari \u00fanic per a la celebraci\u00f3 d&#8217;esdeveniments.<\/strong> Els seus espais estan pensats per a oferir experi\u00e8ncies memorables als seus clients, i la inauguraci\u00f3 el passat mes de juny de la remodelaci\u00f3 de l&#8217;edifici The Gallery, deixa una nova sala de reunions VIP que dona ferm testimoniatge d\u2019aquest fet.<\/p>\n\n\n\n<p>L&#8217;aposta del Marina per aquest cuidat projecte d&#8217;interiorisme ha suposat <strong>la transformaci\u00f3 del seu hall d&#8217;entrada i l&#8217;habilitaci\u00f3 de nous espais disponibles per a reunions<\/strong>, amb la voluntat de millorar l&#8217;experi\u00e8ncia de client i consolidar l&#8217;excel\u00b7l\u00e8ncia del servei que presta actualment.<\/p>\n\n\n\n<p>L&#8217;objectiu del projecte d&#8217;interiorisme, liderat per l&#8217;estudi d&#8217;interiorisme barcelon\u00ed Alfons &amp; Dami\u00e1n, ha estat <strong>convertir el hall del The Gallery en la carta de presentaci\u00f3<\/strong> del Marina Port Vell, transmetent els conceptes d&#8217;eleg\u00e0ncia i qualitat que caracteritzen el Marina.<\/p>\n\n\n\n<p><strong>La nova sala VIP <\/strong>compta amb sistemes audiovisuals d&#8217;\u00faltima tecnologia de la m\u00e0 de Bang &amp; Olufsen. D&#8217;una banda, Beovision Harmony: una experi\u00e8ncia televisiva que porta la decoraci\u00f3 de qualsevol espai a un nivell superior, alhora que l&#8217;envolta d&#8217;un so impecable. D&#8217;altra banda, l&#8217;espai disposa del nou Beoplay A9, l&#8217;\u00faltima edici\u00f3 de l&#8217;ic\u00f2nic altaveu de la marca, \u00e0mpliament reconegut com una de les integracions de so i bellesa m\u00e9s distintives i reeixides del mercat fins avui.<\/p>\n\n\n\n<p>A m\u00e9s de l&#8217;espai The Sea Garden i el Blue Wave, ara, amb la nova remodelaci\u00f3, l&#8217;acc\u00e9s a <strong>la<\/strong> <strong>Sala Crew Lounge<\/strong>, situada a la punta de l&#8217;edifici The Gallery, ofereix un plus de sofisticaci\u00f3 als convidats. Aquest espai envidrat, que evoca amb la seva forma la proa d&#8217;un iot, permet tenir unes fant\u00e0stiques vistes de la marina i de la ciutat. Disposa de 200 m\u00b2 de superf\u00edcie i una capacitat per a 100 persones. I, finalment, l&#8217;espai compta amb una terrassa amb capacitat per a fins a 70 persones, podent adaptar tant la sala com la terrassa a les necessitats i aspiracions dels clients.<strong><\/strong><\/p>\n\n\n\n<p><strong>Per a m\u00e9s informaci\u00f3<\/strong>: <a href=\"http:\/\/www.marinaportvell.com\">www.marinaportvell.com<\/a><\/p>\n","protected":false},"excerpt":{"rendered":"<p>El projecte d&#8217;interiorisme consolida l&#8217;excel\u00b7l\u00e8ncia del venue<\/p>\n","protected":false},"author":3,"featured_media":2845,"comment_status":"closed","ping_status":"closed","sticky":false,"template":"","format":"standard","meta":{"footnotes":""},"categories":[2],"tags":[],"capcalera":[],"class_list":["post-2840","post","type-post","status-publish","format-standard","has-post-thumbnail","hentry","category-actualitat-i-membres"],"acf":[],"yoast_head":"<!-- This site is optimized with the Yoast SEO plugin v25.3 - https:\/\/yoast.com\/wordpress\/plugins\/seo\/ -->\n<title>El Marina Port Vell passa d&#039;especial a \u00fanic - Barcelona Convention Bureau<\/title>\n<meta name=\"robots\" content=\"index, follow, max-snippet:-1, max-image-preview:large, max-video-preview:-1\" \/>\n<link rel=\"canonical\" href=\"https:\/\/bcbnews.barcelonaturisme.com\/?p=2840\" \/>\n<meta property=\"og:locale\" content=\"ca_ES\" \/>\n<meta property=\"og:type\" content=\"article\" \/>\n<meta property=\"og:title\" content=\"El Marina Port Vell passa d&#039;especial a \u00fanic - Barcelona Convention Bureau\" \/>\n<meta property=\"og:description\" content=\"El projecte d&#039;interiorisme consolida l&#039;excel\u00b7l\u00e8ncia del venue\" \/>\n<meta property=\"og:url\" content=\"https:\/\/bcbnews.barcelonaturisme.com\/?p=2840\" \/>\n<meta property=\"og:site_name\" content=\"Barcelona Convention Bureau\" \/>\n<meta property=\"article:published_time\" content=\"2022-11-15T08:44:50+00:00\" \/>\n<meta property=\"article:modified_time\" content=\"2022-11-16T09:25:41+00:00\" \/>\n<meta property=\"og:image\" content=\"https:\/\/bcbnews.barcelonaturisme.com\/wp-content\/uploads\/2022\/11\/MPV3.jpg\" \/>\n\t<meta property=\"og:image:width\" content=\"1600\" \/>\n\t<meta property=\"og:image:height\" content=\"600\" \/>\n\t<meta property=\"og:image:type\" content=\"image\/jpeg\" \/>\n<meta name=\"author\" content=\"mcolomer\" \/>\n<meta name=\"twitter:card\" content=\"summary_large_image\" \/>\n<meta name=\"twitter:label1\" content=\"Escrit per\" \/>\n\t<meta name=\"twitter:data1\" content=\"mcolomer\" \/>\n\t<meta name=\"twitter:label2\" content=\"Temps estimat de lectura\" \/>\n\t<meta name=\"twitter:data2\" content=\"2 minuts\" \/>\n<script type=\"application\/ld+json\" class=\"yoast-schema-graph\">{\"@context\":\"https:\/\/schema.org\",\"@graph\":[{\"@type\":\"Article\",\"@id\":\"https:\/\/bcbnews.barcelonaturisme.com\/?p=2840#article\",\"isPartOf\":{\"@id\":\"https:\/\/bcbnews.barcelonaturisme.com\/?p=2840\"},\"author\":{\"name\":\"mcolomer\",\"@id\":\"https:\/\/bcbnews.barcelonaturisme.com\/#\/schema\/person\/3fc6b66859de7d1dd2e84afaba046551\"},\"headline\":\"El Marina Port Vell passa d&#8217;especial a \u00fanic\",\"datePublished\":\"2022-11-15T08:44:50+00:00\",\"dateModified\":\"2022-11-16T09:25:41+00:00\",\"mainEntityOfPage\":{\"@id\":\"https:\/\/bcbnews.barcelonaturisme.com\/?p=2840\"},\"wordCount\":379,\"publisher\":{\"@id\":\"https:\/\/bcbnews.barcelonaturisme.com\/#organization\"},\"image\":{\"@id\":\"https:\/\/bcbnews.barcelonaturisme.com\/?p=2840#primaryimage\"},\"thumbnailUrl\":\"https:\/\/bcbnews.barcelonaturisme.com\/wp-content\/uploads\/2022\/11\/MPV3.jpg\",\"articleSection\":[\"Actualitat i Membres\"],\"inLanguage\":\"ca\"},{\"@type\":\"WebPage\",\"@id\":\"https:\/\/bcbnews.barcelonaturisme.com\/?p=2840\",\"url\":\"https:\/\/bcbnews.barcelonaturisme.com\/?p=2840\",\"name\":\"El Marina Port Vell passa d'especial a \u00fanic - Barcelona Convention Bureau\",\"isPartOf\":{\"@id\":\"https:\/\/bcbnews.barcelonaturisme.com\/#website\"},\"primaryImageOfPage\":{\"@id\":\"https:\/\/bcbnews.barcelonaturisme.com\/?p=2840#primaryimage\"},\"image\":{\"@id\":\"https:\/\/bcbnews.barcelonaturisme.com\/?p=2840#primaryimage\"},\"thumbnailUrl\":\"https:\/\/bcbnews.barcelonaturisme.com\/wp-content\/uploads\/2022\/11\/MPV3.jpg\",\"datePublished\":\"2022-11-15T08:44:50+00:00\",\"dateModified\":\"2022-11-16T09:25:41+00:00\",\"breadcrumb\":{\"@id\":\"https:\/\/bcbnews.barcelonaturisme.com\/?p=2840#breadcrumb\"},\"inLanguage\":\"ca\",\"potentialAction\":[{\"@type\":\"ReadAction\",\"target\":[\"https:\/\/bcbnews.barcelonaturisme.com\/?p=2840\"]}]},{\"@type\":\"ImageObject\",\"inLanguage\":\"ca\",\"@id\":\"https:\/\/bcbnews.barcelonaturisme.com\/?p=2840#primaryimage\",\"url\":\"https:\/\/bcbnews.barcelonaturisme.com\/wp-content\/uploads\/2022\/11\/MPV3.jpg\",\"contentUrl\":\"https:\/\/bcbnews.barcelonaturisme.com\/wp-content\/uploads\/2022\/11\/MPV3.jpg\",\"width\":1600,\"height\":600},{\"@type\":\"BreadcrumbList\",\"@id\":\"https:\/\/bcbnews.barcelonaturisme.com\/?p=2840#breadcrumb\",\"itemListElement\":[{\"@type\":\"ListItem\",\"position\":1,\"name\":\"Inici\",\"item\":\"https:\/\/bcbnews.barcelonaturisme.com\/\"},{\"@type\":\"ListItem\",\"position\":2,\"name\":\"El Marina Port Vell passa d&#8217;especial a \u00fanic\"}]},{\"@type\":\"WebSite\",\"@id\":\"https:\/\/bcbnews.barcelonaturisme.com\/#website\",\"url\":\"https:\/\/bcbnews.barcelonaturisme.com\/\",\"name\":\"BCB News \/ Barcelona Convention Bureau\",\"description\":\"BCB Magazine\",\"publisher\":{\"@id\":\"https:\/\/bcbnews.barcelonaturisme.com\/#organization\"},\"potentialAction\":[{\"@type\":\"SearchAction\",\"target\":{\"@type\":\"EntryPoint\",\"urlTemplate\":\"https:\/\/bcbnews.barcelonaturisme.com\/?s={search_term_string}\"},\"query-input\":{\"@type\":\"PropertyValueSpecification\",\"valueRequired\":true,\"valueName\":\"search_term_string\"}}],\"inLanguage\":\"ca\"},{\"@type\":\"Organization\",\"@id\":\"https:\/\/bcbnews.barcelonaturisme.com\/#organization\",\"name\":\"BCB News \/ Barcelona Convention Bureau\",\"url\":\"https:\/\/bcbnews.barcelonaturisme.com\/\",\"logo\":{\"@type\":\"ImageObject\",\"inLanguage\":\"ca\",\"@id\":\"https:\/\/bcbnews.barcelonaturisme.com\/#\/schema\/logo\/image\/\",\"url\":\"https:\/\/bcbnews.barcelonaturisme.com\/wp-content\/uploads\/2021\/12\/BCB_logo.png\",\"contentUrl\":\"https:\/\/bcbnews.barcelonaturisme.com\/wp-content\/uploads\/2021\/12\/BCB_logo.png\",\"width\":543,\"height\":166,\"caption\":\"BCB News \/ Barcelona Convention Bureau\"},\"image\":{\"@id\":\"https:\/\/bcbnews.barcelonaturisme.com\/#\/schema\/logo\/image\/\"}},{\"@type\":\"Person\",\"@id\":\"https:\/\/bcbnews.barcelonaturisme.com\/#\/schema\/person\/3fc6b66859de7d1dd2e84afaba046551\",\"name\":\"mcolomer\",\"url\":\"https:\/\/bcbnews.barcelonaturisme.com\/?author=3\"}]}<\/script>\n<!-- \/ Yoast SEO plugin. -->","yoast_head_json":{"title":"El Marina Port Vell passa d'especial a \u00fanic - Barcelona Convention Bureau","robots":{"index":"index","follow":"follow","max-snippet":"max-snippet:-1","max-image-preview":"max-image-preview:large","max-video-preview":"max-video-preview:-1"},"canonical":"https:\/\/bcbnews.barcelonaturisme.com\/?p=2840","og_locale":"ca_ES","og_type":"article","og_title":"El Marina Port Vell passa d'especial a \u00fanic - Barcelona Convention Bureau","og_description":"El projecte d'interiorisme consolida l'excel\u00b7l\u00e8ncia del venue","og_url":"https:\/\/bcbnews.barcelonaturisme.com\/?p=2840","og_site_name":"Barcelona Convention Bureau","article_published_time":"2022-11-15T08:44:50+00:00","article_modified_time":"2022-11-16T09:25:41+00:00","og_image":[{"width":1600,"height":600,"url":"https:\/\/bcbnews.barcelonaturisme.com\/wp-content\/uploads\/2022\/11\/MPV3.jpg","type":"image\/jpeg"}],"author":"mcolomer","twitter_card":"summary_large_image","twitter_misc":{"Escrit per":"mcolomer","Temps estimat de lectura":"2 minuts"},"schema":{"@context":"https:\/\/schema.org","@graph":[{"@type":"Article","@id":"https:\/\/bcbnews.barcelonaturisme.com\/?p=2840#article","isPartOf":{"@id":"https:\/\/bcbnews.barcelonaturisme.com\/?p=2840"},"author":{"name":"mcolomer","@id":"https:\/\/bcbnews.barcelonaturisme.com\/#\/schema\/person\/3fc6b66859de7d1dd2e84afaba046551"},"headline":"El Marina Port Vell passa d&#8217;especial a \u00fanic","datePublished":"2022-11-15T08:44:50+00:00","dateModified":"2022-11-16T09:25:41+00:00","mainEntityOfPage":{"@id":"https:\/\/bcbnews.barcelonaturisme.com\/?p=2840"},"wordCount":379,"publisher":{"@id":"https:\/\/bcbnews.barcelonaturisme.com\/#organization"},"image":{"@id":"https:\/\/bcbnews.barcelonaturisme.com\/?p=2840#primaryimage"},"thumbnailUrl":"https:\/\/bcbnews.barcelonaturisme.com\/wp-content\/uploads\/2022\/11\/MPV3.jpg","articleSection":["Actualitat i Membres"],"inLanguage":"ca"},{"@type":"WebPage","@id":"https:\/\/bcbnews.barcelonaturisme.com\/?p=2840","url":"https:\/\/bcbnews.barcelonaturisme.com\/?p=2840","name":"El Marina Port Vell passa d'especial a \u00fanic - Barcelona Convention Bureau","isPartOf":{"@id":"https:\/\/bcbnews.barcelonaturisme.com\/#website"},"primaryImageOfPage":{"@id":"https:\/\/bcbnews.barcelonaturisme.com\/?p=2840#primaryimage"},"image":{"@id":"https:\/\/bcbnews.barcelonaturisme.com\/?p=2840#primaryimage"},"thumbnailUrl":"https:\/\/bcbnews.barcelonaturisme.com\/wp-content\/uploads\/2022\/11\/MPV3.jpg","datePublished":"2022-11-15T08:44:50+00:00","dateModified":"2022-11-16T09:25:41+00:00","breadcrumb":{"@id":"https:\/\/bcbnews.barcelonaturisme.com\/?p=2840#breadcrumb"},"inLanguage":"ca","potentialAction":[{"@type":"ReadAction","target":["https:\/\/bcbnews.barcelonaturisme.com\/?p=2840"]}]},{"@type":"ImageObject","inLanguage":"ca","@id":"https:\/\/bcbnews.barcelonaturisme.com\/?p=2840#primaryimage","url":"https:\/\/bcbnews.barcelonaturisme.com\/wp-content\/uploads\/2022\/11\/MPV3.jpg","contentUrl":"https:\/\/bcbnews.barcelonaturisme.com\/wp-content\/uploads\/2022\/11\/MPV3.jpg","width":1600,"height":600},{"@type":"BreadcrumbList","@id":"https:\/\/bcbnews.barcelonaturisme.com\/?p=2840#breadcrumb","itemListElement":[{"@type":"ListItem","position":1,"name":"Inici","item":"https:\/\/bcbnews.barcelonaturisme.com\/"},{"@type":"ListItem","position":2,"name":"El Marina Port Vell passa d&#8217;especial a \u00fanic"}]},{"@type":"WebSite","@id":"https:\/\/bcbnews.barcelonaturisme.com\/#website","url":"https:\/\/bcbnews.barcelonaturisme.com\/","name":"BCB News \/ Barcelona Convention Bureau","description":"BCB Magazine","publisher":{"@id":"https:\/\/bcbnews.barcelonaturisme.com\/#organization"},"potentialAction":[{"@type":"SearchAction","target":{"@type":"EntryPoint","urlTemplate":"https:\/\/bcbnews.barcelonaturisme.com\/?s={search_term_string}"},"query-input":{"@type":"PropertyValueSpecification","valueRequired":true,"valueName":"search_term_string"}}],"inLanguage":"ca"},{"@type":"Organization","@id":"https:\/\/bcbnews.barcelonaturisme.com\/#organization","name":"BCB News \/ Barcelona Convention Bureau","url":"https:\/\/bcbnews.barcelonaturisme.com\/","logo":{"@type":"ImageObject","inLanguage":"ca","@id":"https:\/\/bcbnews.barcelonaturisme.com\/#\/schema\/logo\/image\/","url":"https:\/\/bcbnews.barcelonaturisme.com\/wp-content\/uploads\/2021\/12\/BCB_logo.png","contentUrl":"https:\/\/bcbnews.barcelonaturisme.com\/wp-content\/uploads\/2021\/12\/BCB_logo.png","width":543,"height":166,"caption":"BCB News \/ Barcelona Convention Bureau"},"image":{"@id":"https:\/\/bcbnews.barcelonaturisme.com\/#\/schema\/logo\/image\/"}},{"@type":"Person","@id":"https:\/\/bcbnews.barcelonaturisme.com\/#\/schema\/person\/3fc6b66859de7d1dd2e84afaba046551","name":"mcolomer","url":"https:\/\/bcbnews.barcelonaturisme.com\/?author=3"}]}},"_links":{"self":[{"href":"https:\/\/bcbnews.barcelonaturisme.com\/index.php?rest_route=\/wp\/v2\/posts\/2840"}],"collection":[{"href":"https:\/\/bcbnews.barcelonaturisme.com\/index.php?rest_route=\/wp\/v2\/posts"}],"about":[{"href":"https:\/\/bcbnews.barcelonaturisme.com\/index.php?rest_route=\/wp\/v2\/types\/post"}],"author":[{"embeddable":true,"href":"https:\/\/bcbnews.barcelonaturisme.com\/index.php?rest_route=\/wp\/v2\/users\/3"}],"replies":[{"embeddable":true,"href":"https:\/\/bcbnews.barcelonaturisme.com\/index.php?rest_route=%2Fwp%2Fv2%2Fcomments&post=2840"}],"version-history":[{"count":0,"href":"https:\/\/bcbnews.barcelonaturisme.com\/index.php?rest_route=\/wp\/v2\/posts\/2840\/revisions"}],"wp:featuredmedia":[{"embeddable":true,"href":"https:\/\/bcbnews.barcelonaturisme.com\/index.php?rest_route=\/wp\/v2\/media\/2845"}],"wp:attachment":[{"href":"https:\/\/bcbnews.barcelonaturisme.com\/index.php?rest_route=%2Fwp%2Fv2%2Fmedia&parent=2840"}],"wp:term":[{"taxonomy":"category","embeddable":true,"href":"https:\/\/bcbnews.barcelonaturisme.com\/index.php?rest_route=%2Fwp%2Fv2%2Fcategories&post=2840"},{"taxonomy":"post_tag","embeddable":true,"href":"https:\/\/bcbnews.barcelonaturisme.com\/index.php?rest_route=%2Fwp%2Fv2%2Ftags&post=2840"},{"taxonomy":"capcalera","embeddable":true,"href":"https:\/\/bcbnews.barcelonaturisme.com\/index.php?rest_route=%2Fwp%2Fv2%2Fcapcalera&post=2840"}],"curies":[{"name":"wp","href":"https:\/\/api.w.org\/{rel}","templated":true}]}}