{"id":2848,"date":"2022-11-15T09:44:50","date_gmt":"2022-11-15T08:44:50","guid":{"rendered":"https:\/\/bcbnews.barcelonaturisme.com\/?p=2848"},"modified":"2022-11-16T10:26:15","modified_gmt":"2022-11-16T09:26:15","slug":"el-marina-port-vell-passa-despecial-a-unic","status":"publish","type":"post","link":"https:\/\/bcbnews.barcelonaturisme.com\/?p=2848&lang=es","title":{"rendered":"El Marina Port Vell pasa de especial a \u00fanico"},"content":{"rendered":"\n<p style=\"font-size:25px\"><strong>El proyecto de interiorismo consolida la excelencia del venue<\/strong><\/p>\n\n\n\n<div class=\"wp-block-columns is-layout-flex wp-container-core-columns-is-layout-1 wp-block-columns-is-layout-flex\">\n<div class=\"wp-block-column is-layout-flow wp-block-column-is-layout-flow\">\n<figure class=\"wp-block-image size-full\"><img fetchpriority=\"high\" decoding=\"async\" width=\"575\" height=\"337\" src=\"https:\/\/bcbnews.barcelonaturisme.com\/wp-content\/uploads\/2022\/11\/MPV1.jpg\" alt=\"\" class=\"wp-image-2841\" srcset=\"https:\/\/bcbnews.barcelonaturisme.com\/wp-content\/uploads\/2022\/11\/MPV1.jpg 575w, https:\/\/bcbnews.barcelonaturisme.com\/wp-content\/uploads\/2022\/11\/MPV1-300x176.jpg 300w\" sizes=\"(max-width: 575px) 100vw, 575px\" \/><\/figure>\n<\/div>\n\n\n\n<div class=\"wp-block-column is-layout-flow wp-block-column-is-layout-flow\">\n<figure class=\"wp-block-image size-full\"><img decoding=\"async\" width=\"575\" height=\"337\" src=\"https:\/\/bcbnews.barcelonaturisme.com\/wp-content\/uploads\/2022\/11\/MPV2.jpg\" alt=\"\" class=\"wp-image-2843\" srcset=\"https:\/\/bcbnews.barcelonaturisme.com\/wp-content\/uploads\/2022\/11\/MPV2.jpg 575w, https:\/\/bcbnews.barcelonaturisme.com\/wp-content\/uploads\/2022\/11\/MPV2-300x176.jpg 300w\" sizes=\"(max-width: 575px) 100vw, 575px\" \/><\/figure>\n<\/div>\n<\/div>\n\n\n\n<p><strong>Marina Port Vell es un escenario \u00fanico para la celebraci\u00f3n de eventos<\/strong>. Sus espacios est\u00e1n pensados para ofrecer experiencias memorables a sus clientes, y la inauguraci\u00f3n el pasado mes de junio de la remodelaci\u00f3n del edificio The Gallery, deja una nueva sala de reuniones VIP que da firme testimonio de ello. La apuesta del Marina por este cuidado proyecto de interiorismo ha supuesto <strong>la transformaci\u00f3n de su hall de entrada y la habilitaci\u00f3n de nuevos espacios disponibles<\/strong> <strong>para reuniones<\/strong>, con la voluntad de mejorar la experiencia de cliente y consolidar la excelencia del servicio que presta actualmente.<\/p>\n\n\n\n<p>El objetivo del proyecto de interiorismo, liderado por el estudio de interiorismo barcelon\u00e9s Alfons &amp; Dami\u00e1n, ha sido <strong>convertir el hall del The Gallery en la carta de presentaci\u00f3n<\/strong> del Marina Port Vell, transmitiendo los conceptos de elegancia y calidad que caracterizan el Marina.<\/p>\n\n\n\n<p><strong>La nueva sala VIP<\/strong> cuenta con sistemas audiovisuales de \u00faltima tecnolog\u00eda de la mano de Bang &amp; Olufsen. Por un lado, Beovision Harmony: una experiencia televisiva que lleva la decoraci\u00f3n de cualquier espacio a un nivel superior, a la vez que lo envuelve de un sonido impecable. Por otro lado, el espacio dispone del nuevo Beoplay A9, la \u00faltima edici\u00f3n del ic\u00f3nico altavoz de la firma, ampliamente reconocido como una de las integraciones de sonido y belleza m\u00e1s distintivas y exitosas del mercado hasta la fecha.<\/p>\n\n\n\n<p>Adem\u00e1s del espacio The Sea Garden y el Blue Wave, ahora, con la nueva remodelaci\u00f3n, el acceso a <strong>la Sala Crew Lounge<\/strong>, en la punta del edificio The Gallery, ofrece un plus de sofisticaci\u00f3n a los invitados. Este espacio acristalado, que evoca con su forma la proa de un yate, permite tener unas fant\u00e1sticas vistas de la marina y de la ciudad. Dispone de 200 m2 de superficie y una capacidad para 100 personas. Y, por \u00faltimo, el espacio cuenta con una terraza con capacidad para hasta 70 personas, pudiendo adaptar tanto la sala como la terraza a las necesidades y aspiraciones de los clientes.<\/p>\n\n\n\n<p><strong>M\u00e1s informaci\u00f3n: <\/strong><a href=\"http:\/\/www.marinaportvell.com\">www.marinaportvell.com<\/a><\/p>\n","protected":false},"excerpt":{"rendered":"<p>El proyecto de interiorismo consolida la excelencia del venue<\/p>\n","protected":false},"author":3,"featured_media":2846,"comment_status":"closed","ping_status":"closed","sticky":false,"template":"","format":"standard","meta":{"footnotes":""},"categories":[23],"tags":[],"capcalera":[],"class_list":["post-2848","post","type-post","status-publish","format-standard","has-post-thumbnail","hentry","category-actualidad-y-miembros"],"acf":[],"yoast_head":"<!-- This site is optimized with the Yoast SEO plugin v25.3 - https:\/\/yoast.com\/wordpress\/plugins\/seo\/ -->\n<title>El Marina Port Vell pasa de especial a \u00fanico - Barcelona Convention Bureau<\/title>\n<meta name=\"robots\" content=\"index, follow, max-snippet:-1, max-image-preview:large, max-video-preview:-1\" \/>\n<link rel=\"canonical\" href=\"https:\/\/bcbnews.barcelonaturisme.com\/?p=2848&lang=es\" \/>\n<meta property=\"og:locale\" content=\"ca_ES\" \/>\n<meta property=\"og:type\" content=\"article\" \/>\n<meta property=\"og:title\" content=\"El Marina Port Vell pasa de especial a \u00fanico - Barcelona Convention Bureau\" \/>\n<meta property=\"og:description\" content=\"El proyecto de interiorismo consolida la excelencia del venue\" \/>\n<meta property=\"og:url\" content=\"https:\/\/bcbnews.barcelonaturisme.com\/?p=2848&amp;lang=es\" \/>\n<meta property=\"og:site_name\" content=\"Barcelona Convention Bureau\" \/>\n<meta property=\"article:published_time\" content=\"2022-11-15T08:44:50+00:00\" \/>\n<meta property=\"article:modified_time\" content=\"2022-11-16T09:26:15+00:00\" \/>\n<meta property=\"og:image\" content=\"https:\/\/bcbnews.barcelonaturisme.com\/wp-content\/uploads\/2022\/11\/MPV3.jpg\" \/>\n\t<meta property=\"og:image:width\" content=\"1600\" \/>\n\t<meta property=\"og:image:height\" content=\"600\" \/>\n\t<meta property=\"og:image:type\" content=\"image\/jpeg\" \/>\n<meta name=\"author\" content=\"mcolomer\" \/>\n<meta name=\"twitter:card\" content=\"summary_large_image\" \/>\n<meta name=\"twitter:label1\" content=\"Escrit per\" \/>\n\t<meta name=\"twitter:data1\" content=\"mcolomer\" \/>\n\t<meta name=\"twitter:label2\" content=\"Temps estimat de lectura\" \/>\n\t<meta name=\"twitter:data2\" content=\"2 minuts\" \/>\n<script type=\"application\/ld+json\" class=\"yoast-schema-graph\">{\"@context\":\"https:\/\/schema.org\",\"@graph\":[{\"@type\":\"Article\",\"@id\":\"https:\/\/bcbnews.barcelonaturisme.com\/?p=2848&lang=es#article\",\"isPartOf\":{\"@id\":\"https:\/\/bcbnews.barcelonaturisme.com\/?p=2848&lang=es\"},\"author\":{\"name\":\"mcolomer\",\"@id\":\"https:\/\/bcbnews.barcelonaturisme.com\/#\/schema\/person\/3fc6b66859de7d1dd2e84afaba046551\"},\"headline\":\"El Marina Port Vell pasa de especial a \u00fanico\",\"datePublished\":\"2022-11-15T08:44:50+00:00\",\"dateModified\":\"2022-11-16T09:26:15+00:00\",\"mainEntityOfPage\":{\"@id\":\"https:\/\/bcbnews.barcelonaturisme.com\/?p=2848&lang=es\"},\"wordCount\":372,\"publisher\":{\"@id\":\"https:\/\/bcbnews.barcelonaturisme.com\/#organization\"},\"image\":{\"@id\":\"https:\/\/bcbnews.barcelonaturisme.com\/?p=2848&lang=es#primaryimage\"},\"thumbnailUrl\":\"https:\/\/bcbnews.barcelonaturisme.com\/wp-content\/uploads\/2022\/11\/MPV3.jpg\",\"articleSection\":[\"Actualidad y Miembros\"],\"inLanguage\":\"ca\"},{\"@type\":\"WebPage\",\"@id\":\"https:\/\/bcbnews.barcelonaturisme.com\/?p=2848&lang=es\",\"url\":\"https:\/\/bcbnews.barcelonaturisme.com\/?p=2848&lang=es\",\"name\":\"El Marina Port Vell pasa de especial a \u00fanico - Barcelona Convention Bureau\",\"isPartOf\":{\"@id\":\"https:\/\/bcbnews.barcelonaturisme.com\/#website\"},\"primaryImageOfPage\":{\"@id\":\"https:\/\/bcbnews.barcelonaturisme.com\/?p=2848&lang=es#primaryimage\"},\"image\":{\"@id\":\"https:\/\/bcbnews.barcelonaturisme.com\/?p=2848&lang=es#primaryimage\"},\"thumbnailUrl\":\"https:\/\/bcbnews.barcelonaturisme.com\/wp-content\/uploads\/2022\/11\/MPV3.jpg\",\"datePublished\":\"2022-11-15T08:44:50+00:00\",\"dateModified\":\"2022-11-16T09:26:15+00:00\",\"breadcrumb\":{\"@id\":\"https:\/\/bcbnews.barcelonaturisme.com\/?p=2848&lang=es#breadcrumb\"},\"inLanguage\":\"ca\",\"potentialAction\":[{\"@type\":\"ReadAction\",\"target\":[\"https:\/\/bcbnews.barcelonaturisme.com\/?p=2848&lang=es\"]}]},{\"@type\":\"ImageObject\",\"inLanguage\":\"ca\",\"@id\":\"https:\/\/bcbnews.barcelonaturisme.com\/?p=2848&lang=es#primaryimage\",\"url\":\"https:\/\/bcbnews.barcelonaturisme.com\/wp-content\/uploads\/2022\/11\/MPV3.jpg\",\"contentUrl\":\"https:\/\/bcbnews.barcelonaturisme.com\/wp-content\/uploads\/2022\/11\/MPV3.jpg\",\"width\":1600,\"height\":600},{\"@type\":\"BreadcrumbList\",\"@id\":\"https:\/\/bcbnews.barcelonaturisme.com\/?p=2848&lang=es#breadcrumb\",\"itemListElement\":[{\"@type\":\"ListItem\",\"position\":1,\"name\":\"Inici\",\"item\":\"https:\/\/bcbnews.barcelonaturisme.com\/\"},{\"@type\":\"ListItem\",\"position\":2,\"name\":\"El Marina Port Vell pasa de especial a \u00fanico\"}]},{\"@type\":\"WebSite\",\"@id\":\"https:\/\/bcbnews.barcelonaturisme.com\/#website\",\"url\":\"https:\/\/bcbnews.barcelonaturisme.com\/\",\"name\":\"BCB News \/ Barcelona Convention Bureau\",\"description\":\"BCB Magazine\",\"publisher\":{\"@id\":\"https:\/\/bcbnews.barcelonaturisme.com\/#organization\"},\"potentialAction\":[{\"@type\":\"SearchAction\",\"target\":{\"@type\":\"EntryPoint\",\"urlTemplate\":\"https:\/\/bcbnews.barcelonaturisme.com\/?s={search_term_string}\"},\"query-input\":{\"@type\":\"PropertyValueSpecification\",\"valueRequired\":true,\"valueName\":\"search_term_string\"}}],\"inLanguage\":\"ca\"},{\"@type\":\"Organization\",\"@id\":\"https:\/\/bcbnews.barcelonaturisme.com\/#organization\",\"name\":\"BCB News \/ Barcelona Convention Bureau\",\"url\":\"https:\/\/bcbnews.barcelonaturisme.com\/\",\"logo\":{\"@type\":\"ImageObject\",\"inLanguage\":\"ca\",\"@id\":\"https:\/\/bcbnews.barcelonaturisme.com\/#\/schema\/logo\/image\/\",\"url\":\"https:\/\/bcbnews.barcelonaturisme.com\/wp-content\/uploads\/2021\/12\/BCB_logo.png\",\"contentUrl\":\"https:\/\/bcbnews.barcelonaturisme.com\/wp-content\/uploads\/2021\/12\/BCB_logo.png\",\"width\":543,\"height\":166,\"caption\":\"BCB News \/ Barcelona Convention Bureau\"},\"image\":{\"@id\":\"https:\/\/bcbnews.barcelonaturisme.com\/#\/schema\/logo\/image\/\"}},{\"@type\":\"Person\",\"@id\":\"https:\/\/bcbnews.barcelonaturisme.com\/#\/schema\/person\/3fc6b66859de7d1dd2e84afaba046551\",\"name\":\"mcolomer\",\"url\":\"https:\/\/bcbnews.barcelonaturisme.com\/?author=3\"}]}<\/script>\n<!-- \/ Yoast SEO plugin. -->","yoast_head_json":{"title":"El Marina Port Vell pasa de especial a \u00fanico - Barcelona Convention Bureau","robots":{"index":"index","follow":"follow","max-snippet":"max-snippet:-1","max-image-preview":"max-image-preview:large","max-video-preview":"max-video-preview:-1"},"canonical":"https:\/\/bcbnews.barcelonaturisme.com\/?p=2848&lang=es","og_locale":"ca_ES","og_type":"article","og_title":"El Marina Port Vell pasa de especial a \u00fanico - Barcelona Convention Bureau","og_description":"El proyecto de interiorismo consolida la excelencia del venue","og_url":"https:\/\/bcbnews.barcelonaturisme.com\/?p=2848&lang=es","og_site_name":"Barcelona Convention Bureau","article_published_time":"2022-11-15T08:44:50+00:00","article_modified_time":"2022-11-16T09:26:15+00:00","og_image":[{"width":1600,"height":600,"url":"https:\/\/bcbnews.barcelonaturisme.com\/wp-content\/uploads\/2022\/11\/MPV3.jpg","type":"image\/jpeg"}],"author":"mcolomer","twitter_card":"summary_large_image","twitter_misc":{"Escrit per":"mcolomer","Temps estimat de lectura":"2 minuts"},"schema":{"@context":"https:\/\/schema.org","@graph":[{"@type":"Article","@id":"https:\/\/bcbnews.barcelonaturisme.com\/?p=2848&lang=es#article","isPartOf":{"@id":"https:\/\/bcbnews.barcelonaturisme.com\/?p=2848&lang=es"},"author":{"name":"mcolomer","@id":"https:\/\/bcbnews.barcelonaturisme.com\/#\/schema\/person\/3fc6b66859de7d1dd2e84afaba046551"},"headline":"El Marina Port Vell pasa de especial a \u00fanico","datePublished":"2022-11-15T08:44:50+00:00","dateModified":"2022-11-16T09:26:15+00:00","mainEntityOfPage":{"@id":"https:\/\/bcbnews.barcelonaturisme.com\/?p=2848&lang=es"},"wordCount":372,"publisher":{"@id":"https:\/\/bcbnews.barcelonaturisme.com\/#organization"},"image":{"@id":"https:\/\/bcbnews.barcelonaturisme.com\/?p=2848&lang=es#primaryimage"},"thumbnailUrl":"https:\/\/bcbnews.barcelonaturisme.com\/wp-content\/uploads\/2022\/11\/MPV3.jpg","articleSection":["Actualidad y Miembros"],"inLanguage":"ca"},{"@type":"WebPage","@id":"https:\/\/bcbnews.barcelonaturisme.com\/?p=2848&lang=es","url":"https:\/\/bcbnews.barcelonaturisme.com\/?p=2848&lang=es","name":"El Marina Port Vell pasa de especial a \u00fanico - Barcelona Convention Bureau","isPartOf":{"@id":"https:\/\/bcbnews.barcelonaturisme.com\/#website"},"primaryImageOfPage":{"@id":"https:\/\/bcbnews.barcelonaturisme.com\/?p=2848&lang=es#primaryimage"},"image":{"@id":"https:\/\/bcbnews.barcelonaturisme.com\/?p=2848&lang=es#primaryimage"},"thumbnailUrl":"https:\/\/bcbnews.barcelonaturisme.com\/wp-content\/uploads\/2022\/11\/MPV3.jpg","datePublished":"2022-11-15T08:44:50+00:00","dateModified":"2022-11-16T09:26:15+00:00","breadcrumb":{"@id":"https:\/\/bcbnews.barcelonaturisme.com\/?p=2848&lang=es#breadcrumb"},"inLanguage":"ca","potentialAction":[{"@type":"ReadAction","target":["https:\/\/bcbnews.barcelonaturisme.com\/?p=2848&lang=es"]}]},{"@type":"ImageObject","inLanguage":"ca","@id":"https:\/\/bcbnews.barcelonaturisme.com\/?p=2848&lang=es#primaryimage","url":"https:\/\/bcbnews.barcelonaturisme.com\/wp-content\/uploads\/2022\/11\/MPV3.jpg","contentUrl":"https:\/\/bcbnews.barcelonaturisme.com\/wp-content\/uploads\/2022\/11\/MPV3.jpg","width":1600,"height":600},{"@type":"BreadcrumbList","@id":"https:\/\/bcbnews.barcelonaturisme.com\/?p=2848&lang=es#breadcrumb","itemListElement":[{"@type":"ListItem","position":1,"name":"Inici","item":"https:\/\/bcbnews.barcelonaturisme.com\/"},{"@type":"ListItem","position":2,"name":"El Marina Port Vell pasa de especial a \u00fanico"}]},{"@type":"WebSite","@id":"https:\/\/bcbnews.barcelonaturisme.com\/#website","url":"https:\/\/bcbnews.barcelonaturisme.com\/","name":"BCB News \/ Barcelona Convention Bureau","description":"BCB Magazine","publisher":{"@id":"https:\/\/bcbnews.barcelonaturisme.com\/#organization"},"potentialAction":[{"@type":"SearchAction","target":{"@type":"EntryPoint","urlTemplate":"https:\/\/bcbnews.barcelonaturisme.com\/?s={search_term_string}"},"query-input":{"@type":"PropertyValueSpecification","valueRequired":true,"valueName":"search_term_string"}}],"inLanguage":"ca"},{"@type":"Organization","@id":"https:\/\/bcbnews.barcelonaturisme.com\/#organization","name":"BCB News \/ Barcelona Convention Bureau","url":"https:\/\/bcbnews.barcelonaturisme.com\/","logo":{"@type":"ImageObject","inLanguage":"ca","@id":"https:\/\/bcbnews.barcelonaturisme.com\/#\/schema\/logo\/image\/","url":"https:\/\/bcbnews.barcelonaturisme.com\/wp-content\/uploads\/2021\/12\/BCB_logo.png","contentUrl":"https:\/\/bcbnews.barcelonaturisme.com\/wp-content\/uploads\/2021\/12\/BCB_logo.png","width":543,"height":166,"caption":"BCB News \/ Barcelona Convention Bureau"},"image":{"@id":"https:\/\/bcbnews.barcelonaturisme.com\/#\/schema\/logo\/image\/"}},{"@type":"Person","@id":"https:\/\/bcbnews.barcelonaturisme.com\/#\/schema\/person\/3fc6b66859de7d1dd2e84afaba046551","name":"mcolomer","url":"https:\/\/bcbnews.barcelonaturisme.com\/?author=3"}]}},"_links":{"self":[{"href":"https:\/\/bcbnews.barcelonaturisme.com\/index.php?rest_route=\/wp\/v2\/posts\/2848"}],"collection":[{"href":"https:\/\/bcbnews.barcelonaturisme.com\/index.php?rest_route=\/wp\/v2\/posts"}],"about":[{"href":"https:\/\/bcbnews.barcelonaturisme.com\/index.php?rest_route=\/wp\/v2\/types\/post"}],"author":[{"embeddable":true,"href":"https:\/\/bcbnews.barcelonaturisme.com\/index.php?rest_route=\/wp\/v2\/users\/3"}],"replies":[{"embeddable":true,"href":"https:\/\/bcbnews.barcelonaturisme.com\/index.php?rest_route=%2Fwp%2Fv2%2Fcomments&post=2848"}],"version-history":[{"count":0,"href":"https:\/\/bcbnews.barcelonaturisme.com\/index.php?rest_route=\/wp\/v2\/posts\/2848\/revisions"}],"wp:featuredmedia":[{"embeddable":true,"href":"https:\/\/bcbnews.barcelonaturisme.com\/index.php?rest_route=\/wp\/v2\/media\/2846"}],"wp:attachment":[{"href":"https:\/\/bcbnews.barcelonaturisme.com\/index.php?rest_route=%2Fwp%2Fv2%2Fmedia&parent=2848"}],"wp:term":[{"taxonomy":"category","embeddable":true,"href":"https:\/\/bcbnews.barcelonaturisme.com\/index.php?rest_route=%2Fwp%2Fv2%2Fcategories&post=2848"},{"taxonomy":"post_tag","embeddable":true,"href":"https:\/\/bcbnews.barcelonaturisme.com\/index.php?rest_route=%2Fwp%2Fv2%2Ftags&post=2848"},{"taxonomy":"capcalera","embeddable":true,"href":"https:\/\/bcbnews.barcelonaturisme.com\/index.php?rest_route=%2Fwp%2Fv2%2Fcapcalera&post=2848"}],"curies":[{"name":"wp","href":"https:\/\/api.w.org\/{rel}","templated":true}]}}