{"id":2879,"date":"2022-11-15T10:40:03","date_gmt":"2022-11-15T09:40:03","guid":{"rendered":"https:\/\/bcbnews.barcelonaturisme.com\/?p=2879"},"modified":"2022-11-16T10:33:41","modified_gmt":"2022-11-16T09:33:41","slug":"accions-al-mercat-nacional-2","status":"publish","type":"post","link":"https:\/\/bcbnews.barcelonaturisme.com\/?p=2879","title":{"rendered":"Accions als mercats europeus"},"content":{"rendered":"\n<p style=\"font-size:25px\"><strong>Connexi\u00f3 Barcelona \u2013 Europa<\/strong><\/p>\n\n\n\n<div class=\"wp-block-columns is-layout-flex wp-container-core-columns-is-layout-1 wp-block-columns-is-layout-flex\">\n<div class=\"wp-block-column is-layout-flow wp-block-column-is-layout-flow\">\n<figure class=\"wp-block-image size-full\"><img fetchpriority=\"high\" decoding=\"async\" width=\"575\" height=\"337\" src=\"https:\/\/bcbnews.barcelonaturisme.com\/wp-content\/uploads\/2022\/11\/noruega.jpg\" alt=\"\" class=\"wp-image-2882\" srcset=\"https:\/\/bcbnews.barcelonaturisme.com\/wp-content\/uploads\/2022\/11\/noruega.jpg 575w, https:\/\/bcbnews.barcelonaturisme.com\/wp-content\/uploads\/2022\/11\/noruega-300x176.jpg 300w\" sizes=\"(max-width: 575px) 100vw, 575px\" \/><\/figure>\n<\/div>\n\n\n\n<div class=\"wp-block-column is-layout-flow wp-block-column-is-layout-flow\">\n<p><strong>Fam Trip amb ag\u00e8ncies noruegues (15-18 setembre)<\/strong>. En col\u00b7laboraci\u00f3 amb l&#8217;OET Oslo, el Catalunya Convention Bureau, Sitges Convention Bureau i Pened\u00e8s Turisme. Durant dos dies, 5 ag\u00e8ncies especialitzades en l&#8217;organitzaci\u00f3 d&#8217;esdeveniments i viatges d&#8217;incentiu van con\u00e8ixer la destinaci\u00f3 Barcelona.<\/p>\n\n\n\n<p><strong><strong>Per a m\u00e9s informaci\u00f3<\/strong>:<\/strong> Anna Orozco &#8211; <a href=\"mailto:aorozco@barcelonaturisme.com\">aorozco@barcelonaturisme.com<\/a><\/p>\n<\/div>\n<\/div>\n\n\n\n<div class=\"wp-block-columns is-layout-flex wp-container-core-columns-is-layout-2 wp-block-columns-is-layout-flex\">\n<div class=\"wp-block-column is-layout-flow wp-block-column-is-layout-flow\">\n<p><strong>MIS International Summit (27-29 setembre).<\/strong> Barcelona va acollir la passada edici\u00f3 del MIS International Summit. Durant dos dies ens vam poder reunir amb organitzadors d\u2019esdeveniments i meeting planners d\u2019arreu d\u2019Europa.<\/p>\n\n\n\n<p>A m\u00e9s, el programa va incloure una tarda amb diferents activitats socials en les quals els assistents van poder descobrir Barcelona des del mar a bord d\u2019una Golondrina, visitar el Recinte Modernista Sant Pau i el Museu Nacional d\u2019Art de Catalunya, con\u00e8ixer el projecte de Can Calopa, i descobrir el 22@ i el mirador Torre Gl\u00f2ries.&nbsp;&nbsp;<\/p>\n\n\n\n<p><strong><strong>Per a m\u00e9s informaci\u00f3<\/strong><\/strong>: Noem\u00ed Rosell &#8211; <a href=\"mailto:nrosell@barcelonaturisme.com\">nrosell@barcelonaturisme.com<\/a><\/p>\n<\/div>\n\n\n\n<div class=\"wp-block-column is-layout-flow wp-block-column-is-layout-flow\">\n<figure class=\"wp-block-image size-full\"><img decoding=\"async\" width=\"575\" height=\"337\" src=\"https:\/\/bcbnews.barcelonaturisme.com\/wp-content\/uploads\/2022\/11\/mis1.jpg\" alt=\"\" class=\"wp-image-2880\" srcset=\"https:\/\/bcbnews.barcelonaturisme.com\/wp-content\/uploads\/2022\/11\/mis1.jpg 575w, https:\/\/bcbnews.barcelonaturisme.com\/wp-content\/uploads\/2022\/11\/mis1-300x176.jpg 300w\" sizes=\"(max-width: 575px) 100vw, 575px\" \/><\/figure>\n<\/div>\n<\/div>\n\n\n\n<div class=\"wp-block-columns is-layout-flex wp-container-core-columns-is-layout-3 wp-block-columns-is-layout-flex\">\n<div class=\"wp-block-column is-layout-flow wp-block-column-is-layout-flow\">\n<figure class=\"wp-block-image size-full\"><img decoding=\"async\" width=\"575\" height=\"337\" src=\"https:\/\/bcbnews.barcelonaturisme.com\/wp-content\/uploads\/2022\/11\/break.jpg\" alt=\"\" class=\"wp-image-2888\" srcset=\"https:\/\/bcbnews.barcelonaturisme.com\/wp-content\/uploads\/2022\/11\/break.jpg 575w, https:\/\/bcbnews.barcelonaturisme.com\/wp-content\/uploads\/2022\/11\/break-300x176.jpg 300w\" sizes=\"(max-width: 575px) 100vw, 575px\" \/><\/figure>\n<\/div>\n\n\n\n<div class=\"wp-block-column is-layout-flow wp-block-column-is-layout-flow\">\n<p><strong>Break the Ice Forum (29 setembre \u2013 1 octubre).<\/strong> Vam participar en aquest Workshop a Munich on ens v\u00e0rem reunir amb m\u00e9s de 25 clients corporatius europeus, principalment d\u2019Alemanya.<\/p>\n\n\n\n<p><strong><strong>Per a m\u00e9s informaci\u00f3<\/strong>:<\/strong> Anna Orozco \u2013 <a href=\"mailto:aorozco@barcelonaturisme.com\">aorozco@barcelonaturisme.com<\/a><\/p>\n<\/div>\n<\/div>\n\n\n\n<div class=\"wp-block-columns is-layout-flex wp-container-core-columns-is-layout-4 wp-block-columns-is-layout-flex\">\n<div class=\"wp-block-column is-layout-flow wp-block-column-is-layout-flow\">\n<p><strong>Meet Catalunya (11-13 octubre)<\/strong>. Organitzat pel CCB, el Meet Catalunya va tenir lloc enguany a Port Aventura. Hi participaren m\u00e9s de 60 organitzadors d\u2019esdeveniments i congressos europeus. Posteriorment al Workshop, s\u2019organitzaren diversos Fam Trips pel territori, entre ells un a Barcelona, un al Bages, un a Sitges i un al Baix Llobregat.<\/p>\n\n\n\n<p><strong>Per a m\u00e9s informaci\u00f3<\/strong>: Noem\u00ed Rosell &#8211; <a href=\"mailto:nrosell@barcelonaturisme.com\">nrosell@barcelonaturisme.com<\/a><\/p>\n<\/div>\n\n\n\n<div class=\"wp-block-column is-layout-flow wp-block-column-is-layout-flow\">\n<figure class=\"wp-block-image size-full\"><img loading=\"lazy\" decoding=\"async\" width=\"575\" height=\"337\" src=\"https:\/\/bcbnews.barcelonaturisme.com\/wp-content\/uploads\/2022\/11\/meet.jpg\" alt=\"\" class=\"wp-image-2890\" srcset=\"https:\/\/bcbnews.barcelonaturisme.com\/wp-content\/uploads\/2022\/11\/meet.jpg 575w, https:\/\/bcbnews.barcelonaturisme.com\/wp-content\/uploads\/2022\/11\/meet-300x176.jpg 300w\" sizes=\"(max-width: 575px) 100vw, 575px\" \/><\/figure>\n<\/div>\n<\/div>\n\n\n\n<div class=\"wp-block-columns is-layout-flex wp-container-core-columns-is-layout-5 wp-block-columns-is-layout-flex\">\n<div class=\"wp-block-column is-layout-flow wp-block-column-is-layout-flow\">\n<figure class=\"wp-block-image size-full\"><img loading=\"lazy\" decoding=\"async\" width=\"575\" height=\"337\" src=\"https:\/\/bcbnews.barcelonaturisme.com\/wp-content\/uploads\/2022\/11\/mce.jpg\" alt=\"\" class=\"wp-image-2884\" srcset=\"https:\/\/bcbnews.barcelonaturisme.com\/wp-content\/uploads\/2022\/11\/mce.jpg 575w, https:\/\/bcbnews.barcelonaturisme.com\/wp-content\/uploads\/2022\/11\/mce-300x176.jpg 300w\" sizes=\"(max-width: 575px) 100vw, 575px\" \/><\/figure>\n<\/div>\n\n\n\n<div class=\"wp-block-column is-layout-flow wp-block-column-is-layout-flow\">\n<p><strong>MCE South Europe (24-25 octubre). <\/strong>Workshop a Madrid on ens vam reunir amb 35 ag\u00e8ncies internacionals corporatives i especialitzades en MICE.<\/p>\n\n\n\n<p><strong>Per a m\u00e9s informaci\u00f3: <\/strong>Anna Orozco \u2013 <a href=\"mailto:aorozco@barcelonaturisme.com\">aorozco@barcelonaturisme.com<\/a><\/p>\n<\/div>\n<\/div>\n","protected":false},"excerpt":{"rendered":"<p>Connexi\u00f3 Barcelona-Europa<\/p>\n","protected":false},"author":3,"featured_media":2927,"comment_status":"closed","ping_status":"closed","sticky":false,"template":"","format":"standard","meta":{"footnotes":""},"categories":[4],"tags":[],"capcalera":[],"class_list":["post-2879","post","type-post","status-publish","format-standard","has-post-thumbnail","hentry","category-accions-promocionals"],"acf":[],"yoast_head":"<!-- This site is optimized with the Yoast SEO plugin v25.3 - https:\/\/yoast.com\/wordpress\/plugins\/seo\/ -->\n<title>Accions als mercats europeus - Barcelona Convention Bureau<\/title>\n<meta name=\"robots\" content=\"index, follow, max-snippet:-1, max-image-preview:large, max-video-preview:-1\" \/>\n<link rel=\"canonical\" href=\"https:\/\/bcbnews.barcelonaturisme.com\/?p=2879\" \/>\n<meta property=\"og:locale\" content=\"ca_ES\" \/>\n<meta property=\"og:type\" content=\"article\" \/>\n<meta property=\"og:title\" content=\"Accions als mercats europeus - Barcelona Convention Bureau\" \/>\n<meta property=\"og:description\" content=\"Connexi\u00f3 Barcelona-Europa\" \/>\n<meta property=\"og:url\" content=\"https:\/\/bcbnews.barcelonaturisme.com\/?p=2879\" \/>\n<meta property=\"og:site_name\" content=\"Barcelona Convention Bureau\" \/>\n<meta property=\"article:published_time\" content=\"2022-11-15T09:40:03+00:00\" \/>\n<meta property=\"article:modified_time\" content=\"2022-11-16T09:33:41+00:00\" \/>\n<meta property=\"og:image\" content=\"https:\/\/bcbnews.barcelonaturisme.com\/wp-content\/uploads\/2022\/11\/mce1.jpg\" \/>\n\t<meta property=\"og:image:width\" content=\"1600\" \/>\n\t<meta property=\"og:image:height\" content=\"600\" \/>\n\t<meta property=\"og:image:type\" content=\"image\/jpeg\" \/>\n<meta name=\"author\" content=\"mcolomer\" \/>\n<meta name=\"twitter:card\" content=\"summary_large_image\" \/>\n<meta name=\"twitter:label1\" content=\"Escrit per\" \/>\n\t<meta name=\"twitter:data1\" content=\"mcolomer\" \/>\n\t<meta name=\"twitter:label2\" content=\"Temps estimat de lectura\" \/>\n\t<meta name=\"twitter:data2\" content=\"1 minut\" \/>\n<script type=\"application\/ld+json\" class=\"yoast-schema-graph\">{\"@context\":\"https:\/\/schema.org\",\"@graph\":[{\"@type\":\"Article\",\"@id\":\"https:\/\/bcbnews.barcelonaturisme.com\/?p=2879#article\",\"isPartOf\":{\"@id\":\"https:\/\/bcbnews.barcelonaturisme.com\/?p=2879\"},\"author\":{\"name\":\"mcolomer\",\"@id\":\"https:\/\/bcbnews.barcelonaturisme.com\/#\/schema\/person\/3fc6b66859de7d1dd2e84afaba046551\"},\"headline\":\"Accions als mercats europeus\",\"datePublished\":\"2022-11-15T09:40:03+00:00\",\"dateModified\":\"2022-11-16T09:33:41+00:00\",\"mainEntityOfPage\":{\"@id\":\"https:\/\/bcbnews.barcelonaturisme.com\/?p=2879\"},\"wordCount\":305,\"publisher\":{\"@id\":\"https:\/\/bcbnews.barcelonaturisme.com\/#organization\"},\"image\":{\"@id\":\"https:\/\/bcbnews.barcelonaturisme.com\/?p=2879#primaryimage\"},\"thumbnailUrl\":\"https:\/\/bcbnews.barcelonaturisme.com\/wp-content\/uploads\/2022\/11\/mce1.jpg\",\"articleSection\":[\"Accions Promocionals\"],\"inLanguage\":\"ca\"},{\"@type\":\"WebPage\",\"@id\":\"https:\/\/bcbnews.barcelonaturisme.com\/?p=2879\",\"url\":\"https:\/\/bcbnews.barcelonaturisme.com\/?p=2879\",\"name\":\"Accions als mercats europeus - Barcelona Convention Bureau\",\"isPartOf\":{\"@id\":\"https:\/\/bcbnews.barcelonaturisme.com\/#website\"},\"primaryImageOfPage\":{\"@id\":\"https:\/\/bcbnews.barcelonaturisme.com\/?p=2879#primaryimage\"},\"image\":{\"@id\":\"https:\/\/bcbnews.barcelonaturisme.com\/?p=2879#primaryimage\"},\"thumbnailUrl\":\"https:\/\/bcbnews.barcelonaturisme.com\/wp-content\/uploads\/2022\/11\/mce1.jpg\",\"datePublished\":\"2022-11-15T09:40:03+00:00\",\"dateModified\":\"2022-11-16T09:33:41+00:00\",\"breadcrumb\":{\"@id\":\"https:\/\/bcbnews.barcelonaturisme.com\/?p=2879#breadcrumb\"},\"inLanguage\":\"ca\",\"potentialAction\":[{\"@type\":\"ReadAction\",\"target\":[\"https:\/\/bcbnews.barcelonaturisme.com\/?p=2879\"]}]},{\"@type\":\"ImageObject\",\"inLanguage\":\"ca\",\"@id\":\"https:\/\/bcbnews.barcelonaturisme.com\/?p=2879#primaryimage\",\"url\":\"https:\/\/bcbnews.barcelonaturisme.com\/wp-content\/uploads\/2022\/11\/mce1.jpg\",\"contentUrl\":\"https:\/\/bcbnews.barcelonaturisme.com\/wp-content\/uploads\/2022\/11\/mce1.jpg\",\"width\":1600,\"height\":600},{\"@type\":\"BreadcrumbList\",\"@id\":\"https:\/\/bcbnews.barcelonaturisme.com\/?p=2879#breadcrumb\",\"itemListElement\":[{\"@type\":\"ListItem\",\"position\":1,\"name\":\"Inici\",\"item\":\"https:\/\/bcbnews.barcelonaturisme.com\/\"},{\"@type\":\"ListItem\",\"position\":2,\"name\":\"Accions als mercats europeus\"}]},{\"@type\":\"WebSite\",\"@id\":\"https:\/\/bcbnews.barcelonaturisme.com\/#website\",\"url\":\"https:\/\/bcbnews.barcelonaturisme.com\/\",\"name\":\"BCB News \/ Barcelona Convention Bureau\",\"description\":\"BCB Magazine\",\"publisher\":{\"@id\":\"https:\/\/bcbnews.barcelonaturisme.com\/#organization\"},\"potentialAction\":[{\"@type\":\"SearchAction\",\"target\":{\"@type\":\"EntryPoint\",\"urlTemplate\":\"https:\/\/bcbnews.barcelonaturisme.com\/?s={search_term_string}\"},\"query-input\":{\"@type\":\"PropertyValueSpecification\",\"valueRequired\":true,\"valueName\":\"search_term_string\"}}],\"inLanguage\":\"ca\"},{\"@type\":\"Organization\",\"@id\":\"https:\/\/bcbnews.barcelonaturisme.com\/#organization\",\"name\":\"BCB News \/ Barcelona Convention Bureau\",\"url\":\"https:\/\/bcbnews.barcelonaturisme.com\/\",\"logo\":{\"@type\":\"ImageObject\",\"inLanguage\":\"ca\",\"@id\":\"https:\/\/bcbnews.barcelonaturisme.com\/#\/schema\/logo\/image\/\",\"url\":\"https:\/\/bcbnews.barcelonaturisme.com\/wp-content\/uploads\/2021\/12\/BCB_logo.png\",\"contentUrl\":\"https:\/\/bcbnews.barcelonaturisme.com\/wp-content\/uploads\/2021\/12\/BCB_logo.png\",\"width\":543,\"height\":166,\"caption\":\"BCB News \/ Barcelona Convention Bureau\"},\"image\":{\"@id\":\"https:\/\/bcbnews.barcelonaturisme.com\/#\/schema\/logo\/image\/\"}},{\"@type\":\"Person\",\"@id\":\"https:\/\/bcbnews.barcelonaturisme.com\/#\/schema\/person\/3fc6b66859de7d1dd2e84afaba046551\",\"name\":\"mcolomer\",\"url\":\"https:\/\/bcbnews.barcelonaturisme.com\/?author=3\"}]}<\/script>\n<!-- \/ Yoast SEO plugin. -->","yoast_head_json":{"title":"Accions als mercats europeus - Barcelona Convention Bureau","robots":{"index":"index","follow":"follow","max-snippet":"max-snippet:-1","max-image-preview":"max-image-preview:large","max-video-preview":"max-video-preview:-1"},"canonical":"https:\/\/bcbnews.barcelonaturisme.com\/?p=2879","og_locale":"ca_ES","og_type":"article","og_title":"Accions als mercats europeus - Barcelona Convention Bureau","og_description":"Connexi\u00f3 Barcelona-Europa","og_url":"https:\/\/bcbnews.barcelonaturisme.com\/?p=2879","og_site_name":"Barcelona Convention Bureau","article_published_time":"2022-11-15T09:40:03+00:00","article_modified_time":"2022-11-16T09:33:41+00:00","og_image":[{"width":1600,"height":600,"url":"https:\/\/bcbnews.barcelonaturisme.com\/wp-content\/uploads\/2022\/11\/mce1.jpg","type":"image\/jpeg"}],"author":"mcolomer","twitter_card":"summary_large_image","twitter_misc":{"Escrit per":"mcolomer","Temps estimat de lectura":"1 minut"},"schema":{"@context":"https:\/\/schema.org","@graph":[{"@type":"Article","@id":"https:\/\/bcbnews.barcelonaturisme.com\/?p=2879#article","isPartOf":{"@id":"https:\/\/bcbnews.barcelonaturisme.com\/?p=2879"},"author":{"name":"mcolomer","@id":"https:\/\/bcbnews.barcelonaturisme.com\/#\/schema\/person\/3fc6b66859de7d1dd2e84afaba046551"},"headline":"Accions als mercats europeus","datePublished":"2022-11-15T09:40:03+00:00","dateModified":"2022-11-16T09:33:41+00:00","mainEntityOfPage":{"@id":"https:\/\/bcbnews.barcelonaturisme.com\/?p=2879"},"wordCount":305,"publisher":{"@id":"https:\/\/bcbnews.barcelonaturisme.com\/#organization"},"image":{"@id":"https:\/\/bcbnews.barcelonaturisme.com\/?p=2879#primaryimage"},"thumbnailUrl":"https:\/\/bcbnews.barcelonaturisme.com\/wp-content\/uploads\/2022\/11\/mce1.jpg","articleSection":["Accions Promocionals"],"inLanguage":"ca"},{"@type":"WebPage","@id":"https:\/\/bcbnews.barcelonaturisme.com\/?p=2879","url":"https:\/\/bcbnews.barcelonaturisme.com\/?p=2879","name":"Accions als mercats europeus - Barcelona Convention Bureau","isPartOf":{"@id":"https:\/\/bcbnews.barcelonaturisme.com\/#website"},"primaryImageOfPage":{"@id":"https:\/\/bcbnews.barcelonaturisme.com\/?p=2879#primaryimage"},"image":{"@id":"https:\/\/bcbnews.barcelonaturisme.com\/?p=2879#primaryimage"},"thumbnailUrl":"https:\/\/bcbnews.barcelonaturisme.com\/wp-content\/uploads\/2022\/11\/mce1.jpg","datePublished":"2022-11-15T09:40:03+00:00","dateModified":"2022-11-16T09:33:41+00:00","breadcrumb":{"@id":"https:\/\/bcbnews.barcelonaturisme.com\/?p=2879#breadcrumb"},"inLanguage":"ca","potentialAction":[{"@type":"ReadAction","target":["https:\/\/bcbnews.barcelonaturisme.com\/?p=2879"]}]},{"@type":"ImageObject","inLanguage":"ca","@id":"https:\/\/bcbnews.barcelonaturisme.com\/?p=2879#primaryimage","url":"https:\/\/bcbnews.barcelonaturisme.com\/wp-content\/uploads\/2022\/11\/mce1.jpg","contentUrl":"https:\/\/bcbnews.barcelonaturisme.com\/wp-content\/uploads\/2022\/11\/mce1.jpg","width":1600,"height":600},{"@type":"BreadcrumbList","@id":"https:\/\/bcbnews.barcelonaturisme.com\/?p=2879#breadcrumb","itemListElement":[{"@type":"ListItem","position":1,"name":"Inici","item":"https:\/\/bcbnews.barcelonaturisme.com\/"},{"@type":"ListItem","position":2,"name":"Accions als mercats europeus"}]},{"@type":"WebSite","@id":"https:\/\/bcbnews.barcelonaturisme.com\/#website","url":"https:\/\/bcbnews.barcelonaturisme.com\/","name":"BCB News \/ Barcelona Convention Bureau","description":"BCB Magazine","publisher":{"@id":"https:\/\/bcbnews.barcelonaturisme.com\/#organization"},"potentialAction":[{"@type":"SearchAction","target":{"@type":"EntryPoint","urlTemplate":"https:\/\/bcbnews.barcelonaturisme.com\/?s={search_term_string}"},"query-input":{"@type":"PropertyValueSpecification","valueRequired":true,"valueName":"search_term_string"}}],"inLanguage":"ca"},{"@type":"Organization","@id":"https:\/\/bcbnews.barcelonaturisme.com\/#organization","name":"BCB News \/ Barcelona Convention Bureau","url":"https:\/\/bcbnews.barcelonaturisme.com\/","logo":{"@type":"ImageObject","inLanguage":"ca","@id":"https:\/\/bcbnews.barcelonaturisme.com\/#\/schema\/logo\/image\/","url":"https:\/\/bcbnews.barcelonaturisme.com\/wp-content\/uploads\/2021\/12\/BCB_logo.png","contentUrl":"https:\/\/bcbnews.barcelonaturisme.com\/wp-content\/uploads\/2021\/12\/BCB_logo.png","width":543,"height":166,"caption":"BCB News \/ Barcelona Convention Bureau"},"image":{"@id":"https:\/\/bcbnews.barcelonaturisme.com\/#\/schema\/logo\/image\/"}},{"@type":"Person","@id":"https:\/\/bcbnews.barcelonaturisme.com\/#\/schema\/person\/3fc6b66859de7d1dd2e84afaba046551","name":"mcolomer","url":"https:\/\/bcbnews.barcelonaturisme.com\/?author=3"}]}},"_links":{"self":[{"href":"https:\/\/bcbnews.barcelonaturisme.com\/index.php?rest_route=\/wp\/v2\/posts\/2879"}],"collection":[{"href":"https:\/\/bcbnews.barcelonaturisme.com\/index.php?rest_route=\/wp\/v2\/posts"}],"about":[{"href":"https:\/\/bcbnews.barcelonaturisme.com\/index.php?rest_route=\/wp\/v2\/types\/post"}],"author":[{"embeddable":true,"href":"https:\/\/bcbnews.barcelonaturisme.com\/index.php?rest_route=\/wp\/v2\/users\/3"}],"replies":[{"embeddable":true,"href":"https:\/\/bcbnews.barcelonaturisme.com\/index.php?rest_route=%2Fwp%2Fv2%2Fcomments&post=2879"}],"version-history":[{"count":0,"href":"https:\/\/bcbnews.barcelonaturisme.com\/index.php?rest_route=\/wp\/v2\/posts\/2879\/revisions"}],"wp:featuredmedia":[{"embeddable":true,"href":"https:\/\/bcbnews.barcelonaturisme.com\/index.php?rest_route=\/wp\/v2\/media\/2927"}],"wp:attachment":[{"href":"https:\/\/bcbnews.barcelonaturisme.com\/index.php?rest_route=%2Fwp%2Fv2%2Fmedia&parent=2879"}],"wp:term":[{"taxonomy":"category","embeddable":true,"href":"https:\/\/bcbnews.barcelonaturisme.com\/index.php?rest_route=%2Fwp%2Fv2%2Fcategories&post=2879"},{"taxonomy":"post_tag","embeddable":true,"href":"https:\/\/bcbnews.barcelonaturisme.com\/index.php?rest_route=%2Fwp%2Fv2%2Ftags&post=2879"},{"taxonomy":"capcalera","embeddable":true,"href":"https:\/\/bcbnews.barcelonaturisme.com\/index.php?rest_route=%2Fwp%2Fv2%2Fcapcalera&post=2879"}],"curies":[{"name":"wp","href":"https:\/\/api.w.org\/{rel}","templated":true}]}}