{"id":3582,"date":"2023-03-21T14:03:38","date_gmt":"2023-03-21T13:03:38","guid":{"rendered":"https:\/\/bcbnews.barcelonaturisme.com\/?p=3582"},"modified":"2023-03-22T11:37:56","modified_gmt":"2023-03-22T10:37:56","slug":"on-sera-el-bcb-a-labril-i-maig","status":"publish","type":"post","link":"https:\/\/bcbnews.barcelonaturisme.com\/?p=3582","title":{"rendered":"On ser\u00e0 el BCB a l&#8217;abril i maig"},"content":{"rendered":"\n<p style=\"font-size:25px\">Accions del BCB confirmades<\/p>\n\n\n\n<figure class=\"wp-block-table\"><table><tbody><tr><td><strong>Dates<\/strong><\/td><td><strong>Acci\u00f3<\/strong><\/td><td><strong>Lloc<\/strong><\/td><td><strong>Assistents<\/strong><\/td><\/tr><tr><td>4-6\/4<\/td><td>Workshop\/Presentaci\u00f3 Partance<\/td><td>Paris i Lyon<\/td><td>Cecile D.<\/td><\/tr><tr><td>11\/4<\/td><td>MICE MeetUp Dublin<\/td><td>Dublin<\/td><td>Noem\u00ed R.<\/td><\/tr><tr><td>16-19\/4<\/td><td>M&amp;I Europe Spring &#8211; Istambul<\/td><td>Istambul<\/td><td>Anna O.<\/td><\/tr><tr><td>18\/4<\/td><td>Presentaci\u00f3 SE Asi\u00e0tic &#8211; Turespa\u00f1a<\/td><td>Virtual<\/td><td>Noem\u00ed R.<\/td><\/tr><tr><td>18-22\/4<\/td><td>City DNA General Assembly<\/td><td>Sofia<\/td><td>Cecile D.<\/td><\/tr><tr><td>19-21\/4<\/td><td>ICCA Iberian Chapter<\/td><td>Alentejo<\/td><td>Associatiu<\/td><\/tr><tr><td>19\/4<\/td><td>Fam trip OET Mil\u00e0 &#8211; Singapore Airlines<\/td><td>Barcelona<\/td><td>Noem\u00ed R.<\/td><\/tr><tr><td>11-13\/5<\/td><td>Green Mile<\/td><td>Copenhagen<\/td><td>Anna O.<\/td><\/tr><tr><td>12-14\/5<\/td><td>Jornada client corporatiu nacional . SCB<\/td><td>Pamplona<\/td><td>Noem\u00ed R.<\/td><\/tr><tr><td>23-25\/5<\/td><td><em>IMEX Frankfurt<\/em><\/td><td>Frankfurt<\/td><td>BCB<\/td><\/tr><\/tbody><\/table><\/figure>\n\n\n\n<p><strong>Per a m\u00e9s informaci\u00f3<\/strong>: <a href=\"mailto:bcb@barcelonaturisme.com\" target=\"_blank\" rel=\"noreferrer noopener\">bcb@barcelonaturisme.com<\/a><\/p>\n","protected":false},"excerpt":{"rendered":"<p>Accions del BCB confirmades<\/p>\n","protected":false},"author":3,"featured_media":3700,"comment_status":"closed","ping_status":"closed","sticky":false,"template":"","format":"standard","meta":{"footnotes":""},"categories":[4],"tags":[],"capcalera":[],"class_list":["post-3582","post","type-post","status-publish","format-standard","has-post-thumbnail","hentry","category-accions-promocionals"],"acf":[],"yoast_head":"<!-- This site is optimized with the Yoast SEO plugin v25.3 - https:\/\/yoast.com\/wordpress\/plugins\/seo\/ -->\n<title>On ser\u00e0 el BCB a l&#039;abril i maig - Barcelona Convention Bureau<\/title>\n<meta name=\"robots\" content=\"index, follow, max-snippet:-1, max-image-preview:large, max-video-preview:-1\" \/>\n<link rel=\"canonical\" href=\"https:\/\/bcbnews.barcelonaturisme.com\/?p=3582\" \/>\n<meta property=\"og:locale\" content=\"ca_ES\" \/>\n<meta property=\"og:type\" content=\"article\" \/>\n<meta property=\"og:title\" content=\"On ser\u00e0 el BCB a l&#039;abril i maig - Barcelona Convention Bureau\" \/>\n<meta property=\"og:description\" content=\"Accions del BCB confirmades\" \/>\n<meta property=\"og:url\" content=\"https:\/\/bcbnews.barcelonaturisme.com\/?p=3582\" \/>\n<meta property=\"og:site_name\" content=\"Barcelona Convention Bureau\" \/>\n<meta property=\"article:published_time\" content=\"2023-03-21T13:03:38+00:00\" \/>\n<meta property=\"article:modified_time\" content=\"2023-03-22T10:37:56+00:00\" \/>\n<meta property=\"og:image\" content=\"https:\/\/bcbnews.barcelonaturisme.com\/wp-content\/uploads\/2023\/03\/imex2.jpg\" \/>\n\t<meta property=\"og:image:width\" content=\"1140\" \/>\n\t<meta property=\"og:image:height\" content=\"500\" \/>\n\t<meta property=\"og:image:type\" content=\"image\/jpeg\" \/>\n<meta name=\"author\" content=\"mcolomer\" \/>\n<meta name=\"twitter:card\" content=\"summary_large_image\" \/>\n<meta name=\"twitter:label1\" content=\"Escrit per\" \/>\n\t<meta name=\"twitter:data1\" content=\"mcolomer\" \/>\n\t<meta name=\"twitter:label2\" content=\"Temps estimat de lectura\" \/>\n\t<meta name=\"twitter:data2\" content=\"1 minut\" \/>\n<script type=\"application\/ld+json\" class=\"yoast-schema-graph\">{\"@context\":\"https:\/\/schema.org\",\"@graph\":[{\"@type\":\"Article\",\"@id\":\"https:\/\/bcbnews.barcelonaturisme.com\/?p=3582#article\",\"isPartOf\":{\"@id\":\"https:\/\/bcbnews.barcelonaturisme.com\/?p=3582\"},\"author\":{\"name\":\"mcolomer\",\"@id\":\"https:\/\/bcbnews.barcelonaturisme.com\/#\/schema\/person\/3fc6b66859de7d1dd2e84afaba046551\"},\"headline\":\"On ser\u00e0 el BCB a l&#8217;abril i maig\",\"datePublished\":\"2023-03-21T13:03:38+00:00\",\"dateModified\":\"2023-03-22T10:37:56+00:00\",\"mainEntityOfPage\":{\"@id\":\"https:\/\/bcbnews.barcelonaturisme.com\/?p=3582\"},\"wordCount\":105,\"publisher\":{\"@id\":\"https:\/\/bcbnews.barcelonaturisme.com\/#organization\"},\"image\":{\"@id\":\"https:\/\/bcbnews.barcelonaturisme.com\/?p=3582#primaryimage\"},\"thumbnailUrl\":\"https:\/\/bcbnews.barcelonaturisme.com\/wp-content\/uploads\/2023\/03\/imex2.jpg\",\"articleSection\":[\"Accions Promocionals\"],\"inLanguage\":\"ca\"},{\"@type\":\"WebPage\",\"@id\":\"https:\/\/bcbnews.barcelonaturisme.com\/?p=3582\",\"url\":\"https:\/\/bcbnews.barcelonaturisme.com\/?p=3582\",\"name\":\"On ser\u00e0 el BCB a l'abril i maig - Barcelona Convention Bureau\",\"isPartOf\":{\"@id\":\"https:\/\/bcbnews.barcelonaturisme.com\/#website\"},\"primaryImageOfPage\":{\"@id\":\"https:\/\/bcbnews.barcelonaturisme.com\/?p=3582#primaryimage\"},\"image\":{\"@id\":\"https:\/\/bcbnews.barcelonaturisme.com\/?p=3582#primaryimage\"},\"thumbnailUrl\":\"https:\/\/bcbnews.barcelonaturisme.com\/wp-content\/uploads\/2023\/03\/imex2.jpg\",\"datePublished\":\"2023-03-21T13:03:38+00:00\",\"dateModified\":\"2023-03-22T10:37:56+00:00\",\"breadcrumb\":{\"@id\":\"https:\/\/bcbnews.barcelonaturisme.com\/?p=3582#breadcrumb\"},\"inLanguage\":\"ca\",\"potentialAction\":[{\"@type\":\"ReadAction\",\"target\":[\"https:\/\/bcbnews.barcelonaturisme.com\/?p=3582\"]}]},{\"@type\":\"ImageObject\",\"inLanguage\":\"ca\",\"@id\":\"https:\/\/bcbnews.barcelonaturisme.com\/?p=3582#primaryimage\",\"url\":\"https:\/\/bcbnews.barcelonaturisme.com\/wp-content\/uploads\/2023\/03\/imex2.jpg\",\"contentUrl\":\"https:\/\/bcbnews.barcelonaturisme.com\/wp-content\/uploads\/2023\/03\/imex2.jpg\",\"width\":1140,\"height\":500},{\"@type\":\"BreadcrumbList\",\"@id\":\"https:\/\/bcbnews.barcelonaturisme.com\/?p=3582#breadcrumb\",\"itemListElement\":[{\"@type\":\"ListItem\",\"position\":1,\"name\":\"Inici\",\"item\":\"https:\/\/bcbnews.barcelonaturisme.com\/\"},{\"@type\":\"ListItem\",\"position\":2,\"name\":\"On ser\u00e0 el BCB a l&#8217;abril i maig\"}]},{\"@type\":\"WebSite\",\"@id\":\"https:\/\/bcbnews.barcelonaturisme.com\/#website\",\"url\":\"https:\/\/bcbnews.barcelonaturisme.com\/\",\"name\":\"BCB News \/ Barcelona Convention Bureau\",\"description\":\"BCB Magazine\",\"publisher\":{\"@id\":\"https:\/\/bcbnews.barcelonaturisme.com\/#organization\"},\"potentialAction\":[{\"@type\":\"SearchAction\",\"target\":{\"@type\":\"EntryPoint\",\"urlTemplate\":\"https:\/\/bcbnews.barcelonaturisme.com\/?s={search_term_string}\"},\"query-input\":{\"@type\":\"PropertyValueSpecification\",\"valueRequired\":true,\"valueName\":\"search_term_string\"}}],\"inLanguage\":\"ca\"},{\"@type\":\"Organization\",\"@id\":\"https:\/\/bcbnews.barcelonaturisme.com\/#organization\",\"name\":\"BCB News \/ Barcelona Convention Bureau\",\"url\":\"https:\/\/bcbnews.barcelonaturisme.com\/\",\"logo\":{\"@type\":\"ImageObject\",\"inLanguage\":\"ca\",\"@id\":\"https:\/\/bcbnews.barcelonaturisme.com\/#\/schema\/logo\/image\/\",\"url\":\"https:\/\/bcbnews.barcelonaturisme.com\/wp-content\/uploads\/2021\/12\/BCB_logo.png\",\"contentUrl\":\"https:\/\/bcbnews.barcelonaturisme.com\/wp-content\/uploads\/2021\/12\/BCB_logo.png\",\"width\":543,\"height\":166,\"caption\":\"BCB News \/ Barcelona Convention Bureau\"},\"image\":{\"@id\":\"https:\/\/bcbnews.barcelonaturisme.com\/#\/schema\/logo\/image\/\"}},{\"@type\":\"Person\",\"@id\":\"https:\/\/bcbnews.barcelonaturisme.com\/#\/schema\/person\/3fc6b66859de7d1dd2e84afaba046551\",\"name\":\"mcolomer\",\"url\":\"https:\/\/bcbnews.barcelonaturisme.com\/?author=3\"}]}<\/script>\n<!-- \/ Yoast SEO plugin. -->","yoast_head_json":{"title":"On ser\u00e0 el BCB a l'abril i maig - Barcelona Convention Bureau","robots":{"index":"index","follow":"follow","max-snippet":"max-snippet:-1","max-image-preview":"max-image-preview:large","max-video-preview":"max-video-preview:-1"},"canonical":"https:\/\/bcbnews.barcelonaturisme.com\/?p=3582","og_locale":"ca_ES","og_type":"article","og_title":"On ser\u00e0 el BCB a l'abril i maig - Barcelona Convention Bureau","og_description":"Accions del BCB confirmades","og_url":"https:\/\/bcbnews.barcelonaturisme.com\/?p=3582","og_site_name":"Barcelona Convention Bureau","article_published_time":"2023-03-21T13:03:38+00:00","article_modified_time":"2023-03-22T10:37:56+00:00","og_image":[{"width":1140,"height":500,"url":"https:\/\/bcbnews.barcelonaturisme.com\/wp-content\/uploads\/2023\/03\/imex2.jpg","type":"image\/jpeg"}],"author":"mcolomer","twitter_card":"summary_large_image","twitter_misc":{"Escrit per":"mcolomer","Temps estimat de lectura":"1 minut"},"schema":{"@context":"https:\/\/schema.org","@graph":[{"@type":"Article","@id":"https:\/\/bcbnews.barcelonaturisme.com\/?p=3582#article","isPartOf":{"@id":"https:\/\/bcbnews.barcelonaturisme.com\/?p=3582"},"author":{"name":"mcolomer","@id":"https:\/\/bcbnews.barcelonaturisme.com\/#\/schema\/person\/3fc6b66859de7d1dd2e84afaba046551"},"headline":"On ser\u00e0 el BCB a l&#8217;abril i maig","datePublished":"2023-03-21T13:03:38+00:00","dateModified":"2023-03-22T10:37:56+00:00","mainEntityOfPage":{"@id":"https:\/\/bcbnews.barcelonaturisme.com\/?p=3582"},"wordCount":105,"publisher":{"@id":"https:\/\/bcbnews.barcelonaturisme.com\/#organization"},"image":{"@id":"https:\/\/bcbnews.barcelonaturisme.com\/?p=3582#primaryimage"},"thumbnailUrl":"https:\/\/bcbnews.barcelonaturisme.com\/wp-content\/uploads\/2023\/03\/imex2.jpg","articleSection":["Accions Promocionals"],"inLanguage":"ca"},{"@type":"WebPage","@id":"https:\/\/bcbnews.barcelonaturisme.com\/?p=3582","url":"https:\/\/bcbnews.barcelonaturisme.com\/?p=3582","name":"On ser\u00e0 el BCB a l'abril i maig - Barcelona Convention Bureau","isPartOf":{"@id":"https:\/\/bcbnews.barcelonaturisme.com\/#website"},"primaryImageOfPage":{"@id":"https:\/\/bcbnews.barcelonaturisme.com\/?p=3582#primaryimage"},"image":{"@id":"https:\/\/bcbnews.barcelonaturisme.com\/?p=3582#primaryimage"},"thumbnailUrl":"https:\/\/bcbnews.barcelonaturisme.com\/wp-content\/uploads\/2023\/03\/imex2.jpg","datePublished":"2023-03-21T13:03:38+00:00","dateModified":"2023-03-22T10:37:56+00:00","breadcrumb":{"@id":"https:\/\/bcbnews.barcelonaturisme.com\/?p=3582#breadcrumb"},"inLanguage":"ca","potentialAction":[{"@type":"ReadAction","target":["https:\/\/bcbnews.barcelonaturisme.com\/?p=3582"]}]},{"@type":"ImageObject","inLanguage":"ca","@id":"https:\/\/bcbnews.barcelonaturisme.com\/?p=3582#primaryimage","url":"https:\/\/bcbnews.barcelonaturisme.com\/wp-content\/uploads\/2023\/03\/imex2.jpg","contentUrl":"https:\/\/bcbnews.barcelonaturisme.com\/wp-content\/uploads\/2023\/03\/imex2.jpg","width":1140,"height":500},{"@type":"BreadcrumbList","@id":"https:\/\/bcbnews.barcelonaturisme.com\/?p=3582#breadcrumb","itemListElement":[{"@type":"ListItem","position":1,"name":"Inici","item":"https:\/\/bcbnews.barcelonaturisme.com\/"},{"@type":"ListItem","position":2,"name":"On ser\u00e0 el BCB a l&#8217;abril i maig"}]},{"@type":"WebSite","@id":"https:\/\/bcbnews.barcelonaturisme.com\/#website","url":"https:\/\/bcbnews.barcelonaturisme.com\/","name":"BCB News \/ Barcelona Convention Bureau","description":"BCB Magazine","publisher":{"@id":"https:\/\/bcbnews.barcelonaturisme.com\/#organization"},"potentialAction":[{"@type":"SearchAction","target":{"@type":"EntryPoint","urlTemplate":"https:\/\/bcbnews.barcelonaturisme.com\/?s={search_term_string}"},"query-input":{"@type":"PropertyValueSpecification","valueRequired":true,"valueName":"search_term_string"}}],"inLanguage":"ca"},{"@type":"Organization","@id":"https:\/\/bcbnews.barcelonaturisme.com\/#organization","name":"BCB News \/ Barcelona Convention Bureau","url":"https:\/\/bcbnews.barcelonaturisme.com\/","logo":{"@type":"ImageObject","inLanguage":"ca","@id":"https:\/\/bcbnews.barcelonaturisme.com\/#\/schema\/logo\/image\/","url":"https:\/\/bcbnews.barcelonaturisme.com\/wp-content\/uploads\/2021\/12\/BCB_logo.png","contentUrl":"https:\/\/bcbnews.barcelonaturisme.com\/wp-content\/uploads\/2021\/12\/BCB_logo.png","width":543,"height":166,"caption":"BCB News \/ Barcelona Convention Bureau"},"image":{"@id":"https:\/\/bcbnews.barcelonaturisme.com\/#\/schema\/logo\/image\/"}},{"@type":"Person","@id":"https:\/\/bcbnews.barcelonaturisme.com\/#\/schema\/person\/3fc6b66859de7d1dd2e84afaba046551","name":"mcolomer","url":"https:\/\/bcbnews.barcelonaturisme.com\/?author=3"}]}},"_links":{"self":[{"href":"https:\/\/bcbnews.barcelonaturisme.com\/index.php?rest_route=\/wp\/v2\/posts\/3582"}],"collection":[{"href":"https:\/\/bcbnews.barcelonaturisme.com\/index.php?rest_route=\/wp\/v2\/posts"}],"about":[{"href":"https:\/\/bcbnews.barcelonaturisme.com\/index.php?rest_route=\/wp\/v2\/types\/post"}],"author":[{"embeddable":true,"href":"https:\/\/bcbnews.barcelonaturisme.com\/index.php?rest_route=\/wp\/v2\/users\/3"}],"replies":[{"embeddable":true,"href":"https:\/\/bcbnews.barcelonaturisme.com\/index.php?rest_route=%2Fwp%2Fv2%2Fcomments&post=3582"}],"version-history":[{"count":1,"href":"https:\/\/bcbnews.barcelonaturisme.com\/index.php?rest_route=\/wp\/v2\/posts\/3582\/revisions"}],"predecessor-version":[{"id":3585,"href":"https:\/\/bcbnews.barcelonaturisme.com\/index.php?rest_route=\/wp\/v2\/posts\/3582\/revisions\/3585"}],"wp:featuredmedia":[{"embeddable":true,"href":"https:\/\/bcbnews.barcelonaturisme.com\/index.php?rest_route=\/wp\/v2\/media\/3700"}],"wp:attachment":[{"href":"https:\/\/bcbnews.barcelonaturisme.com\/index.php?rest_route=%2Fwp%2Fv2%2Fmedia&parent=3582"}],"wp:term":[{"taxonomy":"category","embeddable":true,"href":"https:\/\/bcbnews.barcelonaturisme.com\/index.php?rest_route=%2Fwp%2Fv2%2Fcategories&post=3582"},{"taxonomy":"post_tag","embeddable":true,"href":"https:\/\/bcbnews.barcelonaturisme.com\/index.php?rest_route=%2Fwp%2Fv2%2Ftags&post=3582"},{"taxonomy":"capcalera","embeddable":true,"href":"https:\/\/bcbnews.barcelonaturisme.com\/index.php?rest_route=%2Fwp%2Fv2%2Fcapcalera&post=3582"}],"curies":[{"name":"wp","href":"https:\/\/api.w.org\/{rel}","templated":true}]}}