{"id":3912,"date":"2023-06-01T09:34:05","date_gmt":"2023-06-01T07:34:05","guid":{"rendered":"https:\/\/bcbnews.barcelonaturisme.com\/?p=3912"},"modified":"2023-06-06T15:26:00","modified_gmt":"2023-06-06T13:26:00","slug":"imex-frankfurt-2023","status":"publish","type":"post","link":"https:\/\/bcbnews.barcelonaturisme.com\/?p=3912","title":{"rendered":"IMEX Frankfurt 2023"},"content":{"rendered":"\n<p class=\"has-medium-font-size\">L&#8217;estand del BCB m\u00e9s sostenible que mai<\/p>\n\n\n\n<figure class=\"wp-block-image size-large\"><img fetchpriority=\"high\" decoding=\"async\" width=\"1024\" height=\"768\" src=\"https:\/\/bcbnews.barcelonaturisme.com\/wp-content\/uploads\/2023\/06\/imex1-1024x768.jpg\" alt=\"\" class=\"wp-image-3913\" srcset=\"https:\/\/bcbnews.barcelonaturisme.com\/wp-content\/uploads\/2023\/06\/imex1-1024x768.jpg 1024w, https:\/\/bcbnews.barcelonaturisme.com\/wp-content\/uploads\/2023\/06\/imex1-300x225.jpg 300w, https:\/\/bcbnews.barcelonaturisme.com\/wp-content\/uploads\/2023\/06\/imex1-768x576.jpg 768w, https:\/\/bcbnews.barcelonaturisme.com\/wp-content\/uploads\/2023\/06\/imex1-1536x1152.jpg 1536w, https:\/\/bcbnews.barcelonaturisme.com\/wp-content\/uploads\/2023\/06\/imex1.jpg 1600w\" sizes=\"(max-width: 1024px) 100vw, 1024px\" \/><\/figure>\n\n\n\n<p>Cinquena vegada que <strong>assistim amb estand propi a l\u2019IMEX Frankfurt<\/strong>, aquesta vegada per estar presents a l\u2019edici\u00f3 n\u00famero 21 de la fira.<\/p>\n\n\n\n<p>M\u00e9s de 3.000 meeting planners i m\u00e9s de 2.500 suppliers s\u2019han donat cita aquest any a Frankfurt. El BCB ha comptat amb dues agendes i un total de 80 cites preestablertes. A m\u00e9s, s\u2019han at\u00e8s m\u00e9s de 15 de Buyers que tamb\u00e9 s\u2019han apropat al nostre estand.<\/p>\n\n\n\n<p>\u00c9s un plaer poder compartir que, enguany, <strong>ens hi han acompanyat 12 empreses membre<\/strong>: Fira Barcelona, CCIB-Centre de Convencions Internacional de Barcelona, Kuonitumlare, 4foreverything, Le M\u00e9ridien Barcelona, SB Hotels, Selenta Group, Grand Hotel Central, Renaissance Barcelona Fira, Meli\u00e1 Hotels International, Paxton Barcelona, La Daurada Group.<\/p>\n\n\n\n<p>Per altra banda, comentar que<strong> l\u2019estand ha estat dissenyat i constru\u00eft per l\u2019empresa membre 4foreverything amb criteris sostenibles<\/strong>:<\/p>\n\n\n\n<p>\u2022 \u00das de fusta de boscos sostenibles segell PEFC.<br>\u2022 Utilitzaci\u00f3 de materials 100% reutilitzables.<br>\u2022 Substituci\u00f3 de cartellera per pantalles per reduir l\u2019\u00fas de materials.<br>\u2022 Impressi\u00f3 sobre materials lliures de PVC amb tintes l\u00e0tex zero nocives.<br>\u2022 Pantalles d&#8217;il\u00b7luminaci\u00f3 LED de baix consum.<br>L\u2019estand ha rebut la certificaci\u00f3 d\u2019<strong>Eventsost,<\/strong> despr\u00e9s de comprovar, mitjan\u00e7ant una auditoria, que totes les intervencions sostenibles estaven ben implantades, i <strong>s\u2019ha calculat i compensat la petjada de carboni <\/strong>de la producci\u00f3 de l&#8217;estand i dels viatges del personal del BCB i dels membres participants, per primera vegada.<\/p>\n\n\n\n<p>A m\u00e9s, amb la voluntat de conscienciar cada cop m\u00e9s el sector <strong>s\u2019ha creat una calculadora de la petjada de carboni amb la qu\u00e8 hem mesurat la petjada dels Buyers <\/strong>que tenien cita al nostre estand. Posteriorment, se\u2019ls hi ha enviat una guia, creada tamb\u00e9 per a l\u2019ocasi\u00f3, amb recomanacions per reduir l\u2019impacte del seu viatge i animar-los a que compensin la seva petjada.<\/p>\n\n\n\n<p>Finalment, volem agrair especialment els nostres <strong>sponsors Codorniu i Fam\u00edlia Torres<\/strong>, que ens han ofert cava i vi respectivament, per la zona de bar de l\u2019estand.<\/p>\n\n\n\n<p><strong>Per a m\u00e9s informaci\u00f3<\/strong>: <a href=\"mailto:bcb@barcelonaturisme.com\" target=\"_blank\" rel=\"noreferrer noopener\">bcb@barcelonaturisme.com<\/a><\/p>\n","protected":false},"excerpt":{"rendered":"<p>L&#8217;estand del BCB m\u00e9s sostenible que mai<\/p>\n","protected":false},"author":3,"featured_media":3915,"comment_status":"closed","ping_status":"closed","sticky":false,"template":"","format":"standard","meta":{"footnotes":""},"categories":[4],"tags":[],"capcalera":[13],"class_list":["post-3912","post","type-post","status-publish","format-standard","has-post-thumbnail","hentry","category-accions-promocionals","capcalera-article-principal"],"acf":[],"yoast_head":"<!-- This site is optimized with the Yoast SEO plugin v25.3 - https:\/\/yoast.com\/wordpress\/plugins\/seo\/ -->\n<title>IMEX Frankfurt 2023 - Barcelona Convention Bureau<\/title>\n<meta name=\"robots\" content=\"index, follow, max-snippet:-1, max-image-preview:large, max-video-preview:-1\" \/>\n<link rel=\"canonical\" href=\"https:\/\/bcbnews.barcelonaturisme.com\/?p=3912\" \/>\n<meta property=\"og:locale\" content=\"ca_ES\" \/>\n<meta property=\"og:type\" content=\"article\" \/>\n<meta property=\"og:title\" content=\"IMEX Frankfurt 2023 - Barcelona Convention Bureau\" \/>\n<meta property=\"og:description\" content=\"L&#039;estand del BCB m\u00e9s sostenible que mai\" \/>\n<meta property=\"og:url\" content=\"https:\/\/bcbnews.barcelonaturisme.com\/?p=3912\" \/>\n<meta property=\"og:site_name\" content=\"Barcelona Convention Bureau\" \/>\n<meta property=\"article:published_time\" content=\"2023-06-01T07:34:05+00:00\" \/>\n<meta property=\"article:modified_time\" content=\"2023-06-06T13:26:00+00:00\" \/>\n<meta property=\"og:image\" content=\"https:\/\/bcbnews.barcelonaturisme.com\/wp-content\/uploads\/2023\/06\/imex2.jpg\" \/>\n\t<meta property=\"og:image:width\" content=\"1600\" \/>\n\t<meta property=\"og:image:height\" content=\"1200\" \/>\n\t<meta property=\"og:image:type\" content=\"image\/jpeg\" \/>\n<meta name=\"author\" content=\"mcolomer\" \/>\n<meta name=\"twitter:card\" content=\"summary_large_image\" \/>\n<meta name=\"twitter:label1\" content=\"Escrit per\" \/>\n\t<meta name=\"twitter:data1\" content=\"mcolomer\" \/>\n\t<meta name=\"twitter:label2\" content=\"Temps estimat de lectura\" \/>\n\t<meta name=\"twitter:data2\" content=\"2 minuts\" \/>\n<script type=\"application\/ld+json\" class=\"yoast-schema-graph\">{\"@context\":\"https:\/\/schema.org\",\"@graph\":[{\"@type\":\"Article\",\"@id\":\"https:\/\/bcbnews.barcelonaturisme.com\/?p=3912#article\",\"isPartOf\":{\"@id\":\"https:\/\/bcbnews.barcelonaturisme.com\/?p=3912\"},\"author\":{\"name\":\"mcolomer\",\"@id\":\"https:\/\/bcbnews.barcelonaturisme.com\/#\/schema\/person\/3fc6b66859de7d1dd2e84afaba046551\"},\"headline\":\"IMEX Frankfurt 2023\",\"datePublished\":\"2023-06-01T07:34:05+00:00\",\"dateModified\":\"2023-06-06T13:26:00+00:00\",\"mainEntityOfPage\":{\"@id\":\"https:\/\/bcbnews.barcelonaturisme.com\/?p=3912\"},\"wordCount\":355,\"publisher\":{\"@id\":\"https:\/\/bcbnews.barcelonaturisme.com\/#organization\"},\"image\":{\"@id\":\"https:\/\/bcbnews.barcelonaturisme.com\/?p=3912#primaryimage\"},\"thumbnailUrl\":\"https:\/\/bcbnews.barcelonaturisme.com\/wp-content\/uploads\/2023\/06\/imex2.jpg\",\"articleSection\":[\"Accions Promocionals\"],\"inLanguage\":\"ca\"},{\"@type\":\"WebPage\",\"@id\":\"https:\/\/bcbnews.barcelonaturisme.com\/?p=3912\",\"url\":\"https:\/\/bcbnews.barcelonaturisme.com\/?p=3912\",\"name\":\"IMEX Frankfurt 2023 - Barcelona Convention Bureau\",\"isPartOf\":{\"@id\":\"https:\/\/bcbnews.barcelonaturisme.com\/#website\"},\"primaryImageOfPage\":{\"@id\":\"https:\/\/bcbnews.barcelonaturisme.com\/?p=3912#primaryimage\"},\"image\":{\"@id\":\"https:\/\/bcbnews.barcelonaturisme.com\/?p=3912#primaryimage\"},\"thumbnailUrl\":\"https:\/\/bcbnews.barcelonaturisme.com\/wp-content\/uploads\/2023\/06\/imex2.jpg\",\"datePublished\":\"2023-06-01T07:34:05+00:00\",\"dateModified\":\"2023-06-06T13:26:00+00:00\",\"breadcrumb\":{\"@id\":\"https:\/\/bcbnews.barcelonaturisme.com\/?p=3912#breadcrumb\"},\"inLanguage\":\"ca\",\"potentialAction\":[{\"@type\":\"ReadAction\",\"target\":[\"https:\/\/bcbnews.barcelonaturisme.com\/?p=3912\"]}]},{\"@type\":\"ImageObject\",\"inLanguage\":\"ca\",\"@id\":\"https:\/\/bcbnews.barcelonaturisme.com\/?p=3912#primaryimage\",\"url\":\"https:\/\/bcbnews.barcelonaturisme.com\/wp-content\/uploads\/2023\/06\/imex2.jpg\",\"contentUrl\":\"https:\/\/bcbnews.barcelonaturisme.com\/wp-content\/uploads\/2023\/06\/imex2.jpg\",\"width\":1600,\"height\":1200},{\"@type\":\"BreadcrumbList\",\"@id\":\"https:\/\/bcbnews.barcelonaturisme.com\/?p=3912#breadcrumb\",\"itemListElement\":[{\"@type\":\"ListItem\",\"position\":1,\"name\":\"Inici\",\"item\":\"https:\/\/bcbnews.barcelonaturisme.com\/\"},{\"@type\":\"ListItem\",\"position\":2,\"name\":\"IMEX Frankfurt 2023\"}]},{\"@type\":\"WebSite\",\"@id\":\"https:\/\/bcbnews.barcelonaturisme.com\/#website\",\"url\":\"https:\/\/bcbnews.barcelonaturisme.com\/\",\"name\":\"BCB News \/ Barcelona Convention Bureau\",\"description\":\"BCB Magazine\",\"publisher\":{\"@id\":\"https:\/\/bcbnews.barcelonaturisme.com\/#organization\"},\"potentialAction\":[{\"@type\":\"SearchAction\",\"target\":{\"@type\":\"EntryPoint\",\"urlTemplate\":\"https:\/\/bcbnews.barcelonaturisme.com\/?s={search_term_string}\"},\"query-input\":{\"@type\":\"PropertyValueSpecification\",\"valueRequired\":true,\"valueName\":\"search_term_string\"}}],\"inLanguage\":\"ca\"},{\"@type\":\"Organization\",\"@id\":\"https:\/\/bcbnews.barcelonaturisme.com\/#organization\",\"name\":\"BCB News \/ Barcelona Convention Bureau\",\"url\":\"https:\/\/bcbnews.barcelonaturisme.com\/\",\"logo\":{\"@type\":\"ImageObject\",\"inLanguage\":\"ca\",\"@id\":\"https:\/\/bcbnews.barcelonaturisme.com\/#\/schema\/logo\/image\/\",\"url\":\"https:\/\/bcbnews.barcelonaturisme.com\/wp-content\/uploads\/2021\/12\/BCB_logo.png\",\"contentUrl\":\"https:\/\/bcbnews.barcelonaturisme.com\/wp-content\/uploads\/2021\/12\/BCB_logo.png\",\"width\":543,\"height\":166,\"caption\":\"BCB News \/ Barcelona Convention Bureau\"},\"image\":{\"@id\":\"https:\/\/bcbnews.barcelonaturisme.com\/#\/schema\/logo\/image\/\"}},{\"@type\":\"Person\",\"@id\":\"https:\/\/bcbnews.barcelonaturisme.com\/#\/schema\/person\/3fc6b66859de7d1dd2e84afaba046551\",\"name\":\"mcolomer\",\"url\":\"https:\/\/bcbnews.barcelonaturisme.com\/?author=3\"}]}<\/script>\n<!-- \/ Yoast SEO plugin. -->","yoast_head_json":{"title":"IMEX Frankfurt 2023 - Barcelona Convention Bureau","robots":{"index":"index","follow":"follow","max-snippet":"max-snippet:-1","max-image-preview":"max-image-preview:large","max-video-preview":"max-video-preview:-1"},"canonical":"https:\/\/bcbnews.barcelonaturisme.com\/?p=3912","og_locale":"ca_ES","og_type":"article","og_title":"IMEX Frankfurt 2023 - Barcelona Convention Bureau","og_description":"L'estand del BCB m\u00e9s sostenible que mai","og_url":"https:\/\/bcbnews.barcelonaturisme.com\/?p=3912","og_site_name":"Barcelona Convention Bureau","article_published_time":"2023-06-01T07:34:05+00:00","article_modified_time":"2023-06-06T13:26:00+00:00","og_image":[{"width":1600,"height":1200,"url":"https:\/\/bcbnews.barcelonaturisme.com\/wp-content\/uploads\/2023\/06\/imex2.jpg","type":"image\/jpeg"}],"author":"mcolomer","twitter_card":"summary_large_image","twitter_misc":{"Escrit per":"mcolomer","Temps estimat de lectura":"2 minuts"},"schema":{"@context":"https:\/\/schema.org","@graph":[{"@type":"Article","@id":"https:\/\/bcbnews.barcelonaturisme.com\/?p=3912#article","isPartOf":{"@id":"https:\/\/bcbnews.barcelonaturisme.com\/?p=3912"},"author":{"name":"mcolomer","@id":"https:\/\/bcbnews.barcelonaturisme.com\/#\/schema\/person\/3fc6b66859de7d1dd2e84afaba046551"},"headline":"IMEX Frankfurt 2023","datePublished":"2023-06-01T07:34:05+00:00","dateModified":"2023-06-06T13:26:00+00:00","mainEntityOfPage":{"@id":"https:\/\/bcbnews.barcelonaturisme.com\/?p=3912"},"wordCount":355,"publisher":{"@id":"https:\/\/bcbnews.barcelonaturisme.com\/#organization"},"image":{"@id":"https:\/\/bcbnews.barcelonaturisme.com\/?p=3912#primaryimage"},"thumbnailUrl":"https:\/\/bcbnews.barcelonaturisme.com\/wp-content\/uploads\/2023\/06\/imex2.jpg","articleSection":["Accions Promocionals"],"inLanguage":"ca"},{"@type":"WebPage","@id":"https:\/\/bcbnews.barcelonaturisme.com\/?p=3912","url":"https:\/\/bcbnews.barcelonaturisme.com\/?p=3912","name":"IMEX Frankfurt 2023 - Barcelona Convention Bureau","isPartOf":{"@id":"https:\/\/bcbnews.barcelonaturisme.com\/#website"},"primaryImageOfPage":{"@id":"https:\/\/bcbnews.barcelonaturisme.com\/?p=3912#primaryimage"},"image":{"@id":"https:\/\/bcbnews.barcelonaturisme.com\/?p=3912#primaryimage"},"thumbnailUrl":"https:\/\/bcbnews.barcelonaturisme.com\/wp-content\/uploads\/2023\/06\/imex2.jpg","datePublished":"2023-06-01T07:34:05+00:00","dateModified":"2023-06-06T13:26:00+00:00","breadcrumb":{"@id":"https:\/\/bcbnews.barcelonaturisme.com\/?p=3912#breadcrumb"},"inLanguage":"ca","potentialAction":[{"@type":"ReadAction","target":["https:\/\/bcbnews.barcelonaturisme.com\/?p=3912"]}]},{"@type":"ImageObject","inLanguage":"ca","@id":"https:\/\/bcbnews.barcelonaturisme.com\/?p=3912#primaryimage","url":"https:\/\/bcbnews.barcelonaturisme.com\/wp-content\/uploads\/2023\/06\/imex2.jpg","contentUrl":"https:\/\/bcbnews.barcelonaturisme.com\/wp-content\/uploads\/2023\/06\/imex2.jpg","width":1600,"height":1200},{"@type":"BreadcrumbList","@id":"https:\/\/bcbnews.barcelonaturisme.com\/?p=3912#breadcrumb","itemListElement":[{"@type":"ListItem","position":1,"name":"Inici","item":"https:\/\/bcbnews.barcelonaturisme.com\/"},{"@type":"ListItem","position":2,"name":"IMEX Frankfurt 2023"}]},{"@type":"WebSite","@id":"https:\/\/bcbnews.barcelonaturisme.com\/#website","url":"https:\/\/bcbnews.barcelonaturisme.com\/","name":"BCB News \/ Barcelona Convention Bureau","description":"BCB Magazine","publisher":{"@id":"https:\/\/bcbnews.barcelonaturisme.com\/#organization"},"potentialAction":[{"@type":"SearchAction","target":{"@type":"EntryPoint","urlTemplate":"https:\/\/bcbnews.barcelonaturisme.com\/?s={search_term_string}"},"query-input":{"@type":"PropertyValueSpecification","valueRequired":true,"valueName":"search_term_string"}}],"inLanguage":"ca"},{"@type":"Organization","@id":"https:\/\/bcbnews.barcelonaturisme.com\/#organization","name":"BCB News \/ Barcelona Convention Bureau","url":"https:\/\/bcbnews.barcelonaturisme.com\/","logo":{"@type":"ImageObject","inLanguage":"ca","@id":"https:\/\/bcbnews.barcelonaturisme.com\/#\/schema\/logo\/image\/","url":"https:\/\/bcbnews.barcelonaturisme.com\/wp-content\/uploads\/2021\/12\/BCB_logo.png","contentUrl":"https:\/\/bcbnews.barcelonaturisme.com\/wp-content\/uploads\/2021\/12\/BCB_logo.png","width":543,"height":166,"caption":"BCB News \/ Barcelona Convention Bureau"},"image":{"@id":"https:\/\/bcbnews.barcelonaturisme.com\/#\/schema\/logo\/image\/"}},{"@type":"Person","@id":"https:\/\/bcbnews.barcelonaturisme.com\/#\/schema\/person\/3fc6b66859de7d1dd2e84afaba046551","name":"mcolomer","url":"https:\/\/bcbnews.barcelonaturisme.com\/?author=3"}]}},"_links":{"self":[{"href":"https:\/\/bcbnews.barcelonaturisme.com\/index.php?rest_route=\/wp\/v2\/posts\/3912"}],"collection":[{"href":"https:\/\/bcbnews.barcelonaturisme.com\/index.php?rest_route=\/wp\/v2\/posts"}],"about":[{"href":"https:\/\/bcbnews.barcelonaturisme.com\/index.php?rest_route=\/wp\/v2\/types\/post"}],"author":[{"embeddable":true,"href":"https:\/\/bcbnews.barcelonaturisme.com\/index.php?rest_route=\/wp\/v2\/users\/3"}],"replies":[{"embeddable":true,"href":"https:\/\/bcbnews.barcelonaturisme.com\/index.php?rest_route=%2Fwp%2Fv2%2Fcomments&post=3912"}],"version-history":[{"count":4,"href":"https:\/\/bcbnews.barcelonaturisme.com\/index.php?rest_route=\/wp\/v2\/posts\/3912\/revisions"}],"predecessor-version":[{"id":4230,"href":"https:\/\/bcbnews.barcelonaturisme.com\/index.php?rest_route=\/wp\/v2\/posts\/3912\/revisions\/4230"}],"wp:featuredmedia":[{"embeddable":true,"href":"https:\/\/bcbnews.barcelonaturisme.com\/index.php?rest_route=\/wp\/v2\/media\/3915"}],"wp:attachment":[{"href":"https:\/\/bcbnews.barcelonaturisme.com\/index.php?rest_route=%2Fwp%2Fv2%2Fmedia&parent=3912"}],"wp:term":[{"taxonomy":"category","embeddable":true,"href":"https:\/\/bcbnews.barcelonaturisme.com\/index.php?rest_route=%2Fwp%2Fv2%2Fcategories&post=3912"},{"taxonomy":"post_tag","embeddable":true,"href":"https:\/\/bcbnews.barcelonaturisme.com\/index.php?rest_route=%2Fwp%2Fv2%2Ftags&post=3912"},{"taxonomy":"capcalera","embeddable":true,"href":"https:\/\/bcbnews.barcelonaturisme.com\/index.php?rest_route=%2Fwp%2Fv2%2Fcapcalera&post=3912"}],"curies":[{"name":"wp","href":"https:\/\/api.w.org\/{rel}","templated":true}]}}