{"id":4793,"date":"2023-12-18T11:47:20","date_gmt":"2023-12-18T10:47:20","guid":{"rendered":"https:\/\/bcbnews.barcelonaturisme.com\/?p=4793"},"modified":"2023-12-21T10:51:32","modified_gmt":"2023-12-21T09:51:32","slug":"connexio-barcelona-europa-3","status":"publish","type":"post","link":"https:\/\/bcbnews.barcelonaturisme.com\/?p=4793","title":{"rendered":"Connexi\u00f3 Barcelona \u2013 Europa"},"content":{"rendered":"\n<p class=\"has-medium-font-size\">Enfortint lla\u00e7os amb el mercat europeu<\/p>\n\n\n\n<div class=\"wp-block-columns is-layout-flex wp-container-core-columns-is-layout-1 wp-block-columns-is-layout-flex\">\n<div class=\"wp-block-column is-layout-flow wp-block-column-is-layout-flow\">\n<figure class=\"wp-block-image size-large\"><img fetchpriority=\"high\" decoding=\"async\" width=\"1024\" height=\"576\" src=\"https:\/\/bcbnews.barcelonaturisme.com\/wp-content\/uploads\/2023\/12\/4-1-1024x576.jpg\" alt=\"\" class=\"wp-image-5003\" srcset=\"https:\/\/bcbnews.barcelonaturisme.com\/wp-content\/uploads\/2023\/12\/4-1-1024x576.jpg 1024w, https:\/\/bcbnews.barcelonaturisme.com\/wp-content\/uploads\/2023\/12\/4-1-300x169.jpg 300w, https:\/\/bcbnews.barcelonaturisme.com\/wp-content\/uploads\/2023\/12\/4-1-768x432.jpg 768w, https:\/\/bcbnews.barcelonaturisme.com\/wp-content\/uploads\/2023\/12\/4-1-1536x864.jpg 1536w, https:\/\/bcbnews.barcelonaturisme.com\/wp-content\/uploads\/2023\/12\/4-1.jpg 1600w\" sizes=\"(max-width: 1024px) 100vw, 1024px\" \/><figcaption class=\"wp-element-caption\">Fam trip Alemanya<\/figcaption><\/figure>\n<\/div>\n\n\n\n<div class=\"wp-block-column is-layout-flow wp-block-column-is-layout-flow\">\n<figure class=\"wp-block-image size-large\"><img decoding=\"async\" width=\"1024\" height=\"768\" src=\"https:\/\/bcbnews.barcelonaturisme.com\/wp-content\/uploads\/2023\/12\/MIS-International-1024x768.jpg\" alt=\"\" class=\"wp-image-4796\" srcset=\"https:\/\/bcbnews.barcelonaturisme.com\/wp-content\/uploads\/2023\/12\/MIS-International-1024x768.jpg 1024w, https:\/\/bcbnews.barcelonaturisme.com\/wp-content\/uploads\/2023\/12\/MIS-International-300x225.jpg 300w, https:\/\/bcbnews.barcelonaturisme.com\/wp-content\/uploads\/2023\/12\/MIS-International-768x576.jpg 768w, https:\/\/bcbnews.barcelonaturisme.com\/wp-content\/uploads\/2023\/12\/MIS-International-1536x1152.jpg 1536w, https:\/\/bcbnews.barcelonaturisme.com\/wp-content\/uploads\/2023\/12\/MIS-International.jpg 2048w\" sizes=\"(max-width: 1024px) 100vw, 1024px\" \/><figcaption class=\"wp-element-caption\">MIS International<\/figcaption><\/figure>\n<\/div>\n\n\n\n<div class=\"wp-block-column is-layout-flow wp-block-column-is-layout-flow\">\n<figure class=\"wp-block-image size-large\"><img decoding=\"async\" width=\"1024\" height=\"768\" src=\"https:\/\/bcbnews.barcelonaturisme.com\/wp-content\/uploads\/2023\/12\/jornadas-inversas-1024x768.jpg\" alt=\"\" class=\"wp-image-4812\" srcset=\"https:\/\/bcbnews.barcelonaturisme.com\/wp-content\/uploads\/2023\/12\/jornadas-inversas-1024x768.jpg 1024w, https:\/\/bcbnews.barcelonaturisme.com\/wp-content\/uploads\/2023\/12\/jornadas-inversas-300x225.jpg 300w, https:\/\/bcbnews.barcelonaturisme.com\/wp-content\/uploads\/2023\/12\/jornadas-inversas-768x576.jpg 768w, https:\/\/bcbnews.barcelonaturisme.com\/wp-content\/uploads\/2023\/12\/jornadas-inversas-1536x1152.jpg 1536w, https:\/\/bcbnews.barcelonaturisme.com\/wp-content\/uploads\/2023\/12\/jornadas-inversas.jpg 2048w\" sizes=\"(max-width: 1024px) 100vw, 1024px\" \/><figcaption class=\"wp-element-caption\">Jornades inverses mercat alemany<\/figcaption><\/figure>\n<\/div>\n<\/div>\n\n\n\n<p><strong>MIS International<\/strong><br>1-3 octubre, Marbella<\/p>\n\n\n\n<p>L&#8217;edici\u00f3 de 2023 de Meeting and Incentive Summit International es va celebrar a Marbella. Ens vam reunir amb organitzadors internacionals durant tres dies, donant a con\u00e8ixer les novetats que ofereix Barcelona per a aquest 2024.<\/p>\n\n\n\n<p><strong>Jornades inverses mercat alemany \u2013 SCB<\/strong><br>17-19 novembre, Gran Canaria<\/p>\n\n\n\n<p>Durant els tres dies d&#8217;aquestes jornades, organitzades pel Spain Convention Bureau i la OET de Frankfurt, es van dur a terme reunions de treball amb una dotzena de representants de la ind\u00fastria de reunions d&#8217;Alemanya.<\/p>\n\n\n\n<p>La trobada tamb\u00e9 va incloure activitats per a incentius, donant a con\u00e8ixer l&#8217;oferta disponible en els destins assistents a les jornades.<\/p>\n\n\n\n<p>A m\u00e9s de Barcelona, van participar en aquesta jornada inversa dedicada al mercat alemany: Gran Can\u00e0ries, Benidorm, Eivissa, Lanzarote, Madrid, M\u00e0laga, Palma, Santander, Val\u00e8ncia i Saragossa.<\/p>\n\n\n\n<p><\/p>\n\n\n\n<p><strong>FT Alemanya (OET Frankfurt)<\/strong><br>24-27 novembre, Barcelona i Sitges<\/p>\n\n\n\n<p>En els dies previs a l&#8217;IBTM vam organitzar juntament amb Sitges Convention Bureau, l&#8217;OET de Frankfurt i el CCB, un fam trip al qual van assistir 10 ag\u00e8ncies alemanyes. Durant el programa els clients van tenir l&#8217;oportunitat de descobrir Barcelona i Sitges en un programa orientat a novetats com la Copa America.<\/p>\n\n\n\n<p>Com sempre, moltes gr\u00e0cies als nostres membres col\u00b7laboradors: Meli\u00e2, AC Experience, Palau de Congressos de Catalunya, Rte. Torre Altamar, Sant Pau Recinte Modernista, Mirador Glories, Rte. L&#8217;Arenal.<\/p>\n\n\n\n<p><strong>Per a m\u00e9s informaci\u00f3<\/strong>: Anna Orozco \u2013 <a href=\"mailto:aorozco@barcelonaturisme.com\" target=\"_blank\" rel=\"noreferrer noopener\">aorozco@barcelonaturisme.com<\/a><\/p>\n\n\n\n<p><strong>MICE &amp; Forum Inside<\/strong><br>11-12 desembre, Barcelona<\/p>\n\n\n\n<p>Dos jornades intenses que han congregat a 50 compradors de les principals empreses i ag\u00e8ncies espanyoles amb prove\u00efdors del sector MICE.<\/p>\n\n\n\n<p><strong>Per a m\u00e9s informaci\u00f3<\/strong>: Noem\u00ed Rosell \u2013 <a href=\"mailto:nrosell@barcelonaturisme.com\" target=\"_blank\" rel=\"noreferrer noopener\">nrosell@barcelonaturisme.com<\/a><\/p>\n\n\n\n<p><strong>Winter Workshop Partance<\/strong><br>11 desembre, Paris<\/p>\n\n\n\n<p>El Barcelona Convention Bureau va concloure la seva campanya promocional per a l&#8217;any 2023 participant en l&#8217;\u00faltim workshop de Partance, en companyia d&#8217;alguns dels nostres membres, com ara el Majestic Hotel &amp; Spa Barcelona i PortAventura World, aix\u00ed com l&#8217;equip del Tembo Hotel, la inauguraci\u00f3 del qual s&#8217;espera a finals de gener de 2024.<br>Ens vam trobar amb aproximadament un centenar de compradors interessats en con\u00e8ixer m\u00e9s sobre la nostra oferta i brindar junts pel tancament de l&#8217;any.<\/p>\n\n\n\n<p><strong>Per a m\u00e9s informaci\u00f3<\/strong>: Cecile Dorian &#8211; <a href=\"mailto:cdorian@barcelonaturisme.com\" target=\"_blank\" rel=\"noreferrer noopener\">cdorian@barcelonaturisme.com<\/a><\/p>\n","protected":false},"excerpt":{"rendered":"<p>Enfortint lla\u00e7os amb el mercat europeu<\/p>\n","protected":false},"author":3,"featured_media":4800,"comment_status":"closed","ping_status":"closed","sticky":false,"template":"","format":"standard","meta":{"footnotes":""},"categories":[4],"tags":[],"capcalera":[],"class_list":["post-4793","post","type-post","status-publish","format-standard","has-post-thumbnail","hentry","category-accions-promocionals"],"acf":[],"yoast_head":"<!-- This site is optimized with the Yoast SEO plugin v25.3 - https:\/\/yoast.com\/wordpress\/plugins\/seo\/ -->\n<title>Connexi\u00f3 Barcelona \u2013 Europa - Barcelona Convention Bureau<\/title>\n<meta name=\"robots\" content=\"index, follow, max-snippet:-1, max-image-preview:large, max-video-preview:-1\" \/>\n<link rel=\"canonical\" href=\"https:\/\/bcbnews.barcelonaturisme.com\/?p=4793\" \/>\n<meta property=\"og:locale\" content=\"ca_ES\" \/>\n<meta property=\"og:type\" content=\"article\" \/>\n<meta property=\"og:title\" content=\"Connexi\u00f3 Barcelona \u2013 Europa - Barcelona Convention Bureau\" \/>\n<meta property=\"og:description\" content=\"Enfortint lla\u00e7os amb el mercat europeu\" \/>\n<meta property=\"og:url\" content=\"https:\/\/bcbnews.barcelonaturisme.com\/?p=4793\" \/>\n<meta property=\"og:site_name\" content=\"Barcelona Convention Bureau\" \/>\n<meta property=\"article:published_time\" content=\"2023-12-18T10:47:20+00:00\" \/>\n<meta property=\"article:modified_time\" content=\"2023-12-21T09:51:32+00:00\" \/>\n<meta property=\"og:image\" content=\"https:\/\/bcbnews.barcelonaturisme.com\/wp-content\/uploads\/2023\/12\/FT-Alemanya_Bcn-i-Sitges_2.jpg\" \/>\n\t<meta property=\"og:image:width\" content=\"1600\" \/>\n\t<meta property=\"og:image:height\" content=\"900\" \/>\n\t<meta property=\"og:image:type\" content=\"image\/jpeg\" \/>\n<meta name=\"author\" content=\"mcolomer\" \/>\n<meta name=\"twitter:card\" content=\"summary_large_image\" \/>\n<meta name=\"twitter:label1\" content=\"Escrit per\" \/>\n\t<meta name=\"twitter:data1\" content=\"mcolomer\" \/>\n\t<meta name=\"twitter:label2\" content=\"Temps estimat de lectura\" \/>\n\t<meta name=\"twitter:data2\" content=\"3 minuts\" \/>\n<script type=\"application\/ld+json\" class=\"yoast-schema-graph\">{\"@context\":\"https:\/\/schema.org\",\"@graph\":[{\"@type\":\"Article\",\"@id\":\"https:\/\/bcbnews.barcelonaturisme.com\/?p=4793#article\",\"isPartOf\":{\"@id\":\"https:\/\/bcbnews.barcelonaturisme.com\/?p=4793\"},\"author\":{\"name\":\"mcolomer\",\"@id\":\"https:\/\/bcbnews.barcelonaturisme.com\/#\/schema\/person\/3fc6b66859de7d1dd2e84afaba046551\"},\"headline\":\"Connexi\u00f3 Barcelona \u2013 Europa\",\"datePublished\":\"2023-12-18T10:47:20+00:00\",\"dateModified\":\"2023-12-21T09:51:32+00:00\",\"mainEntityOfPage\":{\"@id\":\"https:\/\/bcbnews.barcelonaturisme.com\/?p=4793\"},\"wordCount\":402,\"publisher\":{\"@id\":\"https:\/\/bcbnews.barcelonaturisme.com\/#organization\"},\"image\":{\"@id\":\"https:\/\/bcbnews.barcelonaturisme.com\/?p=4793#primaryimage\"},\"thumbnailUrl\":\"https:\/\/bcbnews.barcelonaturisme.com\/wp-content\/uploads\/2023\/12\/FT-Alemanya_Bcn-i-Sitges_2.jpg\",\"articleSection\":[\"Accions Promocionals\"],\"inLanguage\":\"ca\"},{\"@type\":\"WebPage\",\"@id\":\"https:\/\/bcbnews.barcelonaturisme.com\/?p=4793\",\"url\":\"https:\/\/bcbnews.barcelonaturisme.com\/?p=4793\",\"name\":\"Connexi\u00f3 Barcelona \u2013 Europa - Barcelona Convention Bureau\",\"isPartOf\":{\"@id\":\"https:\/\/bcbnews.barcelonaturisme.com\/#website\"},\"primaryImageOfPage\":{\"@id\":\"https:\/\/bcbnews.barcelonaturisme.com\/?p=4793#primaryimage\"},\"image\":{\"@id\":\"https:\/\/bcbnews.barcelonaturisme.com\/?p=4793#primaryimage\"},\"thumbnailUrl\":\"https:\/\/bcbnews.barcelonaturisme.com\/wp-content\/uploads\/2023\/12\/FT-Alemanya_Bcn-i-Sitges_2.jpg\",\"datePublished\":\"2023-12-18T10:47:20+00:00\",\"dateModified\":\"2023-12-21T09:51:32+00:00\",\"breadcrumb\":{\"@id\":\"https:\/\/bcbnews.barcelonaturisme.com\/?p=4793#breadcrumb\"},\"inLanguage\":\"ca\",\"potentialAction\":[{\"@type\":\"ReadAction\",\"target\":[\"https:\/\/bcbnews.barcelonaturisme.com\/?p=4793\"]}]},{\"@type\":\"ImageObject\",\"inLanguage\":\"ca\",\"@id\":\"https:\/\/bcbnews.barcelonaturisme.com\/?p=4793#primaryimage\",\"url\":\"https:\/\/bcbnews.barcelonaturisme.com\/wp-content\/uploads\/2023\/12\/FT-Alemanya_Bcn-i-Sitges_2.jpg\",\"contentUrl\":\"https:\/\/bcbnews.barcelonaturisme.com\/wp-content\/uploads\/2023\/12\/FT-Alemanya_Bcn-i-Sitges_2.jpg\",\"width\":1600,\"height\":900},{\"@type\":\"BreadcrumbList\",\"@id\":\"https:\/\/bcbnews.barcelonaturisme.com\/?p=4793#breadcrumb\",\"itemListElement\":[{\"@type\":\"ListItem\",\"position\":1,\"name\":\"Inici\",\"item\":\"https:\/\/bcbnews.barcelonaturisme.com\/\"},{\"@type\":\"ListItem\",\"position\":2,\"name\":\"Connexi\u00f3 Barcelona \u2013 Europa\"}]},{\"@type\":\"WebSite\",\"@id\":\"https:\/\/bcbnews.barcelonaturisme.com\/#website\",\"url\":\"https:\/\/bcbnews.barcelonaturisme.com\/\",\"name\":\"BCB News \/ Barcelona Convention Bureau\",\"description\":\"BCB Magazine\",\"publisher\":{\"@id\":\"https:\/\/bcbnews.barcelonaturisme.com\/#organization\"},\"potentialAction\":[{\"@type\":\"SearchAction\",\"target\":{\"@type\":\"EntryPoint\",\"urlTemplate\":\"https:\/\/bcbnews.barcelonaturisme.com\/?s={search_term_string}\"},\"query-input\":{\"@type\":\"PropertyValueSpecification\",\"valueRequired\":true,\"valueName\":\"search_term_string\"}}],\"inLanguage\":\"ca\"},{\"@type\":\"Organization\",\"@id\":\"https:\/\/bcbnews.barcelonaturisme.com\/#organization\",\"name\":\"BCB News \/ Barcelona Convention Bureau\",\"url\":\"https:\/\/bcbnews.barcelonaturisme.com\/\",\"logo\":{\"@type\":\"ImageObject\",\"inLanguage\":\"ca\",\"@id\":\"https:\/\/bcbnews.barcelonaturisme.com\/#\/schema\/logo\/image\/\",\"url\":\"https:\/\/bcbnews.barcelonaturisme.com\/wp-content\/uploads\/2021\/12\/BCB_logo.png\",\"contentUrl\":\"https:\/\/bcbnews.barcelonaturisme.com\/wp-content\/uploads\/2021\/12\/BCB_logo.png\",\"width\":543,\"height\":166,\"caption\":\"BCB News \/ Barcelona Convention Bureau\"},\"image\":{\"@id\":\"https:\/\/bcbnews.barcelonaturisme.com\/#\/schema\/logo\/image\/\"}},{\"@type\":\"Person\",\"@id\":\"https:\/\/bcbnews.barcelonaturisme.com\/#\/schema\/person\/3fc6b66859de7d1dd2e84afaba046551\",\"name\":\"mcolomer\",\"url\":\"https:\/\/bcbnews.barcelonaturisme.com\/?author=3\"}]}<\/script>\n<!-- \/ Yoast SEO plugin. -->","yoast_head_json":{"title":"Connexi\u00f3 Barcelona \u2013 Europa - Barcelona Convention Bureau","robots":{"index":"index","follow":"follow","max-snippet":"max-snippet:-1","max-image-preview":"max-image-preview:large","max-video-preview":"max-video-preview:-1"},"canonical":"https:\/\/bcbnews.barcelonaturisme.com\/?p=4793","og_locale":"ca_ES","og_type":"article","og_title":"Connexi\u00f3 Barcelona \u2013 Europa - Barcelona Convention Bureau","og_description":"Enfortint lla\u00e7os amb el mercat europeu","og_url":"https:\/\/bcbnews.barcelonaturisme.com\/?p=4793","og_site_name":"Barcelona Convention Bureau","article_published_time":"2023-12-18T10:47:20+00:00","article_modified_time":"2023-12-21T09:51:32+00:00","og_image":[{"width":1600,"height":900,"url":"https:\/\/bcbnews.barcelonaturisme.com\/wp-content\/uploads\/2023\/12\/FT-Alemanya_Bcn-i-Sitges_2.jpg","type":"image\/jpeg"}],"author":"mcolomer","twitter_card":"summary_large_image","twitter_misc":{"Escrit per":"mcolomer","Temps estimat de lectura":"3 minuts"},"schema":{"@context":"https:\/\/schema.org","@graph":[{"@type":"Article","@id":"https:\/\/bcbnews.barcelonaturisme.com\/?p=4793#article","isPartOf":{"@id":"https:\/\/bcbnews.barcelonaturisme.com\/?p=4793"},"author":{"name":"mcolomer","@id":"https:\/\/bcbnews.barcelonaturisme.com\/#\/schema\/person\/3fc6b66859de7d1dd2e84afaba046551"},"headline":"Connexi\u00f3 Barcelona \u2013 Europa","datePublished":"2023-12-18T10:47:20+00:00","dateModified":"2023-12-21T09:51:32+00:00","mainEntityOfPage":{"@id":"https:\/\/bcbnews.barcelonaturisme.com\/?p=4793"},"wordCount":402,"publisher":{"@id":"https:\/\/bcbnews.barcelonaturisme.com\/#organization"},"image":{"@id":"https:\/\/bcbnews.barcelonaturisme.com\/?p=4793#primaryimage"},"thumbnailUrl":"https:\/\/bcbnews.barcelonaturisme.com\/wp-content\/uploads\/2023\/12\/FT-Alemanya_Bcn-i-Sitges_2.jpg","articleSection":["Accions Promocionals"],"inLanguage":"ca"},{"@type":"WebPage","@id":"https:\/\/bcbnews.barcelonaturisme.com\/?p=4793","url":"https:\/\/bcbnews.barcelonaturisme.com\/?p=4793","name":"Connexi\u00f3 Barcelona \u2013 Europa - Barcelona Convention Bureau","isPartOf":{"@id":"https:\/\/bcbnews.barcelonaturisme.com\/#website"},"primaryImageOfPage":{"@id":"https:\/\/bcbnews.barcelonaturisme.com\/?p=4793#primaryimage"},"image":{"@id":"https:\/\/bcbnews.barcelonaturisme.com\/?p=4793#primaryimage"},"thumbnailUrl":"https:\/\/bcbnews.barcelonaturisme.com\/wp-content\/uploads\/2023\/12\/FT-Alemanya_Bcn-i-Sitges_2.jpg","datePublished":"2023-12-18T10:47:20+00:00","dateModified":"2023-12-21T09:51:32+00:00","breadcrumb":{"@id":"https:\/\/bcbnews.barcelonaturisme.com\/?p=4793#breadcrumb"},"inLanguage":"ca","potentialAction":[{"@type":"ReadAction","target":["https:\/\/bcbnews.barcelonaturisme.com\/?p=4793"]}]},{"@type":"ImageObject","inLanguage":"ca","@id":"https:\/\/bcbnews.barcelonaturisme.com\/?p=4793#primaryimage","url":"https:\/\/bcbnews.barcelonaturisme.com\/wp-content\/uploads\/2023\/12\/FT-Alemanya_Bcn-i-Sitges_2.jpg","contentUrl":"https:\/\/bcbnews.barcelonaturisme.com\/wp-content\/uploads\/2023\/12\/FT-Alemanya_Bcn-i-Sitges_2.jpg","width":1600,"height":900},{"@type":"BreadcrumbList","@id":"https:\/\/bcbnews.barcelonaturisme.com\/?p=4793#breadcrumb","itemListElement":[{"@type":"ListItem","position":1,"name":"Inici","item":"https:\/\/bcbnews.barcelonaturisme.com\/"},{"@type":"ListItem","position":2,"name":"Connexi\u00f3 Barcelona \u2013 Europa"}]},{"@type":"WebSite","@id":"https:\/\/bcbnews.barcelonaturisme.com\/#website","url":"https:\/\/bcbnews.barcelonaturisme.com\/","name":"BCB News \/ Barcelona Convention Bureau","description":"BCB Magazine","publisher":{"@id":"https:\/\/bcbnews.barcelonaturisme.com\/#organization"},"potentialAction":[{"@type":"SearchAction","target":{"@type":"EntryPoint","urlTemplate":"https:\/\/bcbnews.barcelonaturisme.com\/?s={search_term_string}"},"query-input":{"@type":"PropertyValueSpecification","valueRequired":true,"valueName":"search_term_string"}}],"inLanguage":"ca"},{"@type":"Organization","@id":"https:\/\/bcbnews.barcelonaturisme.com\/#organization","name":"BCB News \/ Barcelona Convention Bureau","url":"https:\/\/bcbnews.barcelonaturisme.com\/","logo":{"@type":"ImageObject","inLanguage":"ca","@id":"https:\/\/bcbnews.barcelonaturisme.com\/#\/schema\/logo\/image\/","url":"https:\/\/bcbnews.barcelonaturisme.com\/wp-content\/uploads\/2021\/12\/BCB_logo.png","contentUrl":"https:\/\/bcbnews.barcelonaturisme.com\/wp-content\/uploads\/2021\/12\/BCB_logo.png","width":543,"height":166,"caption":"BCB News \/ Barcelona Convention Bureau"},"image":{"@id":"https:\/\/bcbnews.barcelonaturisme.com\/#\/schema\/logo\/image\/"}},{"@type":"Person","@id":"https:\/\/bcbnews.barcelonaturisme.com\/#\/schema\/person\/3fc6b66859de7d1dd2e84afaba046551","name":"mcolomer","url":"https:\/\/bcbnews.barcelonaturisme.com\/?author=3"}]}},"_links":{"self":[{"href":"https:\/\/bcbnews.barcelonaturisme.com\/index.php?rest_route=\/wp\/v2\/posts\/4793"}],"collection":[{"href":"https:\/\/bcbnews.barcelonaturisme.com\/index.php?rest_route=\/wp\/v2\/posts"}],"about":[{"href":"https:\/\/bcbnews.barcelonaturisme.com\/index.php?rest_route=\/wp\/v2\/types\/post"}],"author":[{"embeddable":true,"href":"https:\/\/bcbnews.barcelonaturisme.com\/index.php?rest_route=\/wp\/v2\/users\/3"}],"replies":[{"embeddable":true,"href":"https:\/\/bcbnews.barcelonaturisme.com\/index.php?rest_route=%2Fwp%2Fv2%2Fcomments&post=4793"}],"version-history":[{"count":4,"href":"https:\/\/bcbnews.barcelonaturisme.com\/index.php?rest_route=\/wp\/v2\/posts\/4793\/revisions"}],"predecessor-version":[{"id":5005,"href":"https:\/\/bcbnews.barcelonaturisme.com\/index.php?rest_route=\/wp\/v2\/posts\/4793\/revisions\/5005"}],"wp:featuredmedia":[{"embeddable":true,"href":"https:\/\/bcbnews.barcelonaturisme.com\/index.php?rest_route=\/wp\/v2\/media\/4800"}],"wp:attachment":[{"href":"https:\/\/bcbnews.barcelonaturisme.com\/index.php?rest_route=%2Fwp%2Fv2%2Fmedia&parent=4793"}],"wp:term":[{"taxonomy":"category","embeddable":true,"href":"https:\/\/bcbnews.barcelonaturisme.com\/index.php?rest_route=%2Fwp%2Fv2%2Fcategories&post=4793"},{"taxonomy":"post_tag","embeddable":true,"href":"https:\/\/bcbnews.barcelonaturisme.com\/index.php?rest_route=%2Fwp%2Fv2%2Ftags&post=4793"},{"taxonomy":"capcalera","embeddable":true,"href":"https:\/\/bcbnews.barcelonaturisme.com\/index.php?rest_route=%2Fwp%2Fv2%2Fcapcalera&post=4793"}],"curies":[{"name":"wp","href":"https:\/\/api.w.org\/{rel}","templated":true}]}}