{"id":4869,"date":"2023-12-18T14:15:38","date_gmt":"2023-12-18T13:15:38","guid":{"rendered":"https:\/\/bcbnews.barcelonaturisme.com\/?p=4869"},"modified":"2023-12-18T14:17:07","modified_gmt":"2023-12-18T13:17:07","slug":"el-cirque-du-soleil-torna-a-barcelona","status":"publish","type":"post","link":"https:\/\/bcbnews.barcelonaturisme.com\/?p=4869&lang=es","title":{"rendered":"El Cirque du Soleil vuelve a Barcelona"},"content":{"rendered":"\n<p class=\"has-medium-font-size\">ALEGRIA, su espect\u00e1culo m\u00e1s ic\u00f3nico completamente reinventado<\/p>\n\n\n\n<figure class=\"wp-block-image size-large\"><img fetchpriority=\"high\" decoding=\"async\" width=\"791\" height=\"1024\" src=\"https:\/\/bcbnews.barcelonaturisme.com\/wp-content\/uploads\/2023\/12\/VIP-Flyer-Alegria-Barcelona-791x1024.jpg\" alt=\"\" class=\"wp-image-4864\" srcset=\"https:\/\/bcbnews.barcelonaturisme.com\/wp-content\/uploads\/2023\/12\/VIP-Flyer-Alegria-Barcelona-791x1024.jpg 791w, https:\/\/bcbnews.barcelonaturisme.com\/wp-content\/uploads\/2023\/12\/VIP-Flyer-Alegria-Barcelona-232x300.jpg 232w, https:\/\/bcbnews.barcelonaturisme.com\/wp-content\/uploads\/2023\/12\/VIP-Flyer-Alegria-Barcelona-768x994.jpg 768w, https:\/\/bcbnews.barcelonaturisme.com\/wp-content\/uploads\/2023\/12\/VIP-Flyer-Alegria-Barcelona-1187x1536.jpg 1187w, https:\/\/bcbnews.barcelonaturisme.com\/wp-content\/uploads\/2023\/12\/VIP-Flyer-Alegria-Barcelona-1583x2048.jpg 1583w, https:\/\/bcbnews.barcelonaturisme.com\/wp-content\/uploads\/2023\/12\/VIP-Flyer-Alegria-Barcelona-scaled.jpg 1978w\" sizes=\"(max-width: 791px) 100vw, 791px\" \/><\/figure>\n\n\n\n<p>ALEGR\u00cdA regresa con todo su esplendor a la Gran Carpa del Distrito Cultural de L&#8217;Hospitalet de Llobregat del 20 de marzo al 19 de mayo de 2024.<\/p>\n\n\n\n<p>El p\u00fablico est\u00e1 invitado a experimentar una versi\u00f3n completamente reinventada de este gran espect\u00e1culo, una propuesta que promete emociones renovadas y entretenimiento excepcional.<\/p>\n\n\n\n<p>Con el af\u00e1n de hacer esta experiencia accesible para todos, se ofrecen descuentos especiales de hasta el 25% para reservas de m\u00e1s de 10 personas. Adem\u00e1s, se han creado opciones VIP exclusivas que est\u00e1n dise\u00f1adas espec\u00edficamente para eventos corporativos, proporcionando una experiencia \u00fanica que combina entretenimiento y sofisticaci\u00f3n.<\/p>\n\n\n\n<p><strong>M\u00e1s informaci\u00f3n<\/strong>: Paula San Mart\u00edn &#8211;<a href=\"Paula.SanMartin@cirquedusoleil.com\" target=\"_blank\" rel=\"noreferrer noopener\"> Paula.SanMartin@cirquedusoleil.com<\/a><\/p>\n","protected":false},"excerpt":{"rendered":"<p>ALEGRIA, su espect\u00e1culo m\u00e1s ic\u00f3nico completamente reinventado<\/p>\n","protected":false},"author":3,"featured_media":4867,"comment_status":"closed","ping_status":"closed","sticky":false,"template":"","format":"standard","meta":{"footnotes":""},"categories":[27],"tags":[],"capcalera":[],"class_list":["post-4869","post","type-post","status-publish","format-standard","has-post-thumbnail","hentry","category-noticias"],"acf":[],"yoast_head":"<!-- This site is optimized with the Yoast SEO plugin v25.3 - https:\/\/yoast.com\/wordpress\/plugins\/seo\/ -->\n<title>El Cirque du Soleil vuelve a Barcelona - Barcelona Convention Bureau<\/title>\n<meta name=\"robots\" content=\"index, follow, max-snippet:-1, max-image-preview:large, max-video-preview:-1\" \/>\n<link rel=\"canonical\" href=\"https:\/\/bcbnews.barcelonaturisme.com\/?p=4869&lang=es\" \/>\n<meta property=\"og:locale\" content=\"ca_ES\" \/>\n<meta property=\"og:type\" content=\"article\" \/>\n<meta property=\"og:title\" content=\"El Cirque du Soleil vuelve a Barcelona - Barcelona Convention Bureau\" \/>\n<meta property=\"og:description\" content=\"ALEGRIA, su espect\u00e1culo m\u00e1s ic\u00f3nico completamente reinventado\" \/>\n<meta property=\"og:url\" content=\"https:\/\/bcbnews.barcelonaturisme.com\/?p=4869&amp;lang=es\" \/>\n<meta property=\"og:site_name\" content=\"Barcelona Convention Bureau\" \/>\n<meta property=\"article:published_time\" content=\"2023-12-18T13:15:38+00:00\" \/>\n<meta property=\"article:modified_time\" content=\"2023-12-18T13:17:07+00:00\" \/>\n<meta property=\"og:image\" content=\"https:\/\/bcbnews.barcelonaturisme.com\/wp-content\/uploads\/2023\/12\/foto-ext.jpg\" \/>\n\t<meta property=\"og:image:width\" content=\"2543\" \/>\n\t<meta property=\"og:image:height\" content=\"1504\" \/>\n\t<meta property=\"og:image:type\" content=\"image\/jpeg\" \/>\n<meta name=\"author\" content=\"mcolomer\" \/>\n<meta name=\"twitter:card\" content=\"summary_large_image\" \/>\n<meta name=\"twitter:label1\" content=\"Escrit per\" \/>\n\t<meta name=\"twitter:data1\" content=\"mcolomer\" \/>\n\t<meta name=\"twitter:label2\" content=\"Temps estimat de lectura\" \/>\n\t<meta name=\"twitter:data2\" content=\"1 minut\" \/>\n<script type=\"application\/ld+json\" class=\"yoast-schema-graph\">{\"@context\":\"https:\/\/schema.org\",\"@graph\":[{\"@type\":\"Article\",\"@id\":\"https:\/\/bcbnews.barcelonaturisme.com\/?p=4869&lang=es#article\",\"isPartOf\":{\"@id\":\"https:\/\/bcbnews.barcelonaturisme.com\/?p=4869&lang=es\"},\"author\":{\"name\":\"mcolomer\",\"@id\":\"https:\/\/bcbnews.barcelonaturisme.com\/#\/schema\/person\/3fc6b66859de7d1dd2e84afaba046551\"},\"headline\":\"El Cirque du Soleil vuelve a Barcelona\",\"datePublished\":\"2023-12-18T13:15:38+00:00\",\"dateModified\":\"2023-12-18T13:17:07+00:00\",\"mainEntityOfPage\":{\"@id\":\"https:\/\/bcbnews.barcelonaturisme.com\/?p=4869&lang=es\"},\"wordCount\":135,\"publisher\":{\"@id\":\"https:\/\/bcbnews.barcelonaturisme.com\/#organization\"},\"image\":{\"@id\":\"https:\/\/bcbnews.barcelonaturisme.com\/?p=4869&lang=es#primaryimage\"},\"thumbnailUrl\":\"https:\/\/bcbnews.barcelonaturisme.com\/wp-content\/uploads\/2023\/12\/foto-ext.jpg\",\"articleSection\":[\"Noticias\"],\"inLanguage\":\"ca\"},{\"@type\":\"WebPage\",\"@id\":\"https:\/\/bcbnews.barcelonaturisme.com\/?p=4869&lang=es\",\"url\":\"https:\/\/bcbnews.barcelonaturisme.com\/?p=4869&lang=es\",\"name\":\"El Cirque du Soleil vuelve a Barcelona - Barcelona Convention Bureau\",\"isPartOf\":{\"@id\":\"https:\/\/bcbnews.barcelonaturisme.com\/#website\"},\"primaryImageOfPage\":{\"@id\":\"https:\/\/bcbnews.barcelonaturisme.com\/?p=4869&lang=es#primaryimage\"},\"image\":{\"@id\":\"https:\/\/bcbnews.barcelonaturisme.com\/?p=4869&lang=es#primaryimage\"},\"thumbnailUrl\":\"https:\/\/bcbnews.barcelonaturisme.com\/wp-content\/uploads\/2023\/12\/foto-ext.jpg\",\"datePublished\":\"2023-12-18T13:15:38+00:00\",\"dateModified\":\"2023-12-18T13:17:07+00:00\",\"breadcrumb\":{\"@id\":\"https:\/\/bcbnews.barcelonaturisme.com\/?p=4869&lang=es#breadcrumb\"},\"inLanguage\":\"ca\",\"potentialAction\":[{\"@type\":\"ReadAction\",\"target\":[\"https:\/\/bcbnews.barcelonaturisme.com\/?p=4869&lang=es\"]}]},{\"@type\":\"ImageObject\",\"inLanguage\":\"ca\",\"@id\":\"https:\/\/bcbnews.barcelonaturisme.com\/?p=4869&lang=es#primaryimage\",\"url\":\"https:\/\/bcbnews.barcelonaturisme.com\/wp-content\/uploads\/2023\/12\/foto-ext.jpg\",\"contentUrl\":\"https:\/\/bcbnews.barcelonaturisme.com\/wp-content\/uploads\/2023\/12\/foto-ext.jpg\",\"width\":2543,\"height\":1504},{\"@type\":\"BreadcrumbList\",\"@id\":\"https:\/\/bcbnews.barcelonaturisme.com\/?p=4869&lang=es#breadcrumb\",\"itemListElement\":[{\"@type\":\"ListItem\",\"position\":1,\"name\":\"Inici\",\"item\":\"https:\/\/bcbnews.barcelonaturisme.com\/\"},{\"@type\":\"ListItem\",\"position\":2,\"name\":\"El Cirque du Soleil vuelve a Barcelona\"}]},{\"@type\":\"WebSite\",\"@id\":\"https:\/\/bcbnews.barcelonaturisme.com\/#website\",\"url\":\"https:\/\/bcbnews.barcelonaturisme.com\/\",\"name\":\"BCB News \/ Barcelona Convention Bureau\",\"description\":\"BCB Magazine\",\"publisher\":{\"@id\":\"https:\/\/bcbnews.barcelonaturisme.com\/#organization\"},\"potentialAction\":[{\"@type\":\"SearchAction\",\"target\":{\"@type\":\"EntryPoint\",\"urlTemplate\":\"https:\/\/bcbnews.barcelonaturisme.com\/?s={search_term_string}\"},\"query-input\":{\"@type\":\"PropertyValueSpecification\",\"valueRequired\":true,\"valueName\":\"search_term_string\"}}],\"inLanguage\":\"ca\"},{\"@type\":\"Organization\",\"@id\":\"https:\/\/bcbnews.barcelonaturisme.com\/#organization\",\"name\":\"BCB News \/ Barcelona Convention Bureau\",\"url\":\"https:\/\/bcbnews.barcelonaturisme.com\/\",\"logo\":{\"@type\":\"ImageObject\",\"inLanguage\":\"ca\",\"@id\":\"https:\/\/bcbnews.barcelonaturisme.com\/#\/schema\/logo\/image\/\",\"url\":\"https:\/\/bcbnews.barcelonaturisme.com\/wp-content\/uploads\/2021\/12\/BCB_logo.png\",\"contentUrl\":\"https:\/\/bcbnews.barcelonaturisme.com\/wp-content\/uploads\/2021\/12\/BCB_logo.png\",\"width\":543,\"height\":166,\"caption\":\"BCB News \/ Barcelona Convention Bureau\"},\"image\":{\"@id\":\"https:\/\/bcbnews.barcelonaturisme.com\/#\/schema\/logo\/image\/\"}},{\"@type\":\"Person\",\"@id\":\"https:\/\/bcbnews.barcelonaturisme.com\/#\/schema\/person\/3fc6b66859de7d1dd2e84afaba046551\",\"name\":\"mcolomer\",\"url\":\"https:\/\/bcbnews.barcelonaturisme.com\/?author=3\"}]}<\/script>\n<!-- \/ Yoast SEO plugin. -->","yoast_head_json":{"title":"El Cirque du Soleil vuelve a Barcelona - Barcelona Convention Bureau","robots":{"index":"index","follow":"follow","max-snippet":"max-snippet:-1","max-image-preview":"max-image-preview:large","max-video-preview":"max-video-preview:-1"},"canonical":"https:\/\/bcbnews.barcelonaturisme.com\/?p=4869&lang=es","og_locale":"ca_ES","og_type":"article","og_title":"El Cirque du Soleil vuelve a Barcelona - Barcelona Convention Bureau","og_description":"ALEGRIA, su espect\u00e1culo m\u00e1s ic\u00f3nico completamente reinventado","og_url":"https:\/\/bcbnews.barcelonaturisme.com\/?p=4869&lang=es","og_site_name":"Barcelona Convention Bureau","article_published_time":"2023-12-18T13:15:38+00:00","article_modified_time":"2023-12-18T13:17:07+00:00","og_image":[{"width":2543,"height":1504,"url":"https:\/\/bcbnews.barcelonaturisme.com\/wp-content\/uploads\/2023\/12\/foto-ext.jpg","type":"image\/jpeg"}],"author":"mcolomer","twitter_card":"summary_large_image","twitter_misc":{"Escrit per":"mcolomer","Temps estimat de lectura":"1 minut"},"schema":{"@context":"https:\/\/schema.org","@graph":[{"@type":"Article","@id":"https:\/\/bcbnews.barcelonaturisme.com\/?p=4869&lang=es#article","isPartOf":{"@id":"https:\/\/bcbnews.barcelonaturisme.com\/?p=4869&lang=es"},"author":{"name":"mcolomer","@id":"https:\/\/bcbnews.barcelonaturisme.com\/#\/schema\/person\/3fc6b66859de7d1dd2e84afaba046551"},"headline":"El Cirque du Soleil vuelve a Barcelona","datePublished":"2023-12-18T13:15:38+00:00","dateModified":"2023-12-18T13:17:07+00:00","mainEntityOfPage":{"@id":"https:\/\/bcbnews.barcelonaturisme.com\/?p=4869&lang=es"},"wordCount":135,"publisher":{"@id":"https:\/\/bcbnews.barcelonaturisme.com\/#organization"},"image":{"@id":"https:\/\/bcbnews.barcelonaturisme.com\/?p=4869&lang=es#primaryimage"},"thumbnailUrl":"https:\/\/bcbnews.barcelonaturisme.com\/wp-content\/uploads\/2023\/12\/foto-ext.jpg","articleSection":["Noticias"],"inLanguage":"ca"},{"@type":"WebPage","@id":"https:\/\/bcbnews.barcelonaturisme.com\/?p=4869&lang=es","url":"https:\/\/bcbnews.barcelonaturisme.com\/?p=4869&lang=es","name":"El Cirque du Soleil vuelve a Barcelona - Barcelona Convention Bureau","isPartOf":{"@id":"https:\/\/bcbnews.barcelonaturisme.com\/#website"},"primaryImageOfPage":{"@id":"https:\/\/bcbnews.barcelonaturisme.com\/?p=4869&lang=es#primaryimage"},"image":{"@id":"https:\/\/bcbnews.barcelonaturisme.com\/?p=4869&lang=es#primaryimage"},"thumbnailUrl":"https:\/\/bcbnews.barcelonaturisme.com\/wp-content\/uploads\/2023\/12\/foto-ext.jpg","datePublished":"2023-12-18T13:15:38+00:00","dateModified":"2023-12-18T13:17:07+00:00","breadcrumb":{"@id":"https:\/\/bcbnews.barcelonaturisme.com\/?p=4869&lang=es#breadcrumb"},"inLanguage":"ca","potentialAction":[{"@type":"ReadAction","target":["https:\/\/bcbnews.barcelonaturisme.com\/?p=4869&lang=es"]}]},{"@type":"ImageObject","inLanguage":"ca","@id":"https:\/\/bcbnews.barcelonaturisme.com\/?p=4869&lang=es#primaryimage","url":"https:\/\/bcbnews.barcelonaturisme.com\/wp-content\/uploads\/2023\/12\/foto-ext.jpg","contentUrl":"https:\/\/bcbnews.barcelonaturisme.com\/wp-content\/uploads\/2023\/12\/foto-ext.jpg","width":2543,"height":1504},{"@type":"BreadcrumbList","@id":"https:\/\/bcbnews.barcelonaturisme.com\/?p=4869&lang=es#breadcrumb","itemListElement":[{"@type":"ListItem","position":1,"name":"Inici","item":"https:\/\/bcbnews.barcelonaturisme.com\/"},{"@type":"ListItem","position":2,"name":"El Cirque du Soleil vuelve a Barcelona"}]},{"@type":"WebSite","@id":"https:\/\/bcbnews.barcelonaturisme.com\/#website","url":"https:\/\/bcbnews.barcelonaturisme.com\/","name":"BCB News \/ Barcelona Convention Bureau","description":"BCB Magazine","publisher":{"@id":"https:\/\/bcbnews.barcelonaturisme.com\/#organization"},"potentialAction":[{"@type":"SearchAction","target":{"@type":"EntryPoint","urlTemplate":"https:\/\/bcbnews.barcelonaturisme.com\/?s={search_term_string}"},"query-input":{"@type":"PropertyValueSpecification","valueRequired":true,"valueName":"search_term_string"}}],"inLanguage":"ca"},{"@type":"Organization","@id":"https:\/\/bcbnews.barcelonaturisme.com\/#organization","name":"BCB News \/ Barcelona Convention Bureau","url":"https:\/\/bcbnews.barcelonaturisme.com\/","logo":{"@type":"ImageObject","inLanguage":"ca","@id":"https:\/\/bcbnews.barcelonaturisme.com\/#\/schema\/logo\/image\/","url":"https:\/\/bcbnews.barcelonaturisme.com\/wp-content\/uploads\/2021\/12\/BCB_logo.png","contentUrl":"https:\/\/bcbnews.barcelonaturisme.com\/wp-content\/uploads\/2021\/12\/BCB_logo.png","width":543,"height":166,"caption":"BCB News \/ Barcelona Convention Bureau"},"image":{"@id":"https:\/\/bcbnews.barcelonaturisme.com\/#\/schema\/logo\/image\/"}},{"@type":"Person","@id":"https:\/\/bcbnews.barcelonaturisme.com\/#\/schema\/person\/3fc6b66859de7d1dd2e84afaba046551","name":"mcolomer","url":"https:\/\/bcbnews.barcelonaturisme.com\/?author=3"}]}},"_links":{"self":[{"href":"https:\/\/bcbnews.barcelonaturisme.com\/index.php?rest_route=\/wp\/v2\/posts\/4869"}],"collection":[{"href":"https:\/\/bcbnews.barcelonaturisme.com\/index.php?rest_route=\/wp\/v2\/posts"}],"about":[{"href":"https:\/\/bcbnews.barcelonaturisme.com\/index.php?rest_route=\/wp\/v2\/types\/post"}],"author":[{"embeddable":true,"href":"https:\/\/bcbnews.barcelonaturisme.com\/index.php?rest_route=\/wp\/v2\/users\/3"}],"replies":[{"embeddable":true,"href":"https:\/\/bcbnews.barcelonaturisme.com\/index.php?rest_route=%2Fwp%2Fv2%2Fcomments&post=4869"}],"version-history":[{"count":1,"href":"https:\/\/bcbnews.barcelonaturisme.com\/index.php?rest_route=\/wp\/v2\/posts\/4869\/revisions"}],"predecessor-version":[{"id":4871,"href":"https:\/\/bcbnews.barcelonaturisme.com\/index.php?rest_route=\/wp\/v2\/posts\/4869\/revisions\/4871"}],"wp:featuredmedia":[{"embeddable":true,"href":"https:\/\/bcbnews.barcelonaturisme.com\/index.php?rest_route=\/wp\/v2\/media\/4867"}],"wp:attachment":[{"href":"https:\/\/bcbnews.barcelonaturisme.com\/index.php?rest_route=%2Fwp%2Fv2%2Fmedia&parent=4869"}],"wp:term":[{"taxonomy":"category","embeddable":true,"href":"https:\/\/bcbnews.barcelonaturisme.com\/index.php?rest_route=%2Fwp%2Fv2%2Fcategories&post=4869"},{"taxonomy":"post_tag","embeddable":true,"href":"https:\/\/bcbnews.barcelonaturisme.com\/index.php?rest_route=%2Fwp%2Fv2%2Ftags&post=4869"},{"taxonomy":"capcalera","embeddable":true,"href":"https:\/\/bcbnews.barcelonaturisme.com\/index.php?rest_route=%2Fwp%2Fv2%2Fcapcalera&post=4869"}],"curies":[{"name":"wp","href":"https:\/\/api.w.org\/{rel}","templated":true}]}}