{"id":5453,"date":"2024-05-22T12:58:16","date_gmt":"2024-05-22T10:58:16","guid":{"rendered":"https:\/\/bcbnews.barcelonaturisme.com\/?p=5453"},"modified":"2024-05-22T12:58:17","modified_gmt":"2024-05-22T10:58:17","slug":"connexio-barcelona-europa-5","status":"publish","type":"post","link":"https:\/\/bcbnews.barcelonaturisme.com\/?p=5453","title":{"rendered":"Connexi\u00f3 Barcelona \u2013 Europa"},"content":{"rendered":"\n<p class=\"has-medium-font-size\">Accions al mercat europeu<\/p>\n\n\n\n<p><\/p>\n\n\n\n<div class=\"wp-block-columns is-layout-flex wp-container-core-columns-is-layout-1 wp-block-columns-is-layout-flex\">\n<div class=\"wp-block-column is-layout-flow wp-block-column-is-layout-flow\">\n<figure class=\"wp-block-image aligncenter size-large\"><img fetchpriority=\"high\" decoding=\"async\" width=\"1024\" height=\"576\" src=\"https:\/\/bcbnews.barcelonaturisme.com\/wp-content\/uploads\/2024\/05\/Connexio-Barcelona-Europa-1024x576.jpg\" alt=\"\" class=\"wp-image-5454\" srcset=\"https:\/\/bcbnews.barcelonaturisme.com\/wp-content\/uploads\/2024\/05\/Connexio-Barcelona-Europa-1024x576.jpg 1024w, https:\/\/bcbnews.barcelonaturisme.com\/wp-content\/uploads\/2024\/05\/Connexio-Barcelona-Europa-300x169.jpg 300w, https:\/\/bcbnews.barcelonaturisme.com\/wp-content\/uploads\/2024\/05\/Connexio-Barcelona-Europa-768x432.jpg 768w, https:\/\/bcbnews.barcelonaturisme.com\/wp-content\/uploads\/2024\/05\/Connexio-Barcelona-Europa-1536x864.jpg 1536w, https:\/\/bcbnews.barcelonaturisme.com\/wp-content\/uploads\/2024\/05\/Connexio-Barcelona-Europa.jpg 1920w\" sizes=\"(max-width: 1024px) 100vw, 1024px\" \/><figcaption class=\"wp-element-caption\">Meet &amp; Com Madrid<\/figcaption><\/figure>\n<\/div>\n\n\n\n<div class=\"wp-block-column is-layout-flow wp-block-column-is-layout-flow\">\n<figure class=\"wp-block-image aligncenter size-large is-resized\"><img decoding=\"async\" src=\"https:\/\/bcbnews.barcelonaturisme.com\/wp-content\/uploads\/2024\/05\/1-1024x461.jpg\" alt=\"\" class=\"wp-image-5456\" width=\"509\" height=\"228\" srcset=\"https:\/\/bcbnews.barcelonaturisme.com\/wp-content\/uploads\/2024\/05\/1-1024x461.jpg 1024w, https:\/\/bcbnews.barcelonaturisme.com\/wp-content\/uploads\/2024\/05\/1-300x135.jpg 300w, https:\/\/bcbnews.barcelonaturisme.com\/wp-content\/uploads\/2024\/05\/1-768x346.jpg 768w, https:\/\/bcbnews.barcelonaturisme.com\/wp-content\/uploads\/2024\/05\/1-1536x691.jpg 1536w, https:\/\/bcbnews.barcelonaturisme.com\/wp-content\/uploads\/2024\/05\/1.jpg 1600w\" sizes=\"(max-width: 509px) 100vw, 509px\" \/><figcaption class=\"wp-element-caption\">Interaction \u2013 AMEX<\/figcaption><\/figure>\n<\/div>\n<\/div>\n\n\n\n<p style=\"font-size:18px\"><strong><mark style=\"background-color:#abb8c3\" class=\"has-inline-color\">Meet &amp; Com Madrid<\/mark><\/strong><br>3-5 mar\u00e7, Madrid<br>Ens complau compartir els moments m\u00e9s destacats de la participaci\u00f3 del Barcelona Convention Bureau al Madrid Business Meetings, organitzat per l&#8217;ag\u00e8ncia francesa de MICE, Meet &amp; Com, dirigit a <strong>organitzadors d&#8217;esdeveniments al mercat franc\u00e8s<\/strong>.<br>Del 3 al 5 de mar\u00e7, aquest esdeveniment va reunir professionals de la ind\u00fastria a l&#8217;Hotel Villa Real de Madrid on, durant 3 dies, es van organitzar diferents activitats atractives, incloent-hi dos sopars, dos dinars i una iniciativa de RSC. Durant aquest temps, vam mantenir 26 reunions productives, enfortint connexions i fomentant col\u00b7laboracions entre els assistents.<br>Els organitzadors d&#8217;esdeveniments a Fran\u00e7a estan canviant el seu enfocament cap al tren en lloc de l&#8217;avi\u00f3 per als despla\u00e7aments grupals, ressaltant la import\u00e0ncia de la sostenibilitat i la comoditat. Tot i que la sostenibilitat s&#8217;ha tornat fonamental per a les empreses franceses, els planners necessiten orientaci\u00f3 sobre com integrar aquests principis als esdeveniments. Busquen innovar en la incorporaci\u00f3 de pr\u00e0ctiques respectuoses amb el medi ambient. Aquest inter\u00e8s es reflecteix en la cerca de noves propostes a Barcelona, cosa que indica una demanda creixent d&#8217;experi\u00e8ncies \u00faniques. A m\u00e9s, s&#8217;observa un canvi generacional al lideratge del mercat franc\u00e8s, on els professionals m\u00e9s joves estan impulsant tend\u00e8ncies i definint el futur de la ind\u00fastria. Tot i els desafiaments de programaci\u00f3, la nostra participaci\u00f3 al Madrid Business Meetings, a m\u00e9s del Catalunya Business Meetings, va ser priorit\u00e0ria per garantir visibilitat des de qualsevol ubicaci\u00f3. La nostra pres\u00e8ncia a Madrid va subratllar l&#8217;accessibilitat i l&#8217;atractiu de Barcelona com a destinaci\u00f3, refor\u00e7ant la seva posici\u00f3 com a destinaci\u00f3 l\u00edder per a esdeveniments.<br>Pel que fa a l&#8217;activitat de Responsabilitat Social Corporativa (RSC), reconeixem que, tot i que buscava contribuir positivament a l&#8217;ecosistema local, cal impulsar esfor\u00e7os m\u00e9s impactants i coordinats. Hem d&#8217;esfor\u00e7ar-nos a proposar activitats de RSC que inspirin els participants i generin un impacte significatiu a les destinacions amfitrions.<\/p>\n\n\n\n<p style=\"font-size:18px\"><strong>Per a m\u00e9s informaci\u00f3: <\/strong>C\u00e9cile Dorian \u2013 <a href=\"mailto:cdorian@barcelonaturisme.com\" target=\"_blank\" rel=\"noreferrer noopener\">cdorian@barcelonaturisme.com<\/a><\/p>\n\n\n\n<p><\/p>\n\n\n\n<p><strong><mark style=\"background-color:#abb8c3\" class=\"has-inline-color\">Interaction \u2013 AMEX<\/mark><\/strong><br>11-13 mar\u00e7, Madrid<br>El BCB, juntament amb el Sitges Convention Bureau, va participar per primera vegada al American Express Global Business Travel INTER[action] celebrat a Madrid el passat mes mar\u00e7. Durant els dos dies de workshop i networking, hi v\u00e0ren participar m\u00e9s de 300 planners, buyers i account managers provinents de fins a 19 pa\u00efsos; EMEA i continent asi\u00e0tic principalment. Aquesta acci\u00f3 ens ha perm\u00e8s realitzar 30 reunions amb buyers europeus, aix\u00ed com tamb\u00e9 amb representants d\u2019Austr\u00e0lia, Nova Zelanda, \u00cdndia o Hong Kong; establint aix\u00ed contactes amb alguns dels principals meeting and planners experts d\u2019American Express, alguns dels quals treballen directament a empreses mitjan\u00e7ant implants.<\/p>\n\n\n\n<p style=\"font-size:18px\"><strong>Per a m\u00e9s informaci\u00f3: <\/strong>Mireia Tubau \u2013 <a href=\"mailto:mtubau@barcelonaturisme.com\" target=\"_blank\" rel=\"noreferrer noopener\">mtubau@barcelonaturisme.com<\/a><\/p>\n\n\n\n<p><\/p>\n\n\n\n<p><strong><mark style=\"background-color:#abb8c3\" class=\"has-inline-color\">Loop Luxury MICE<\/mark><\/strong><br>7-10 abril, Losing (Cro\u00e0cia)<br>Primera participaci\u00f3 del BCB en aquest workshop, on durant tres dies vam mantenir reunions amb clients de la regi\u00f3 DACH interessats en con\u00e8ixer l&#8217;oferta MICE de Barcelona<\/p>\n\n\n\n<p><strong>Per a m\u00e9s informaci\u00f3: <\/strong>Anna Orozco &#8211; <a href=\"mailto:aorozco@barcelonaturisme.com\" target=\"_blank\" rel=\"noreferrer noopener\">aorozco@barcelonaturisme.com<\/a><\/p>\n\n\n\n<div class=\"wp-block-columns is-layout-flex wp-container-core-columns-is-layout-2 wp-block-columns-is-layout-flex\">\n<div class=\"wp-block-column is-layout-flow wp-block-column-is-layout-flow\">\n<figure class=\"wp-block-image size-full\"><img decoding=\"async\" width=\"800\" height=\"600\" src=\"https:\/\/bcbnews.barcelonaturisme.com\/wp-content\/uploads\/2024\/05\/FT-BCB-Nordics-The-Barcelona-Edition_petita.jpg\" alt=\"\" class=\"wp-image-5462\" srcset=\"https:\/\/bcbnews.barcelonaturisme.com\/wp-content\/uploads\/2024\/05\/FT-BCB-Nordics-The-Barcelona-Edition_petita.jpg 800w, https:\/\/bcbnews.barcelonaturisme.com\/wp-content\/uploads\/2024\/05\/FT-BCB-Nordics-The-Barcelona-Edition_petita-300x225.jpg 300w, https:\/\/bcbnews.barcelonaturisme.com\/wp-content\/uploads\/2024\/05\/FT-BCB-Nordics-The-Barcelona-Edition_petita-768x576.jpg 768w\" sizes=\"(max-width: 800px) 100vw, 800px\" \/><figcaption class=\"wp-element-caption\">FT pa\u00efsos n\u00f2rdics<\/figcaption><\/figure>\n<\/div>\n\n\n\n<div class=\"wp-block-column is-layout-flow wp-block-column-is-layout-flow\">\n<figure class=\"wp-block-image aligncenter size-large\"><img loading=\"lazy\" decoding=\"async\" width=\"1024\" height=\"783\" src=\"https:\/\/bcbnews.barcelonaturisme.com\/wp-content\/uploads\/2024\/05\/6-1-1024x783.jpg\" alt=\"\" class=\"wp-image-5460\" srcset=\"https:\/\/bcbnews.barcelonaturisme.com\/wp-content\/uploads\/2024\/05\/6-1-1024x783.jpg 1024w, https:\/\/bcbnews.barcelonaturisme.com\/wp-content\/uploads\/2024\/05\/6-1-300x229.jpg 300w, https:\/\/bcbnews.barcelonaturisme.com\/wp-content\/uploads\/2024\/05\/6-1-768x587.jpg 768w, https:\/\/bcbnews.barcelonaturisme.com\/wp-content\/uploads\/2024\/05\/6-1-1536x1174.jpg 1536w, https:\/\/bcbnews.barcelonaturisme.com\/wp-content\/uploads\/2024\/05\/6-1.jpg 2048w\" sizes=\"(max-width: 1024px) 100vw, 1024px\" \/><figcaption class=\"wp-element-caption\">Jornades directes mrecat n\u00f2rdic<\/figcaption><\/figure>\n<\/div>\n<\/div>\n\n\n\n<p style=\"font-size:18px\"><strong><mark style=\"background-color:#abb8c3\" class=\"has-inline-color has-black-color\">Fam Trip pa\u00efsos n\u00f2rdics<\/mark><\/strong><br>15-16 abril, Barcelona<br>El passat 15 i 16 d\u2019abril vam col\u00b7laborar amb l\u2019OET d\u2019Oslo amb un fam trip en el qual van participar 4 ag\u00e8ncies MICE d\u2019Oslo.<br>Van poder visitar l\u2019hotel Espa\u00f1a, on es van allotjar, Casa Batll\u00f3, Majestic Hotel &amp; Spa Barcelona, restaurant Torre d\u2019Alta Mar i Barcelona Edition. Com a activitats l\u00fadiques van realitzar un walking tour els dos dies i una activitat de Mosaiccos.<br>Volem aprofitar per donar les gr\u00e0cies a tots els membres que van col\u00b7laborar, sense ells no hagu\u00e9s estat possible!<br><strong>Per a m\u00e9s informaci\u00f3:<\/strong> Noem\u00ed Rosell \u2013 <a href=\"mailto:nrosell@barcelonaturisme.com\" target=\"_blank\" rel=\"noreferrer noopener\">nrosell@barcelonaturisme.com<\/a><\/p>\n\n\n\n<p><strong><mark style=\"background-color:#abb8c3\" class=\"has-inline-color\">Jornades directes mercat n\u00f2rdic (Spain Convention Bureau)<\/mark><\/strong><br>22-25 abril, Oslo i Helsinki<br>El Spain Convention Bureau organitza una jornada directa als pa\u00efsos n\u00f2rdics de la m\u00e0 de l\u2019OET de Helsinki i d\u2019Oslo. Organitza tamb\u00e9 l\u2019esdeveniment l\u2019ag\u00e8ncia Cocoa i Mind Meeting.<br>Les destinacions participants en aquesta acci\u00f3 s\u00f3n: Barcelona, Benidorm, Bilbao, Gran Can\u00e0ria, Granada, Madrid, M\u00e0laga, Santander i Val\u00e8ncia.<br>El 23 d\u2019abril t\u00e9 lloc al Venue Art Studio el workshop one-to-one on participen 8 ag\u00e8ncies MICE. L\u2019activitat est\u00e0 formada per taules de dos destinacions on realitzen un quiz de 5 preguntes cada destinaci\u00f3. Compartim taula amb Val\u00e8ncia. La durada de cada cita \u00e9s de 15 minuts.<br>En acabar t\u00e9 lloc un c\u00f2ctel amb degustaci\u00f3 de menjar i vi catal\u00e0 seguit d\u2019una activitat de porr\u00f3 on l\u2019equip guanyador s\u2019end\u00fa un premi. Aprofitant la celebraci\u00f3 de Sant Jordi aquell mateix dia, obsequiem als clients amb un tub de bombons amb un drac decoratiu.<br>El 24 d\u2019abril ens reunim amb el President de NBTA, l\u2019Associaci\u00f3 Noruega de Business Travel qui ens explica la seva activitat.<br>El 25 d\u2019abril t\u00e9 lloc al venue Hos Arne el segon workshop on comptem amb la participaci\u00f3 de 15 ag\u00e8ncies MICE. El format de l\u2019esdeveniment \u00e9s similar al del primer workshop.<\/p>\n\n\n\n<p><strong>Per a m\u00e9s informaci\u00f3: <\/strong>Noem\u00ed Rosell \u2013 <a href=\"mailto:nrosell@barcelonaturisme.com\" target=\"_blank\" rel=\"noreferrer noopener\">nrosell@barcelonaturisme.com<\/a><\/p>\n\n\n\n<div class=\"wp-block-columns is-layout-flex wp-container-core-columns-is-layout-3 wp-block-columns-is-layout-flex\">\n<div class=\"wp-block-column is-layout-flow wp-block-column-is-layout-flow\">\n<figure class=\"wp-block-image aligncenter size-large\"><img loading=\"lazy\" decoding=\"async\" width=\"1024\" height=\"768\" src=\"https:\/\/bcbnews.barcelonaturisme.com\/wp-content\/uploads\/2024\/05\/1-1-1024x768.jpg\" alt=\"\" class=\"wp-image-5464\" srcset=\"https:\/\/bcbnews.barcelonaturisme.com\/wp-content\/uploads\/2024\/05\/1-1-1024x768.jpg 1024w, https:\/\/bcbnews.barcelonaturisme.com\/wp-content\/uploads\/2024\/05\/1-1-300x225.jpg 300w, https:\/\/bcbnews.barcelonaturisme.com\/wp-content\/uploads\/2024\/05\/1-1-768x576.jpg 768w, https:\/\/bcbnews.barcelonaturisme.com\/wp-content\/uploads\/2024\/05\/1-1-1536x1152.jpg 1536w, https:\/\/bcbnews.barcelonaturisme.com\/wp-content\/uploads\/2024\/05\/1-1.jpg 2048w\" sizes=\"(max-width: 1024px) 100vw, 1024px\" \/><figcaption class=\"wp-element-caption\">Roadshow Alemanya<\/figcaption><\/figure>\n<\/div>\n\n\n\n<div class=\"wp-block-column is-layout-flow wp-block-column-is-layout-flow\">\n<figure class=\"wp-block-image aligncenter size-large\"><img loading=\"lazy\" decoding=\"async\" width=\"1024\" height=\"768\" src=\"https:\/\/bcbnews.barcelonaturisme.com\/wp-content\/uploads\/2024\/05\/6-2-1024x768.jpg\" alt=\"\" class=\"wp-image-5466\" srcset=\"https:\/\/bcbnews.barcelonaturisme.com\/wp-content\/uploads\/2024\/05\/6-2-1024x768.jpg 1024w, https:\/\/bcbnews.barcelonaturisme.com\/wp-content\/uploads\/2024\/05\/6-2-300x225.jpg 300w, https:\/\/bcbnews.barcelonaturisme.com\/wp-content\/uploads\/2024\/05\/6-2-768x576.jpg 768w, https:\/\/bcbnews.barcelonaturisme.com\/wp-content\/uploads\/2024\/05\/6-2-1536x1152.jpg 1536w, https:\/\/bcbnews.barcelonaturisme.com\/wp-content\/uploads\/2024\/05\/6-2.jpg 2048w\" sizes=\"(max-width: 1024px) 100vw, 1024px\" \/><figcaption class=\"wp-element-caption\">Roadshow Alemanya<\/figcaption><\/figure>\n<\/div>\n<\/div>\n\n\n\n<p><strong><mark style=\"background-color:#abb8c3\" class=\"has-inline-color\">Roadshow Alemanya<\/mark><\/strong><br>22-25 abril, Munich, Frankfurt i Dusseldorf<br>Despr\u00e9s de cinc anys sense dur a terme un esdeveniment propi a Alemanya, aquest abril vam realitzar un roadshow a tres ciutats, acompanyats per vuit dels nostres membres. En aquesta ocasi\u00f3, amb un format informal, ens vam retrobar i vam con\u00e8ixer nous clients d&#8217;ag\u00e8ncies que freq\u00fcentment treballen amb la nostra destinaci\u00f3.<br>En un ambient proper, vam presentar les \u00faltimes novetats de Barcelona.<br>Els esdeveniments, celebrats a Munic, Frankfurt i D\u00fcsseldorf, van comptar amb la participaci\u00f3 de m\u00e9s de 80 clients.<\/p>\n\n\n\n<p><strong>Per a m\u00e9s informaci\u00f3:<\/strong> Anna Orozco &#8211; <a href=\"mailto:aorozco@barcelonaturisme.com\" target=\"_blank\" rel=\"noreferrer noopener\">aorozco@barcelonaturisme.com<\/a><\/p>\n\n\n\n<p><\/p>\n\n\n\n<p><\/p>\n","protected":false},"excerpt":{"rendered":"<p>Accions al mercat europeu<\/p>\n","protected":false},"author":3,"featured_media":5468,"comment_status":"closed","ping_status":"closed","sticky":false,"template":"","format":"standard","meta":{"footnotes":""},"categories":[4],"tags":[],"capcalera":[],"class_list":["post-5453","post","type-post","status-publish","format-standard","has-post-thumbnail","hentry","category-accions-promocionals"],"acf":[],"yoast_head":"<!-- This site is optimized with the Yoast SEO plugin v25.3 - https:\/\/yoast.com\/wordpress\/plugins\/seo\/ -->\n<title>Connexi\u00f3 Barcelona \u2013 Europa - Barcelona Convention Bureau<\/title>\n<meta name=\"robots\" content=\"index, follow, max-snippet:-1, max-image-preview:large, max-video-preview:-1\" \/>\n<link rel=\"canonical\" href=\"https:\/\/bcbnews.barcelonaturisme.com\/?p=5453\" \/>\n<meta property=\"og:locale\" content=\"ca_ES\" \/>\n<meta property=\"og:type\" content=\"article\" \/>\n<meta property=\"og:title\" content=\"Connexi\u00f3 Barcelona \u2013 Europa - Barcelona Convention Bureau\" \/>\n<meta property=\"og:description\" content=\"Accions al mercat europeu\" \/>\n<meta property=\"og:url\" content=\"https:\/\/bcbnews.barcelonaturisme.com\/?p=5453\" \/>\n<meta property=\"og:site_name\" content=\"Barcelona Convention Bureau\" \/>\n<meta property=\"article:published_time\" content=\"2024-05-22T10:58:16+00:00\" \/>\n<meta property=\"article:modified_time\" content=\"2024-05-22T10:58:17+00:00\" \/>\n<meta property=\"og:image\" content=\"https:\/\/bcbnews.barcelonaturisme.com\/wp-content\/uploads\/2024\/05\/Connexio-Barcelona-Europa-1.jpg\" \/>\n\t<meta property=\"og:image:width\" content=\"1920\" \/>\n\t<meta property=\"og:image:height\" content=\"1080\" \/>\n\t<meta property=\"og:image:type\" content=\"image\/jpeg\" \/>\n<meta name=\"author\" content=\"mcolomer\" \/>\n<meta name=\"twitter:card\" content=\"summary_large_image\" \/>\n<meta name=\"twitter:label1\" content=\"Escrit per\" \/>\n\t<meta name=\"twitter:data1\" content=\"mcolomer\" \/>\n\t<meta name=\"twitter:label2\" content=\"Temps estimat de lectura\" \/>\n\t<meta name=\"twitter:data2\" content=\"7 minuts\" \/>\n<script type=\"application\/ld+json\" class=\"yoast-schema-graph\">{\"@context\":\"https:\/\/schema.org\",\"@graph\":[{\"@type\":\"Article\",\"@id\":\"https:\/\/bcbnews.barcelonaturisme.com\/?p=5453#article\",\"isPartOf\":{\"@id\":\"https:\/\/bcbnews.barcelonaturisme.com\/?p=5453\"},\"author\":{\"name\":\"mcolomer\",\"@id\":\"https:\/\/bcbnews.barcelonaturisme.com\/#\/schema\/person\/3fc6b66859de7d1dd2e84afaba046551\"},\"headline\":\"Connexi\u00f3 Barcelona \u2013 Europa\",\"datePublished\":\"2024-05-22T10:58:16+00:00\",\"dateModified\":\"2024-05-22T10:58:17+00:00\",\"mainEntityOfPage\":{\"@id\":\"https:\/\/bcbnews.barcelonaturisme.com\/?p=5453\"},\"wordCount\":997,\"publisher\":{\"@id\":\"https:\/\/bcbnews.barcelonaturisme.com\/#organization\"},\"image\":{\"@id\":\"https:\/\/bcbnews.barcelonaturisme.com\/?p=5453#primaryimage\"},\"thumbnailUrl\":\"https:\/\/bcbnews.barcelonaturisme.com\/wp-content\/uploads\/2024\/05\/Connexio-Barcelona-Europa-1.jpg\",\"articleSection\":[\"Accions Promocionals\"],\"inLanguage\":\"ca\"},{\"@type\":\"WebPage\",\"@id\":\"https:\/\/bcbnews.barcelonaturisme.com\/?p=5453\",\"url\":\"https:\/\/bcbnews.barcelonaturisme.com\/?p=5453\",\"name\":\"Connexi\u00f3 Barcelona \u2013 Europa - Barcelona Convention Bureau\",\"isPartOf\":{\"@id\":\"https:\/\/bcbnews.barcelonaturisme.com\/#website\"},\"primaryImageOfPage\":{\"@id\":\"https:\/\/bcbnews.barcelonaturisme.com\/?p=5453#primaryimage\"},\"image\":{\"@id\":\"https:\/\/bcbnews.barcelonaturisme.com\/?p=5453#primaryimage\"},\"thumbnailUrl\":\"https:\/\/bcbnews.barcelonaturisme.com\/wp-content\/uploads\/2024\/05\/Connexio-Barcelona-Europa-1.jpg\",\"datePublished\":\"2024-05-22T10:58:16+00:00\",\"dateModified\":\"2024-05-22T10:58:17+00:00\",\"breadcrumb\":{\"@id\":\"https:\/\/bcbnews.barcelonaturisme.com\/?p=5453#breadcrumb\"},\"inLanguage\":\"ca\",\"potentialAction\":[{\"@type\":\"ReadAction\",\"target\":[\"https:\/\/bcbnews.barcelonaturisme.com\/?p=5453\"]}]},{\"@type\":\"ImageObject\",\"inLanguage\":\"ca\",\"@id\":\"https:\/\/bcbnews.barcelonaturisme.com\/?p=5453#primaryimage\",\"url\":\"https:\/\/bcbnews.barcelonaturisme.com\/wp-content\/uploads\/2024\/05\/Connexio-Barcelona-Europa-1.jpg\",\"contentUrl\":\"https:\/\/bcbnews.barcelonaturisme.com\/wp-content\/uploads\/2024\/05\/Connexio-Barcelona-Europa-1.jpg\",\"width\":1920,\"height\":1080},{\"@type\":\"BreadcrumbList\",\"@id\":\"https:\/\/bcbnews.barcelonaturisme.com\/?p=5453#breadcrumb\",\"itemListElement\":[{\"@type\":\"ListItem\",\"position\":1,\"name\":\"Inici\",\"item\":\"https:\/\/bcbnews.barcelonaturisme.com\/\"},{\"@type\":\"ListItem\",\"position\":2,\"name\":\"Connexi\u00f3 Barcelona \u2013 Europa\"}]},{\"@type\":\"WebSite\",\"@id\":\"https:\/\/bcbnews.barcelonaturisme.com\/#website\",\"url\":\"https:\/\/bcbnews.barcelonaturisme.com\/\",\"name\":\"BCB News \/ Barcelona Convention Bureau\",\"description\":\"BCB Magazine\",\"publisher\":{\"@id\":\"https:\/\/bcbnews.barcelonaturisme.com\/#organization\"},\"potentialAction\":[{\"@type\":\"SearchAction\",\"target\":{\"@type\":\"EntryPoint\",\"urlTemplate\":\"https:\/\/bcbnews.barcelonaturisme.com\/?s={search_term_string}\"},\"query-input\":{\"@type\":\"PropertyValueSpecification\",\"valueRequired\":true,\"valueName\":\"search_term_string\"}}],\"inLanguage\":\"ca\"},{\"@type\":\"Organization\",\"@id\":\"https:\/\/bcbnews.barcelonaturisme.com\/#organization\",\"name\":\"BCB News \/ Barcelona Convention Bureau\",\"url\":\"https:\/\/bcbnews.barcelonaturisme.com\/\",\"logo\":{\"@type\":\"ImageObject\",\"inLanguage\":\"ca\",\"@id\":\"https:\/\/bcbnews.barcelonaturisme.com\/#\/schema\/logo\/image\/\",\"url\":\"https:\/\/bcbnews.barcelonaturisme.com\/wp-content\/uploads\/2021\/12\/BCB_logo.png\",\"contentUrl\":\"https:\/\/bcbnews.barcelonaturisme.com\/wp-content\/uploads\/2021\/12\/BCB_logo.png\",\"width\":543,\"height\":166,\"caption\":\"BCB News \/ Barcelona Convention Bureau\"},\"image\":{\"@id\":\"https:\/\/bcbnews.barcelonaturisme.com\/#\/schema\/logo\/image\/\"}},{\"@type\":\"Person\",\"@id\":\"https:\/\/bcbnews.barcelonaturisme.com\/#\/schema\/person\/3fc6b66859de7d1dd2e84afaba046551\",\"name\":\"mcolomer\",\"url\":\"https:\/\/bcbnews.barcelonaturisme.com\/?author=3\"}]}<\/script>\n<!-- \/ Yoast SEO plugin. -->","yoast_head_json":{"title":"Connexi\u00f3 Barcelona \u2013 Europa - Barcelona Convention Bureau","robots":{"index":"index","follow":"follow","max-snippet":"max-snippet:-1","max-image-preview":"max-image-preview:large","max-video-preview":"max-video-preview:-1"},"canonical":"https:\/\/bcbnews.barcelonaturisme.com\/?p=5453","og_locale":"ca_ES","og_type":"article","og_title":"Connexi\u00f3 Barcelona \u2013 Europa - Barcelona Convention Bureau","og_description":"Accions al mercat europeu","og_url":"https:\/\/bcbnews.barcelonaturisme.com\/?p=5453","og_site_name":"Barcelona Convention Bureau","article_published_time":"2024-05-22T10:58:16+00:00","article_modified_time":"2024-05-22T10:58:17+00:00","og_image":[{"width":1920,"height":1080,"url":"https:\/\/bcbnews.barcelonaturisme.com\/wp-content\/uploads\/2024\/05\/Connexio-Barcelona-Europa-1.jpg","type":"image\/jpeg"}],"author":"mcolomer","twitter_card":"summary_large_image","twitter_misc":{"Escrit per":"mcolomer","Temps estimat de lectura":"7 minuts"},"schema":{"@context":"https:\/\/schema.org","@graph":[{"@type":"Article","@id":"https:\/\/bcbnews.barcelonaturisme.com\/?p=5453#article","isPartOf":{"@id":"https:\/\/bcbnews.barcelonaturisme.com\/?p=5453"},"author":{"name":"mcolomer","@id":"https:\/\/bcbnews.barcelonaturisme.com\/#\/schema\/person\/3fc6b66859de7d1dd2e84afaba046551"},"headline":"Connexi\u00f3 Barcelona \u2013 Europa","datePublished":"2024-05-22T10:58:16+00:00","dateModified":"2024-05-22T10:58:17+00:00","mainEntityOfPage":{"@id":"https:\/\/bcbnews.barcelonaturisme.com\/?p=5453"},"wordCount":997,"publisher":{"@id":"https:\/\/bcbnews.barcelonaturisme.com\/#organization"},"image":{"@id":"https:\/\/bcbnews.barcelonaturisme.com\/?p=5453#primaryimage"},"thumbnailUrl":"https:\/\/bcbnews.barcelonaturisme.com\/wp-content\/uploads\/2024\/05\/Connexio-Barcelona-Europa-1.jpg","articleSection":["Accions Promocionals"],"inLanguage":"ca"},{"@type":"WebPage","@id":"https:\/\/bcbnews.barcelonaturisme.com\/?p=5453","url":"https:\/\/bcbnews.barcelonaturisme.com\/?p=5453","name":"Connexi\u00f3 Barcelona \u2013 Europa - Barcelona Convention Bureau","isPartOf":{"@id":"https:\/\/bcbnews.barcelonaturisme.com\/#website"},"primaryImageOfPage":{"@id":"https:\/\/bcbnews.barcelonaturisme.com\/?p=5453#primaryimage"},"image":{"@id":"https:\/\/bcbnews.barcelonaturisme.com\/?p=5453#primaryimage"},"thumbnailUrl":"https:\/\/bcbnews.barcelonaturisme.com\/wp-content\/uploads\/2024\/05\/Connexio-Barcelona-Europa-1.jpg","datePublished":"2024-05-22T10:58:16+00:00","dateModified":"2024-05-22T10:58:17+00:00","breadcrumb":{"@id":"https:\/\/bcbnews.barcelonaturisme.com\/?p=5453#breadcrumb"},"inLanguage":"ca","potentialAction":[{"@type":"ReadAction","target":["https:\/\/bcbnews.barcelonaturisme.com\/?p=5453"]}]},{"@type":"ImageObject","inLanguage":"ca","@id":"https:\/\/bcbnews.barcelonaturisme.com\/?p=5453#primaryimage","url":"https:\/\/bcbnews.barcelonaturisme.com\/wp-content\/uploads\/2024\/05\/Connexio-Barcelona-Europa-1.jpg","contentUrl":"https:\/\/bcbnews.barcelonaturisme.com\/wp-content\/uploads\/2024\/05\/Connexio-Barcelona-Europa-1.jpg","width":1920,"height":1080},{"@type":"BreadcrumbList","@id":"https:\/\/bcbnews.barcelonaturisme.com\/?p=5453#breadcrumb","itemListElement":[{"@type":"ListItem","position":1,"name":"Inici","item":"https:\/\/bcbnews.barcelonaturisme.com\/"},{"@type":"ListItem","position":2,"name":"Connexi\u00f3 Barcelona \u2013 Europa"}]},{"@type":"WebSite","@id":"https:\/\/bcbnews.barcelonaturisme.com\/#website","url":"https:\/\/bcbnews.barcelonaturisme.com\/","name":"BCB News \/ Barcelona Convention Bureau","description":"BCB Magazine","publisher":{"@id":"https:\/\/bcbnews.barcelonaturisme.com\/#organization"},"potentialAction":[{"@type":"SearchAction","target":{"@type":"EntryPoint","urlTemplate":"https:\/\/bcbnews.barcelonaturisme.com\/?s={search_term_string}"},"query-input":{"@type":"PropertyValueSpecification","valueRequired":true,"valueName":"search_term_string"}}],"inLanguage":"ca"},{"@type":"Organization","@id":"https:\/\/bcbnews.barcelonaturisme.com\/#organization","name":"BCB News \/ Barcelona Convention Bureau","url":"https:\/\/bcbnews.barcelonaturisme.com\/","logo":{"@type":"ImageObject","inLanguage":"ca","@id":"https:\/\/bcbnews.barcelonaturisme.com\/#\/schema\/logo\/image\/","url":"https:\/\/bcbnews.barcelonaturisme.com\/wp-content\/uploads\/2021\/12\/BCB_logo.png","contentUrl":"https:\/\/bcbnews.barcelonaturisme.com\/wp-content\/uploads\/2021\/12\/BCB_logo.png","width":543,"height":166,"caption":"BCB News \/ Barcelona Convention Bureau"},"image":{"@id":"https:\/\/bcbnews.barcelonaturisme.com\/#\/schema\/logo\/image\/"}},{"@type":"Person","@id":"https:\/\/bcbnews.barcelonaturisme.com\/#\/schema\/person\/3fc6b66859de7d1dd2e84afaba046551","name":"mcolomer","url":"https:\/\/bcbnews.barcelonaturisme.com\/?author=3"}]}},"_links":{"self":[{"href":"https:\/\/bcbnews.barcelonaturisme.com\/index.php?rest_route=\/wp\/v2\/posts\/5453"}],"collection":[{"href":"https:\/\/bcbnews.barcelonaturisme.com\/index.php?rest_route=\/wp\/v2\/posts"}],"about":[{"href":"https:\/\/bcbnews.barcelonaturisme.com\/index.php?rest_route=\/wp\/v2\/types\/post"}],"author":[{"embeddable":true,"href":"https:\/\/bcbnews.barcelonaturisme.com\/index.php?rest_route=\/wp\/v2\/users\/3"}],"replies":[{"embeddable":true,"href":"https:\/\/bcbnews.barcelonaturisme.com\/index.php?rest_route=%2Fwp%2Fv2%2Fcomments&post=5453"}],"version-history":[{"count":1,"href":"https:\/\/bcbnews.barcelonaturisme.com\/index.php?rest_route=\/wp\/v2\/posts\/5453\/revisions"}],"predecessor-version":[{"id":5470,"href":"https:\/\/bcbnews.barcelonaturisme.com\/index.php?rest_route=\/wp\/v2\/posts\/5453\/revisions\/5470"}],"wp:featuredmedia":[{"embeddable":true,"href":"https:\/\/bcbnews.barcelonaturisme.com\/index.php?rest_route=\/wp\/v2\/media\/5468"}],"wp:attachment":[{"href":"https:\/\/bcbnews.barcelonaturisme.com\/index.php?rest_route=%2Fwp%2Fv2%2Fmedia&parent=5453"}],"wp:term":[{"taxonomy":"category","embeddable":true,"href":"https:\/\/bcbnews.barcelonaturisme.com\/index.php?rest_route=%2Fwp%2Fv2%2Fcategories&post=5453"},{"taxonomy":"post_tag","embeddable":true,"href":"https:\/\/bcbnews.barcelonaturisme.com\/index.php?rest_route=%2Fwp%2Fv2%2Ftags&post=5453"},{"taxonomy":"capcalera","embeddable":true,"href":"https:\/\/bcbnews.barcelonaturisme.com\/index.php?rest_route=%2Fwp%2Fv2%2Fcapcalera&post=5453"}],"curies":[{"name":"wp","href":"https:\/\/api.w.org\/{rel}","templated":true}]}}