{"id":5696,"date":"2024-07-12T15:00:41","date_gmt":"2024-07-12T13:00:41","guid":{"rendered":"https:\/\/bcbnews.barcelonaturisme.com\/?p=5696"},"modified":"2024-07-15T14:35:11","modified_gmt":"2024-07-15T12:35:11","slug":"connexio-barcelona-europa-6","status":"publish","type":"post","link":"https:\/\/bcbnews.barcelonaturisme.com\/?p=5696","title":{"rendered":"Connexi\u00f3 Barcelona \u2013 Europa"},"content":{"rendered":"\n<p class=\"has-medium-font-size\">Accions al mercat europeu<\/p>\n\n\n\n<figure class=\"wp-block-gallery has-nested-images columns-default is-cropped wp-block-gallery-1 is-layout-flex wp-block-gallery-is-layout-flex\">\n<figure class=\"wp-block-image size-large\"><img fetchpriority=\"high\" decoding=\"async\" width=\"768\" height=\"1024\" data-id=\"5697\" src=\"https:\/\/bcbnews.barcelonaturisme.com\/wp-content\/uploads\/2024\/07\/Accions-Europa_interior_Paris1-768x1024.jpg\" alt=\"\" class=\"wp-image-5697\" srcset=\"https:\/\/bcbnews.barcelonaturisme.com\/wp-content\/uploads\/2024\/07\/Accions-Europa_interior_Paris1-768x1024.jpg 768w, https:\/\/bcbnews.barcelonaturisme.com\/wp-content\/uploads\/2024\/07\/Accions-Europa_interior_Paris1-225x300.jpg 225w, https:\/\/bcbnews.barcelonaturisme.com\/wp-content\/uploads\/2024\/07\/Accions-Europa_interior_Paris1-1152x1536.jpg 1152w, https:\/\/bcbnews.barcelonaturisme.com\/wp-content\/uploads\/2024\/07\/Accions-Europa_interior_Paris1.jpg 1536w\" sizes=\"(max-width: 768px) 100vw, 768px\" \/><\/figure>\n\n\n\n<figure class=\"wp-block-image size-large\"><img decoding=\"async\" width=\"768\" height=\"1024\" data-id=\"5701\" src=\"https:\/\/bcbnews.barcelonaturisme.com\/wp-content\/uploads\/2024\/07\/Accions-Europa_interior_Paris2-768x1024.jpg\" alt=\"\" class=\"wp-image-5701\" srcset=\"https:\/\/bcbnews.barcelonaturisme.com\/wp-content\/uploads\/2024\/07\/Accions-Europa_interior_Paris2-768x1024.jpg 768w, https:\/\/bcbnews.barcelonaturisme.com\/wp-content\/uploads\/2024\/07\/Accions-Europa_interior_Paris2-225x300.jpg 225w, https:\/\/bcbnews.barcelonaturisme.com\/wp-content\/uploads\/2024\/07\/Accions-Europa_interior_Paris2-1152x1536.jpg 1152w, https:\/\/bcbnews.barcelonaturisme.com\/wp-content\/uploads\/2024\/07\/Accions-Europa_interior_Paris2.jpg 1500w\" sizes=\"(max-width: 768px) 100vw, 768px\" \/><\/figure>\n\n\n\n<figure class=\"wp-block-image size-large\"><img decoding=\"async\" width=\"768\" height=\"1024\" data-id=\"5699\" src=\"https:\/\/bcbnews.barcelonaturisme.com\/wp-content\/uploads\/2024\/07\/Accions-Europa_interior_Paris3-768x1024.jpg\" alt=\"\" class=\"wp-image-5699\" srcset=\"https:\/\/bcbnews.barcelonaturisme.com\/wp-content\/uploads\/2024\/07\/Accions-Europa_interior_Paris3-768x1024.jpg 768w, https:\/\/bcbnews.barcelonaturisme.com\/wp-content\/uploads\/2024\/07\/Accions-Europa_interior_Paris3-225x300.jpg 225w, https:\/\/bcbnews.barcelonaturisme.com\/wp-content\/uploads\/2024\/07\/Accions-Europa_interior_Paris3-1152x1536.jpg 1152w, https:\/\/bcbnews.barcelonaturisme.com\/wp-content\/uploads\/2024\/07\/Accions-Europa_interior_Paris3-1536x2048.jpg 1536w, https:\/\/bcbnews.barcelonaturisme.com\/wp-content\/uploads\/2024\/07\/Accions-Europa_interior_Paris3-scaled.jpg 1920w\" sizes=\"(max-width: 768px) 100vw, 768px\" \/><\/figure>\n<\/figure>\n\n\n\n<p><strong>Esdeveniment amb membres a Par\u00eds<\/strong><br>22 maig, Par\u00eds<br>El 24 de maig passat, el Barcelona Convention Bureau (BCB) va organitzar una reeixida jornada de networking a Par\u00eds, dirigida al mercat MICE franc\u00e8s. Volem agrair als membres seg\u00fcents per la seva participaci\u00f3 i col\u00b7laboraci\u00f3: TA DMC, Grand Hyatt Barcelona, \u200b\u200bTorre Melina a Gran Meli\u00e1 Hotel, W Barcelona, \u200b\u200bNH Collection Barcelona, \u200b\u200bHotels H10 i Renaissance Barcelona Fira.<br>Despr\u00e9s de l&#8217;\u00e8xit obtingut amb els nostres membres i convidats l&#8217;any passat, el BCB va decidir repetir el format promocional de viatjar a Par\u00eds amb una petita selecci\u00f3 de membres (set en total) per fer tres esdeveniments de networking en un sol dia. Seleccionem tres seus que van oferir una visi\u00f3 diferenciada del que Barcelona t\u00e9 per oferir com a destinaci\u00f3 per a reunions i incentius.<br>Al mat\u00ed, vam donar la benvinguda a sis organitzadors d&#8217;esdeveniments MICE en un esmorzar a la terrassa de l&#8217;hotel lifestyle, el Hoxton de Par\u00eds. Per dinar, convoquem 16 ag\u00e8ncies parisenques a gaudir del restaurant Top Chef, la carta del qual reflecteix les receptes originals dels millors competidors del programa gastron\u00f2mic del mateix nom. Finalment, la jornada va culminar amb una vetllada amb 11 compradors al nou restaurant Halo, un espai amb un \u201cconcept store\u201d amb un toc \u201cspeakeasy\u201d, que inclou una botiga de moda, interiorisme i disseny, un restaurant amagat al soterrani, una galeria d\u00b4art i una sala privada per a 20 persones.<br>Cada localitzaci\u00f3 va ser seleccionada per representar diversos aspectes de la nostra ciutat: eleg\u00e0ncia, innovaci\u00f3, cosmopolitisme, entreteniment, originalitat, atractiu i tend\u00e8ncia. En definitiva, hem pogut comunicar que Barcelona \u00e9s una destinaci\u00f3 irresistible que compleix totes les expectatives per a reunions i incentius amb prove\u00efdors que comparteixen aquests valors.<br>La convocat\u00f2ria va ser tot un \u00e8xit, amb clients de gran qualitat, incloent molts directors i propietaris d&#8217;ag\u00e8ncies. Els assistents van mostrar un gran entusiasme per les experi\u00e8ncies ofertes i, sobretot, per connectar amb propietats que desconeixien. Van expressar el seu inter\u00e8s per les nombroses novetats i renovacions a Barcelona, \u200b\u200bcosa que va renovar el seu inter\u00e8s pel nostre dest\u00ed.<br>Sovint escoltem els clients francesos dir que ja coneixen Barcelona i que estan buscant noves destinacions. Tot i aix\u00f2, durant aquesta jornada &#8220;3 en 1&#8221;, van quedar gratament sorpresos per les novetats presentades, cosa que els va fer reconsiderar la seva percepci\u00f3 anterior i els va animar a explorar i redescobrir tot el que Barcelona t\u00e9 per oferir.<br>Repetirem aquesta promoci\u00f3 &#8220;3 en 1&#8221; el 24 d&#8217;octubre i us animem a expressar el vostre inter\u00e8s quan rebeu la convocat\u00f2ria oficial.<\/p>\n\n\n\n<p><strong>Per a m\u00e9s informaci\u00f3: <\/strong>Cecile Dorian &#8211; <a href=\"mailto:cdorian@barcelonaturisme.com\" target=\"_blank\" rel=\"noreferrer noopener\">cdorian@barcelonaturisme.com<\/a><\/p>\n\n\n\n<figure class=\"wp-block-gallery has-nested-images columns-default is-cropped wp-block-gallery-2 is-layout-flex wp-block-gallery-is-layout-flex\">\n<figure class=\"wp-block-image size-large\"><img loading=\"lazy\" decoding=\"async\" width=\"575\" height=\"337\" data-id=\"5707\" src=\"https:\/\/bcbnews.barcelonaturisme.com\/wp-content\/uploads\/2024\/07\/Events-club-forum.jpg\" alt=\"\" class=\"wp-image-5707\" srcset=\"https:\/\/bcbnews.barcelonaturisme.com\/wp-content\/uploads\/2024\/07\/Events-club-forum.jpg 575w, https:\/\/bcbnews.barcelonaturisme.com\/wp-content\/uploads\/2024\/07\/Events-club-forum-300x176.jpg 300w\" sizes=\"(max-width: 575px) 100vw, 575px\" \/><\/figure>\n<\/figure>\n\n\n\n<p><strong>Events Club Forum<\/strong><br>16-19 juny, Praga<br>El mes de juny passat, el BCB va participar en el Events Club Forum celebrat a Praga. Aquest esdeveniment, reconegut per congregar a destacats professionals del sector d&#8217;esdeveniments i congressos, va oferir a BCB una plataforma inigualable per a promoure Barcelona com a dest\u00ed de refer\u00e8ncia per a esdeveniments internacionals.<br>Una oportunitat per a establir noves relacions comercials i enfortir les existents, demostrant aix\u00ed el comprom\u00eds continu amb l&#8217;atracci\u00f3 d&#8217;esdeveniments de gran envergadura a la ciutat. La participaci\u00f3 en el Events Club Forum tamb\u00e9 va permetre a BCB intercanviar coneixements i experi\u00e8ncies amb altres l\u00edders de la ind\u00fastria, fomentant aix\u00ed la innovaci\u00f3 i el desenvolupament de noves estrat\u00e8gies en el sector d&#8217;esdeveniments.<br>Dos dies de molt bones reunions, sopars de networking i interessants debats sobre l&#8217;impacte dels esdeveniments i com fer-los m\u00e9s sostenibles, entre altres temes d&#8217;actualitat, presentant les novetats de Barcelona a compradors d&#8217;Europa de l&#8217;Est i altres mercats.<\/p>\n\n\n\n<p><strong>Per a m\u00e9s informaci\u00f3:<\/strong> Anna Orozco \u2013 <a href=\"mailto:aorozco@barcelonaturisme.com\" target=\"_blank\" rel=\"noreferrer noopener\">aorozco@barcelonaturisme.com<\/a><\/p>\n\n\n\n<p><\/p>\n\n\n\n<p><strong>The Meetings Show<\/strong><br>19-20 juny, Londres<br>Veient el bon resultat de les cites durant la nostra participaci\u00f3 a l\u2019edici\u00f3 del Meetings Show de l\u2019any passat, tornem a repetir la nostra assist\u00e8ncia sota el paraig\u00fces de Turespa\u00f1a. Durant els dos dies vam tenir l\u2019oportunitat de veure\u2019ns amb 25 ag\u00e8ncies i associacions, moltes de les quals tenien negoci potencial per Barcelona.<br><\/p>\n\n\n\n<p><strong>Per a m\u00e9s informaci\u00f3:<\/strong> Noem\u00ed Rosell, <a href=\"mailto:nrosell@barcelonaturisme.com\" target=\"_blank\" rel=\"noreferrer noopener\">nrosell@barcelonaturisme.com<\/a><\/p>\n\n\n\n<p><\/p>\n\n\n\n<figure class=\"wp-block-gallery has-nested-images columns-default is-cropped wp-block-gallery-3 is-layout-flex wp-block-gallery-is-layout-flex\">\n<figure class=\"wp-block-image size-large\"><img loading=\"lazy\" decoding=\"async\" width=\"1024\" height=\"815\" data-id=\"5709\" src=\"https:\/\/bcbnews.barcelonaturisme.com\/wp-content\/uploads\/2024\/07\/Accions-Europa_interior1-1024x815.jpg\" alt=\"\" class=\"wp-image-5709\" srcset=\"https:\/\/bcbnews.barcelonaturisme.com\/wp-content\/uploads\/2024\/07\/Accions-Europa_interior1-1024x815.jpg 1024w, https:\/\/bcbnews.barcelonaturisme.com\/wp-content\/uploads\/2024\/07\/Accions-Europa_interior1-300x239.jpg 300w, https:\/\/bcbnews.barcelonaturisme.com\/wp-content\/uploads\/2024\/07\/Accions-Europa_interior1-768x611.jpg 768w, https:\/\/bcbnews.barcelonaturisme.com\/wp-content\/uploads\/2024\/07\/Accions-Europa_interior1.jpg 1277w\" sizes=\"(max-width: 1024px) 100vw, 1024px\" \/><\/figure>\n\n\n\n<figure class=\"wp-block-image size-large\"><img loading=\"lazy\" decoding=\"async\" width=\"1024\" height=\"768\" data-id=\"5711\" src=\"https:\/\/bcbnews.barcelonaturisme.com\/wp-content\/uploads\/2024\/07\/Accions-Europa_interior2-1024x768.jpg\" alt=\"\" class=\"wp-image-5711\" srcset=\"https:\/\/bcbnews.barcelonaturisme.com\/wp-content\/uploads\/2024\/07\/Accions-Europa_interior2-1024x768.jpg 1024w, https:\/\/bcbnews.barcelonaturisme.com\/wp-content\/uploads\/2024\/07\/Accions-Europa_interior2-300x225.jpg 300w, https:\/\/bcbnews.barcelonaturisme.com\/wp-content\/uploads\/2024\/07\/Accions-Europa_interior2-768x576.jpg 768w, https:\/\/bcbnews.barcelonaturisme.com\/wp-content\/uploads\/2024\/07\/Accions-Europa_interior2-1536x1152.jpg 1536w, https:\/\/bcbnews.barcelonaturisme.com\/wp-content\/uploads\/2024\/07\/Accions-Europa_interior2.jpg 1600w\" sizes=\"(max-width: 1024px) 100vw, 1024px\" \/><\/figure>\n\n\n\n<figure class=\"wp-block-image size-large\"><img loading=\"lazy\" decoding=\"async\" width=\"1024\" height=\"768\" data-id=\"5713\" src=\"https:\/\/bcbnews.barcelonaturisme.com\/wp-content\/uploads\/2024\/07\/Accions-Europa_interior3-1024x768.jpg\" alt=\"\" class=\"wp-image-5713\" srcset=\"https:\/\/bcbnews.barcelonaturisme.com\/wp-content\/uploads\/2024\/07\/Accions-Europa_interior3-1024x768.jpg 1024w, https:\/\/bcbnews.barcelonaturisme.com\/wp-content\/uploads\/2024\/07\/Accions-Europa_interior3-300x225.jpg 300w, https:\/\/bcbnews.barcelonaturisme.com\/wp-content\/uploads\/2024\/07\/Accions-Europa_interior3-768x576.jpg 768w, https:\/\/bcbnews.barcelonaturisme.com\/wp-content\/uploads\/2024\/07\/Accions-Europa_interior3-1536x1152.jpg 1536w, https:\/\/bcbnews.barcelonaturisme.com\/wp-content\/uploads\/2024\/07\/Accions-Europa_interior3.jpg 1600w\" sizes=\"(max-width: 1024px) 100vw, 1024px\" \/><\/figure>\n<\/figure>\n\n\n\n<p><strong>MEET Catalunya I FT post-Meet Catalunya<\/strong><br>25-28 juny, Caldes de Malavella<br>El BCB participa al MEET Catalunya organitzat cada dos anys pel Catalunya Convention Bureau. Tenim l&#8217;oportunitat de veure\u2019ns amb 5 associacions i fer contactes amb agencies.<br>Posteriorment organitzem I participem en 5 fam trips post MEET Catalunya, juntament amb territoris i la col\u00b7laboraci\u00f3 de la Diputaci\u00f3 de Barcelona i el Catalunya Convention Bureau.<br>Tenim l\u2019oportunitat d\u2019ensenyar la destinaci\u00f3 Barcelona i la seva oferta MICE a un total de 35 prescriptors entre els quals es troben ag\u00e8ncies, associacions i premsa internacional del sector. Visitem en concret: Barcelona, Maresme, Vall\u00e8s Oriental, Sitges i Pened\u00e8s. Els fam trips tenen molt bona acollida.<br><\/p>\n\n\n\n<p><strong>Per a m\u00e9s informaci\u00f3:<\/strong> Noem\u00ed Rosell, <a href=\"mailto:nrosell@barcelonaturisme.com\" target=\"_blank\" rel=\"noreferrer noopener\">nrosell@barcelonaturisme.com<\/a><\/p>\n\n\n\n<p><\/p>\n\n\n\n<figure class=\"wp-block-gallery has-nested-images columns-default is-cropped wp-block-gallery-4 is-layout-flex wp-block-gallery-is-layout-flex\">\n<figure class=\"wp-block-image size-large\"><img loading=\"lazy\" decoding=\"async\" width=\"768\" height=\"1024\" data-id=\"5719\" src=\"https:\/\/bcbnews.barcelonaturisme.com\/wp-content\/uploads\/2024\/07\/20240705_095048-768x1024.jpg\" alt=\"\" class=\"wp-image-5719\" srcset=\"https:\/\/bcbnews.barcelonaturisme.com\/wp-content\/uploads\/2024\/07\/20240705_095048-768x1024.jpg 768w, https:\/\/bcbnews.barcelonaturisme.com\/wp-content\/uploads\/2024\/07\/20240705_095048-225x300.jpg 225w, https:\/\/bcbnews.barcelonaturisme.com\/wp-content\/uploads\/2024\/07\/20240705_095048-1152x1536.jpg 1152w, https:\/\/bcbnews.barcelonaturisme.com\/wp-content\/uploads\/2024\/07\/20240705_095048.jpg 1200w\" sizes=\"(max-width: 768px) 100vw, 768px\" \/><\/figure>\n\n\n\n<figure class=\"wp-block-image size-large\"><img loading=\"lazy\" decoding=\"async\" width=\"768\" height=\"1024\" data-id=\"5717\" src=\"https:\/\/bcbnews.barcelonaturisme.com\/wp-content\/uploads\/2024\/07\/IMG-20240705-WA0027-768x1024.jpg\" alt=\"\" class=\"wp-image-5717\" srcset=\"https:\/\/bcbnews.barcelonaturisme.com\/wp-content\/uploads\/2024\/07\/IMG-20240705-WA0027-768x1024.jpg 768w, https:\/\/bcbnews.barcelonaturisme.com\/wp-content\/uploads\/2024\/07\/IMG-20240705-WA0027-225x300.jpg 225w, https:\/\/bcbnews.barcelonaturisme.com\/wp-content\/uploads\/2024\/07\/IMG-20240705-WA0027-1152x1536.jpg 1152w, https:\/\/bcbnews.barcelonaturisme.com\/wp-content\/uploads\/2024\/07\/IMG-20240705-WA0027.jpg 1200w\" sizes=\"(max-width: 768px) 100vw, 768px\" \/><\/figure>\n\n\n\n<figure class=\"wp-block-image size-large\"><img loading=\"lazy\" decoding=\"async\" width=\"768\" height=\"1024\" data-id=\"5715\" src=\"https:\/\/bcbnews.barcelonaturisme.com\/wp-content\/uploads\/2024\/07\/IMG-20240706-WA0035-768x1024.jpg\" alt=\"\" class=\"wp-image-5715\" srcset=\"https:\/\/bcbnews.barcelonaturisme.com\/wp-content\/uploads\/2024\/07\/IMG-20240706-WA0035-768x1024.jpg 768w, https:\/\/bcbnews.barcelonaturisme.com\/wp-content\/uploads\/2024\/07\/IMG-20240706-WA0035-225x300.jpg 225w, https:\/\/bcbnews.barcelonaturisme.com\/wp-content\/uploads\/2024\/07\/IMG-20240706-WA0035-1152x1536.jpg 1152w, https:\/\/bcbnews.barcelonaturisme.com\/wp-content\/uploads\/2024\/07\/IMG-20240706-WA0035.jpg 1536w\" sizes=\"(max-width: 768px) 100vw, 768px\" \/><\/figure>\n<\/figure>\n\n\n\n<p><strong>FT mercat alemany, col\u00b7laboraci\u00f3 Meli\u00e1 International<\/strong><br>4-7 juliol, Barcelona<br>Amb l&#8217;objectiu de promocionar Barcelona com un dest\u00ed ideal per a l&#8217;organitzaci\u00f3 d&#8217;esdeveniments, el BCB, juntament amb l&#8217;Oficina Espanyola de Turisme (OET) de Frankfurt i Meli\u00e1 Internacional, hem organitzat un FamTrip amb clients alemanys la primera setmana de juliol. <\/p>\n\n\n\n<p>Aquest viatge de familiaritzaci\u00f3 va tenir com a objectiu principal donar a con\u00e8ixer algunes de les novetats m\u00e9s destacades en l&#8217;oferta de Barcelona per a esdeveniments, incloent-hi espais, hotels i activitats, aix\u00ed com la pr\u00f2xima celebraci\u00f3 de la Copa Am\u00e8rica.<br>Els clients alemanys van tenir l&#8217;oportunitat d&#8217;explorar una varietat d&#8217;espais per a esdeveniments. Van poder con\u00e8ixer de primera m\u00e0 l&#8217;\u00e0mplia gamma d&#8217;hotels Melia disponibles, el renovat PCC, espais com Sant Pau, Mirador de Gl\u00f2ries i Cellers Jean Leon, tots ells equipats amb instal\u00b7lacions d&#8217;\u00faltima generaci\u00f3 per a reunions i esdeveniments.<br>A m\u00e9s de les visites a espais i hotels, l&#8217;itinerari del FamTrip va incloure diverses activitats dissenyades per a mostrar la versatilitat de Barcelona com a dest\u00ed d&#8217;esdeveniments. Els participants van gaudir d&#8217;experi\u00e8ncies com America\u2019s Cup 360\u00ba , visita guiada al districte 22@ i una activitat enol\u00f2gica.<br>Un dels moments m\u00e9s destacats del famtrip va ser la presentaci\u00f3 de la pr\u00f2xima Copa Am\u00e8rica, que se celebrar\u00e0 a Barcelona aquest 2024. Aquesta prestigiosa competici\u00f3 n\u00e0utica atraur\u00e0 a milers de visitants internacionals, i el BCB va destacar com els esdeveniments associats a la Copa Am\u00e8rica proporcionaran oportunitats addicionals per a l&#8217;organitzaci\u00f3 d&#8217;esdeveniments corporatius i confer\u00e8ncies.<br><\/p>\n\n\n\n<p><strong>Per a m\u00e9s informaci\u00f3:<\/strong> Anna Orozco \u2013 <a href=\"mailto:aorozco@barcelonaturisme.com\" target=\"_blank\" rel=\"noreferrer noopener\">aorozco@barcelonaturisme.com<\/a><\/p>\n","protected":false},"excerpt":{"rendered":"<p>Accions al mercat europeu<\/p>\n","protected":false},"author":3,"featured_media":5703,"comment_status":"closed","ping_status":"closed","sticky":false,"template":"","format":"standard","meta":{"footnotes":""},"categories":[4],"tags":[],"capcalera":[],"class_list":["post-5696","post","type-post","status-publish","format-standard","has-post-thumbnail","hentry","category-accions-promocionals"],"acf":[],"yoast_head":"<!-- This site is optimized with the Yoast SEO plugin v25.3 - https:\/\/yoast.com\/wordpress\/plugins\/seo\/ -->\n<title>Connexi\u00f3 Barcelona \u2013 Europa - Barcelona Convention Bureau<\/title>\n<meta name=\"robots\" content=\"index, follow, max-snippet:-1, max-image-preview:large, max-video-preview:-1\" \/>\n<link rel=\"canonical\" href=\"https:\/\/bcbnews.barcelonaturisme.com\/?p=5696\" \/>\n<meta property=\"og:locale\" content=\"ca_ES\" \/>\n<meta property=\"og:type\" content=\"article\" \/>\n<meta property=\"og:title\" content=\"Connexi\u00f3 Barcelona \u2013 Europa - Barcelona Convention Bureau\" \/>\n<meta property=\"og:description\" content=\"Accions al mercat europeu\" \/>\n<meta property=\"og:url\" content=\"https:\/\/bcbnews.barcelonaturisme.com\/?p=5696\" \/>\n<meta property=\"og:site_name\" content=\"Barcelona Convention Bureau\" \/>\n<meta property=\"article:published_time\" content=\"2024-07-12T13:00:41+00:00\" \/>\n<meta property=\"article:modified_time\" content=\"2024-07-15T12:35:11+00:00\" \/>\n<meta property=\"og:image\" content=\"https:\/\/bcbnews.barcelonaturisme.com\/wp-content\/uploads\/2024\/07\/Accions-Europa_fora.jpg\" \/>\n\t<meta property=\"og:image:width\" content=\"1920\" \/>\n\t<meta property=\"og:image:height\" content=\"1080\" \/>\n\t<meta property=\"og:image:type\" content=\"image\/jpeg\" \/>\n<meta name=\"author\" content=\"mcolomer\" \/>\n<meta name=\"twitter:card\" content=\"summary_large_image\" \/>\n<meta name=\"twitter:label1\" content=\"Escrit per\" \/>\n\t<meta name=\"twitter:data1\" content=\"mcolomer\" \/>\n\t<meta name=\"twitter:label2\" content=\"Temps estimat de lectura\" \/>\n\t<meta name=\"twitter:data2\" content=\"8 minuts\" \/>\n<script type=\"application\/ld+json\" class=\"yoast-schema-graph\">{\"@context\":\"https:\/\/schema.org\",\"@graph\":[{\"@type\":\"Article\",\"@id\":\"https:\/\/bcbnews.barcelonaturisme.com\/?p=5696#article\",\"isPartOf\":{\"@id\":\"https:\/\/bcbnews.barcelonaturisme.com\/?p=5696\"},\"author\":{\"name\":\"mcolomer\",\"@id\":\"https:\/\/bcbnews.barcelonaturisme.com\/#\/schema\/person\/3fc6b66859de7d1dd2e84afaba046551\"},\"headline\":\"Connexi\u00f3 Barcelona \u2013 Europa\",\"datePublished\":\"2024-07-12T13:00:41+00:00\",\"dateModified\":\"2024-07-15T12:35:11+00:00\",\"mainEntityOfPage\":{\"@id\":\"https:\/\/bcbnews.barcelonaturisme.com\/?p=5696\"},\"wordCount\":1116,\"publisher\":{\"@id\":\"https:\/\/bcbnews.barcelonaturisme.com\/#organization\"},\"image\":{\"@id\":\"https:\/\/bcbnews.barcelonaturisme.com\/?p=5696#primaryimage\"},\"thumbnailUrl\":\"https:\/\/bcbnews.barcelonaturisme.com\/wp-content\/uploads\/2024\/07\/Accions-Europa_fora.jpg\",\"articleSection\":[\"Accions Promocionals\"],\"inLanguage\":\"ca\"},{\"@type\":\"WebPage\",\"@id\":\"https:\/\/bcbnews.barcelonaturisme.com\/?p=5696\",\"url\":\"https:\/\/bcbnews.barcelonaturisme.com\/?p=5696\",\"name\":\"Connexi\u00f3 Barcelona \u2013 Europa - Barcelona Convention Bureau\",\"isPartOf\":{\"@id\":\"https:\/\/bcbnews.barcelonaturisme.com\/#website\"},\"primaryImageOfPage\":{\"@id\":\"https:\/\/bcbnews.barcelonaturisme.com\/?p=5696#primaryimage\"},\"image\":{\"@id\":\"https:\/\/bcbnews.barcelonaturisme.com\/?p=5696#primaryimage\"},\"thumbnailUrl\":\"https:\/\/bcbnews.barcelonaturisme.com\/wp-content\/uploads\/2024\/07\/Accions-Europa_fora.jpg\",\"datePublished\":\"2024-07-12T13:00:41+00:00\",\"dateModified\":\"2024-07-15T12:35:11+00:00\",\"breadcrumb\":{\"@id\":\"https:\/\/bcbnews.barcelonaturisme.com\/?p=5696#breadcrumb\"},\"inLanguage\":\"ca\",\"potentialAction\":[{\"@type\":\"ReadAction\",\"target\":[\"https:\/\/bcbnews.barcelonaturisme.com\/?p=5696\"]}]},{\"@type\":\"ImageObject\",\"inLanguage\":\"ca\",\"@id\":\"https:\/\/bcbnews.barcelonaturisme.com\/?p=5696#primaryimage\",\"url\":\"https:\/\/bcbnews.barcelonaturisme.com\/wp-content\/uploads\/2024\/07\/Accions-Europa_fora.jpg\",\"contentUrl\":\"https:\/\/bcbnews.barcelonaturisme.com\/wp-content\/uploads\/2024\/07\/Accions-Europa_fora.jpg\",\"width\":1920,\"height\":1080},{\"@type\":\"BreadcrumbList\",\"@id\":\"https:\/\/bcbnews.barcelonaturisme.com\/?p=5696#breadcrumb\",\"itemListElement\":[{\"@type\":\"ListItem\",\"position\":1,\"name\":\"Inici\",\"item\":\"https:\/\/bcbnews.barcelonaturisme.com\/\"},{\"@type\":\"ListItem\",\"position\":2,\"name\":\"Connexi\u00f3 Barcelona \u2013 Europa\"}]},{\"@type\":\"WebSite\",\"@id\":\"https:\/\/bcbnews.barcelonaturisme.com\/#website\",\"url\":\"https:\/\/bcbnews.barcelonaturisme.com\/\",\"name\":\"BCB News \/ Barcelona Convention Bureau\",\"description\":\"BCB Magazine\",\"publisher\":{\"@id\":\"https:\/\/bcbnews.barcelonaturisme.com\/#organization\"},\"potentialAction\":[{\"@type\":\"SearchAction\",\"target\":{\"@type\":\"EntryPoint\",\"urlTemplate\":\"https:\/\/bcbnews.barcelonaturisme.com\/?s={search_term_string}\"},\"query-input\":{\"@type\":\"PropertyValueSpecification\",\"valueRequired\":true,\"valueName\":\"search_term_string\"}}],\"inLanguage\":\"ca\"},{\"@type\":\"Organization\",\"@id\":\"https:\/\/bcbnews.barcelonaturisme.com\/#organization\",\"name\":\"BCB News \/ Barcelona Convention Bureau\",\"url\":\"https:\/\/bcbnews.barcelonaturisme.com\/\",\"logo\":{\"@type\":\"ImageObject\",\"inLanguage\":\"ca\",\"@id\":\"https:\/\/bcbnews.barcelonaturisme.com\/#\/schema\/logo\/image\/\",\"url\":\"https:\/\/bcbnews.barcelonaturisme.com\/wp-content\/uploads\/2021\/12\/BCB_logo.png\",\"contentUrl\":\"https:\/\/bcbnews.barcelonaturisme.com\/wp-content\/uploads\/2021\/12\/BCB_logo.png\",\"width\":543,\"height\":166,\"caption\":\"BCB News \/ Barcelona Convention Bureau\"},\"image\":{\"@id\":\"https:\/\/bcbnews.barcelonaturisme.com\/#\/schema\/logo\/image\/\"}},{\"@type\":\"Person\",\"@id\":\"https:\/\/bcbnews.barcelonaturisme.com\/#\/schema\/person\/3fc6b66859de7d1dd2e84afaba046551\",\"name\":\"mcolomer\",\"url\":\"https:\/\/bcbnews.barcelonaturisme.com\/?author=3\"}]}<\/script>\n<!-- \/ Yoast SEO plugin. -->","yoast_head_json":{"title":"Connexi\u00f3 Barcelona \u2013 Europa - Barcelona Convention Bureau","robots":{"index":"index","follow":"follow","max-snippet":"max-snippet:-1","max-image-preview":"max-image-preview:large","max-video-preview":"max-video-preview:-1"},"canonical":"https:\/\/bcbnews.barcelonaturisme.com\/?p=5696","og_locale":"ca_ES","og_type":"article","og_title":"Connexi\u00f3 Barcelona \u2013 Europa - Barcelona Convention Bureau","og_description":"Accions al mercat europeu","og_url":"https:\/\/bcbnews.barcelonaturisme.com\/?p=5696","og_site_name":"Barcelona Convention Bureau","article_published_time":"2024-07-12T13:00:41+00:00","article_modified_time":"2024-07-15T12:35:11+00:00","og_image":[{"width":1920,"height":1080,"url":"https:\/\/bcbnews.barcelonaturisme.com\/wp-content\/uploads\/2024\/07\/Accions-Europa_fora.jpg","type":"image\/jpeg"}],"author":"mcolomer","twitter_card":"summary_large_image","twitter_misc":{"Escrit per":"mcolomer","Temps estimat de lectura":"8 minuts"},"schema":{"@context":"https:\/\/schema.org","@graph":[{"@type":"Article","@id":"https:\/\/bcbnews.barcelonaturisme.com\/?p=5696#article","isPartOf":{"@id":"https:\/\/bcbnews.barcelonaturisme.com\/?p=5696"},"author":{"name":"mcolomer","@id":"https:\/\/bcbnews.barcelonaturisme.com\/#\/schema\/person\/3fc6b66859de7d1dd2e84afaba046551"},"headline":"Connexi\u00f3 Barcelona \u2013 Europa","datePublished":"2024-07-12T13:00:41+00:00","dateModified":"2024-07-15T12:35:11+00:00","mainEntityOfPage":{"@id":"https:\/\/bcbnews.barcelonaturisme.com\/?p=5696"},"wordCount":1116,"publisher":{"@id":"https:\/\/bcbnews.barcelonaturisme.com\/#organization"},"image":{"@id":"https:\/\/bcbnews.barcelonaturisme.com\/?p=5696#primaryimage"},"thumbnailUrl":"https:\/\/bcbnews.barcelonaturisme.com\/wp-content\/uploads\/2024\/07\/Accions-Europa_fora.jpg","articleSection":["Accions Promocionals"],"inLanguage":"ca"},{"@type":"WebPage","@id":"https:\/\/bcbnews.barcelonaturisme.com\/?p=5696","url":"https:\/\/bcbnews.barcelonaturisme.com\/?p=5696","name":"Connexi\u00f3 Barcelona \u2013 Europa - Barcelona Convention Bureau","isPartOf":{"@id":"https:\/\/bcbnews.barcelonaturisme.com\/#website"},"primaryImageOfPage":{"@id":"https:\/\/bcbnews.barcelonaturisme.com\/?p=5696#primaryimage"},"image":{"@id":"https:\/\/bcbnews.barcelonaturisme.com\/?p=5696#primaryimage"},"thumbnailUrl":"https:\/\/bcbnews.barcelonaturisme.com\/wp-content\/uploads\/2024\/07\/Accions-Europa_fora.jpg","datePublished":"2024-07-12T13:00:41+00:00","dateModified":"2024-07-15T12:35:11+00:00","breadcrumb":{"@id":"https:\/\/bcbnews.barcelonaturisme.com\/?p=5696#breadcrumb"},"inLanguage":"ca","potentialAction":[{"@type":"ReadAction","target":["https:\/\/bcbnews.barcelonaturisme.com\/?p=5696"]}]},{"@type":"ImageObject","inLanguage":"ca","@id":"https:\/\/bcbnews.barcelonaturisme.com\/?p=5696#primaryimage","url":"https:\/\/bcbnews.barcelonaturisme.com\/wp-content\/uploads\/2024\/07\/Accions-Europa_fora.jpg","contentUrl":"https:\/\/bcbnews.barcelonaturisme.com\/wp-content\/uploads\/2024\/07\/Accions-Europa_fora.jpg","width":1920,"height":1080},{"@type":"BreadcrumbList","@id":"https:\/\/bcbnews.barcelonaturisme.com\/?p=5696#breadcrumb","itemListElement":[{"@type":"ListItem","position":1,"name":"Inici","item":"https:\/\/bcbnews.barcelonaturisme.com\/"},{"@type":"ListItem","position":2,"name":"Connexi\u00f3 Barcelona \u2013 Europa"}]},{"@type":"WebSite","@id":"https:\/\/bcbnews.barcelonaturisme.com\/#website","url":"https:\/\/bcbnews.barcelonaturisme.com\/","name":"BCB News \/ Barcelona Convention Bureau","description":"BCB Magazine","publisher":{"@id":"https:\/\/bcbnews.barcelonaturisme.com\/#organization"},"potentialAction":[{"@type":"SearchAction","target":{"@type":"EntryPoint","urlTemplate":"https:\/\/bcbnews.barcelonaturisme.com\/?s={search_term_string}"},"query-input":{"@type":"PropertyValueSpecification","valueRequired":true,"valueName":"search_term_string"}}],"inLanguage":"ca"},{"@type":"Organization","@id":"https:\/\/bcbnews.barcelonaturisme.com\/#organization","name":"BCB News \/ Barcelona Convention Bureau","url":"https:\/\/bcbnews.barcelonaturisme.com\/","logo":{"@type":"ImageObject","inLanguage":"ca","@id":"https:\/\/bcbnews.barcelonaturisme.com\/#\/schema\/logo\/image\/","url":"https:\/\/bcbnews.barcelonaturisme.com\/wp-content\/uploads\/2021\/12\/BCB_logo.png","contentUrl":"https:\/\/bcbnews.barcelonaturisme.com\/wp-content\/uploads\/2021\/12\/BCB_logo.png","width":543,"height":166,"caption":"BCB News \/ Barcelona Convention Bureau"},"image":{"@id":"https:\/\/bcbnews.barcelonaturisme.com\/#\/schema\/logo\/image\/"}},{"@type":"Person","@id":"https:\/\/bcbnews.barcelonaturisme.com\/#\/schema\/person\/3fc6b66859de7d1dd2e84afaba046551","name":"mcolomer","url":"https:\/\/bcbnews.barcelonaturisme.com\/?author=3"}]}},"_links":{"self":[{"href":"https:\/\/bcbnews.barcelonaturisme.com\/index.php?rest_route=\/wp\/v2\/posts\/5696"}],"collection":[{"href":"https:\/\/bcbnews.barcelonaturisme.com\/index.php?rest_route=\/wp\/v2\/posts"}],"about":[{"href":"https:\/\/bcbnews.barcelonaturisme.com\/index.php?rest_route=\/wp\/v2\/types\/post"}],"author":[{"embeddable":true,"href":"https:\/\/bcbnews.barcelonaturisme.com\/index.php?rest_route=\/wp\/v2\/users\/3"}],"replies":[{"embeddable":true,"href":"https:\/\/bcbnews.barcelonaturisme.com\/index.php?rest_route=%2Fwp%2Fv2%2Fcomments&post=5696"}],"version-history":[{"count":3,"href":"https:\/\/bcbnews.barcelonaturisme.com\/index.php?rest_route=\/wp\/v2\/posts\/5696\/revisions"}],"predecessor-version":[{"id":5858,"href":"https:\/\/bcbnews.barcelonaturisme.com\/index.php?rest_route=\/wp\/v2\/posts\/5696\/revisions\/5858"}],"wp:featuredmedia":[{"embeddable":true,"href":"https:\/\/bcbnews.barcelonaturisme.com\/index.php?rest_route=\/wp\/v2\/media\/5703"}],"wp:attachment":[{"href":"https:\/\/bcbnews.barcelonaturisme.com\/index.php?rest_route=%2Fwp%2Fv2%2Fmedia&parent=5696"}],"wp:term":[{"taxonomy":"category","embeddable":true,"href":"https:\/\/bcbnews.barcelonaturisme.com\/index.php?rest_route=%2Fwp%2Fv2%2Fcategories&post=5696"},{"taxonomy":"post_tag","embeddable":true,"href":"https:\/\/bcbnews.barcelonaturisme.com\/index.php?rest_route=%2Fwp%2Fv2%2Ftags&post=5696"},{"taxonomy":"capcalera","embeddable":true,"href":"https:\/\/bcbnews.barcelonaturisme.com\/index.php?rest_route=%2Fwp%2Fv2%2Fcapcalera&post=5696"}],"curies":[{"name":"wp","href":"https:\/\/api.w.org\/{rel}","templated":true}]}}