{"id":5722,"date":"2024-07-12T15:00:41","date_gmt":"2024-07-12T13:00:41","guid":{"rendered":"https:\/\/bcbnews.barcelonaturisme.com\/?p=5722"},"modified":"2024-07-15T14:35:40","modified_gmt":"2024-07-15T12:35:40","slug":"connexio-barcelona-europa-6","status":"publish","type":"post","link":"https:\/\/bcbnews.barcelonaturisme.com\/?p=5722&lang=es","title":{"rendered":"Conexi\u00f3n Barcelona \u2013 Europa"},"content":{"rendered":"\n<p class=\"has-medium-font-size\">Acciones en el mercado europeo<\/p>\n\n\n\n<figure class=\"wp-block-gallery has-nested-images columns-default is-cropped wp-block-gallery-1 is-layout-flex wp-block-gallery-is-layout-flex\">\n<figure class=\"wp-block-image size-large\"><img fetchpriority=\"high\" decoding=\"async\" width=\"768\" height=\"1024\" data-id=\"5697\" src=\"https:\/\/bcbnews.barcelonaturisme.com\/wp-content\/uploads\/2024\/07\/Accions-Europa_interior_Paris1-768x1024.jpg\" alt=\"\" class=\"wp-image-5697\" srcset=\"https:\/\/bcbnews.barcelonaturisme.com\/wp-content\/uploads\/2024\/07\/Accions-Europa_interior_Paris1-768x1024.jpg 768w, https:\/\/bcbnews.barcelonaturisme.com\/wp-content\/uploads\/2024\/07\/Accions-Europa_interior_Paris1-225x300.jpg 225w, https:\/\/bcbnews.barcelonaturisme.com\/wp-content\/uploads\/2024\/07\/Accions-Europa_interior_Paris1-1152x1536.jpg 1152w, https:\/\/bcbnews.barcelonaturisme.com\/wp-content\/uploads\/2024\/07\/Accions-Europa_interior_Paris1.jpg 1536w\" sizes=\"(max-width: 768px) 100vw, 768px\" \/><\/figure>\n\n\n\n<figure class=\"wp-block-image size-large\"><img decoding=\"async\" width=\"768\" height=\"1024\" data-id=\"5701\" src=\"https:\/\/bcbnews.barcelonaturisme.com\/wp-content\/uploads\/2024\/07\/Accions-Europa_interior_Paris2-768x1024.jpg\" alt=\"\" class=\"wp-image-5701\" srcset=\"https:\/\/bcbnews.barcelonaturisme.com\/wp-content\/uploads\/2024\/07\/Accions-Europa_interior_Paris2-768x1024.jpg 768w, https:\/\/bcbnews.barcelonaturisme.com\/wp-content\/uploads\/2024\/07\/Accions-Europa_interior_Paris2-225x300.jpg 225w, https:\/\/bcbnews.barcelonaturisme.com\/wp-content\/uploads\/2024\/07\/Accions-Europa_interior_Paris2-1152x1536.jpg 1152w, https:\/\/bcbnews.barcelonaturisme.com\/wp-content\/uploads\/2024\/07\/Accions-Europa_interior_Paris2.jpg 1500w\" sizes=\"(max-width: 768px) 100vw, 768px\" \/><\/figure>\n\n\n\n<figure class=\"wp-block-image size-large\"><img decoding=\"async\" width=\"768\" height=\"1024\" data-id=\"5699\" src=\"https:\/\/bcbnews.barcelonaturisme.com\/wp-content\/uploads\/2024\/07\/Accions-Europa_interior_Paris3-768x1024.jpg\" alt=\"\" class=\"wp-image-5699\" srcset=\"https:\/\/bcbnews.barcelonaturisme.com\/wp-content\/uploads\/2024\/07\/Accions-Europa_interior_Paris3-768x1024.jpg 768w, https:\/\/bcbnews.barcelonaturisme.com\/wp-content\/uploads\/2024\/07\/Accions-Europa_interior_Paris3-225x300.jpg 225w, https:\/\/bcbnews.barcelonaturisme.com\/wp-content\/uploads\/2024\/07\/Accions-Europa_interior_Paris3-1152x1536.jpg 1152w, https:\/\/bcbnews.barcelonaturisme.com\/wp-content\/uploads\/2024\/07\/Accions-Europa_interior_Paris3-1536x2048.jpg 1536w, https:\/\/bcbnews.barcelonaturisme.com\/wp-content\/uploads\/2024\/07\/Accions-Europa_interior_Paris3-scaled.jpg 1920w\" sizes=\"(max-width: 768px) 100vw, 768px\" \/><\/figure>\n<\/figure>\n\n\n\n<p><strong>Evento con miembros en Par\u00eds<\/strong><br>22 mayo, Par\u00eds<br>El pasado 24 de mayo, el Barcelona Convention Bureau (BCB) organiz\u00f3 una exitosa jornada de networking en Par\u00eds, dirigida al mercado MICE franc\u00e9s. Queremos agradecer a los siguientes miembros por su participaci\u00f3n y colaboraci\u00f3n: TA DMC, Grand Hyatt Barcelona, Torre Melina a Gran Meli\u00e1 Hotel, W Barcelona, NH Collection Barcelona, Hoteles H10 y Renaissance Barcelona Fira.<br>Tras el \u00e9xito obtenido con nuestros miembros e invitados el a\u00f1o pasado, el BCB decidi\u00f3 repetir el formato promocional de viajar a Par\u00eds con una peque\u00f1a selecci\u00f3n de miembros (siete en total) para llevar a cabo tres eventos de networking en un solo d\u00eda. Seleccionamos tres sedes que ofrecieron una visi\u00f3n diferenciada de lo que Barcelona tiene para ofrecer como destino para reuniones e incentivos.<br>Por la ma\u00f1ana, dimos la bienvenida a seis organizadores de eventos MICE en un desayuno en la terraza del hotel lifestyle, el Hoxton de Par\u00eds. Para el almuerzo, convocamos a 16 agencias parisinas a disfrutar del restaurante Top Chef, cuya carta refleja las recetas originales de los mejores competidores del programa gastron\u00f3mico del mismo nombre. Finalmente, la jornada culmin\u00f3 con una velada con 11 compradores en el nuevo restaurante Halo, un espacio con un \u201cconcept store\u201d con un toque \u201cspeakeasy\u201d, que incluye una tienda de moda, interiorismo y dise\u00f1o, un restaurante escondido en el s\u00f3tano, una galer\u00eda de arte y una sala privada para 20 personas.<br>Cada localizaci\u00f3n fue seleccionada por representar diversos aspectos de nuestra ciudad: elegancia, innovaci\u00f3n, cosmopolitismo, entretenimiento, originalidad, atractivo y tendencia. En definitiva, hemos podido comunicar que Barcelona es un destino irresistible que cumple con todas las expectativas para reuniones e incentivos con proveedores que comparten estos valores.<br>La convocatoria fue todo un \u00e9xito, con clientes de excelente calidad, incluyendo muchos directores y propietarios de agencias. Los asistentes mostraron un gran entusiasmo por las experiencias ofrecidas y, sobre todo, por conectar con propiedades que desconoc\u00edan. Expresaron su inter\u00e9s por las numerosas novedades y renovaciones en Barcelona, lo que renov\u00f3 su inter\u00e9s por nuestro destino.<br>A menudo escuchamos a los clientes franceses decir que ya conocen Barcelona y que est\u00e1n buscando nuevos destinos. Sin embargo, durante esta jornada &#8220;3 en 1&#8221;, quedaron gratamente sorprendidos por las novedades presentadas, lo que les hizo reconsiderar su percepci\u00f3n anterior y los anim\u00f3 a explorar y redescubrir todo lo que Barcelona tiene para ofrecer.<br>Repetiremos esta promoci\u00f3n &#8220;3 en 1&#8221; el 24 de octubre y os animamos a expresar vuestro inter\u00e9s cuando recib\u00e1is la convocatoria oficial.<\/p>\n\n\n\n<p><strong>M\u00e1s informaci\u00f3n: <\/strong>Cecile Dorian &#8211; <a href=\"mailto:cdorian@barcelonaturisme.com\" target=\"_blank\" rel=\"noreferrer noopener\">cdorian@barcelonaturisme.com<\/a><\/p>\n\n\n\n<figure class=\"wp-block-gallery has-nested-images columns-default is-cropped wp-block-gallery-2 is-layout-flex wp-block-gallery-is-layout-flex\">\n<figure class=\"wp-block-image size-large\"><img loading=\"lazy\" decoding=\"async\" width=\"575\" height=\"337\" data-id=\"5707\" src=\"https:\/\/bcbnews.barcelonaturisme.com\/wp-content\/uploads\/2024\/07\/Events-club-forum.jpg\" alt=\"\" class=\"wp-image-5707\" srcset=\"https:\/\/bcbnews.barcelonaturisme.com\/wp-content\/uploads\/2024\/07\/Events-club-forum.jpg 575w, https:\/\/bcbnews.barcelonaturisme.com\/wp-content\/uploads\/2024\/07\/Events-club-forum-300x176.jpg 300w\" sizes=\"(max-width: 575px) 100vw, 575px\" \/><\/figure>\n<\/figure>\n\n\n\n<p><strong>Events Club Forum<\/strong><br>16-19 junio, Praga<br>El pasado mes de junio, el Barcelona Convention Bureau particip\u00f3 en el Events Club Forum celebrado en Praga. Este evento, reconocido por congregar a destacados profesionales del sector de eventos y congresos, ofreci\u00f3 a BCB una plataforma inigualable para promover Barcelona como destino de referencia para eventos internacionales.<br>Una oportunidad para establecer nuevas relaciones comerciales y fortalecer las existentes, demostrando as\u00ed el compromiso continuo con la atracci\u00f3n de eventos de gran envergadura a la ciudad. La participaci\u00f3n en el Events Club Forum tambi\u00e9n permiti\u00f3 a BCB intercambiar conocimientos y experiencias con otros l\u00edderes de la industria, fomentando as\u00ed la innovaci\u00f3n y el desarrollo de nuevas estrategias en el sector de eventos.<br>Dos d\u00edas de muy buenas reuniones, cenas de networking e interesantes debates sobre el impacto de los eventos y c\u00f3mo hacerlos m\u00e1s sostenibles, entre otros temas de actualidad, presentando las novedades de Barcelona a compradores de Europa del Este y otros mercados.<\/p>\n\n\n\n<p><strong>M\u00e1s informaci\u00f3n: <\/strong>Anna Orozco \u2013 <a href=\"mailto:aorozco@barcelonaturisme.com\" target=\"_blank\" rel=\"noreferrer noopener\">aorozco@barcelonaturisme.com<\/a><\/p>\n\n\n\n<p><\/p>\n\n\n\n<p><strong>The Meetings Show<\/strong><br>19-20 junio, Londres<br>Viendo el buen resultado de las citas durante nuestra participaci\u00f3n en la edici\u00f3n del Meetings Show del a\u00f1o pasado, volvemos a repetir nuestra asistencia bajo el paraguas de Turespa\u00f1a. Durante los dos d\u00edas tuvimos la oportunidad de vernos con 25 agencias y asociaciones, muchas de las cuales ten\u00edan negocio potencial por Barcelona.<\/p>\n\n\n\n<p><strong>M\u00e1s informaci\u00f3n: <\/strong>Noem\u00ed Rosell, <a href=\"mailto:nrosell@barcelonaturisme.com\" target=\"_blank\" rel=\"noreferrer noopener\">nrosell@barcelonaturisme.com<\/a><\/p>\n\n\n\n<figure class=\"wp-block-gallery has-nested-images columns-default is-cropped wp-block-gallery-3 is-layout-flex wp-block-gallery-is-layout-flex\">\n<figure class=\"wp-block-image size-large\"><img loading=\"lazy\" decoding=\"async\" width=\"1024\" height=\"815\" data-id=\"5709\" src=\"https:\/\/bcbnews.barcelonaturisme.com\/wp-content\/uploads\/2024\/07\/Accions-Europa_interior1-1024x815.jpg\" alt=\"\" class=\"wp-image-5709\" srcset=\"https:\/\/bcbnews.barcelonaturisme.com\/wp-content\/uploads\/2024\/07\/Accions-Europa_interior1-1024x815.jpg 1024w, https:\/\/bcbnews.barcelonaturisme.com\/wp-content\/uploads\/2024\/07\/Accions-Europa_interior1-300x239.jpg 300w, https:\/\/bcbnews.barcelonaturisme.com\/wp-content\/uploads\/2024\/07\/Accions-Europa_interior1-768x611.jpg 768w, https:\/\/bcbnews.barcelonaturisme.com\/wp-content\/uploads\/2024\/07\/Accions-Europa_interior1.jpg 1277w\" sizes=\"(max-width: 1024px) 100vw, 1024px\" \/><\/figure>\n\n\n\n<figure class=\"wp-block-image size-large\"><img loading=\"lazy\" decoding=\"async\" width=\"1024\" height=\"768\" data-id=\"5711\" src=\"https:\/\/bcbnews.barcelonaturisme.com\/wp-content\/uploads\/2024\/07\/Accions-Europa_interior2-1024x768.jpg\" alt=\"\" class=\"wp-image-5711\" srcset=\"https:\/\/bcbnews.barcelonaturisme.com\/wp-content\/uploads\/2024\/07\/Accions-Europa_interior2-1024x768.jpg 1024w, https:\/\/bcbnews.barcelonaturisme.com\/wp-content\/uploads\/2024\/07\/Accions-Europa_interior2-300x225.jpg 300w, https:\/\/bcbnews.barcelonaturisme.com\/wp-content\/uploads\/2024\/07\/Accions-Europa_interior2-768x576.jpg 768w, https:\/\/bcbnews.barcelonaturisme.com\/wp-content\/uploads\/2024\/07\/Accions-Europa_interior2-1536x1152.jpg 1536w, https:\/\/bcbnews.barcelonaturisme.com\/wp-content\/uploads\/2024\/07\/Accions-Europa_interior2.jpg 1600w\" sizes=\"(max-width: 1024px) 100vw, 1024px\" \/><\/figure>\n\n\n\n<figure class=\"wp-block-image size-large\"><img loading=\"lazy\" decoding=\"async\" width=\"1024\" height=\"768\" data-id=\"5713\" src=\"https:\/\/bcbnews.barcelonaturisme.com\/wp-content\/uploads\/2024\/07\/Accions-Europa_interior3-1024x768.jpg\" alt=\"\" class=\"wp-image-5713\" srcset=\"https:\/\/bcbnews.barcelonaturisme.com\/wp-content\/uploads\/2024\/07\/Accions-Europa_interior3-1024x768.jpg 1024w, https:\/\/bcbnews.barcelonaturisme.com\/wp-content\/uploads\/2024\/07\/Accions-Europa_interior3-300x225.jpg 300w, https:\/\/bcbnews.barcelonaturisme.com\/wp-content\/uploads\/2024\/07\/Accions-Europa_interior3-768x576.jpg 768w, https:\/\/bcbnews.barcelonaturisme.com\/wp-content\/uploads\/2024\/07\/Accions-Europa_interior3-1536x1152.jpg 1536w, https:\/\/bcbnews.barcelonaturisme.com\/wp-content\/uploads\/2024\/07\/Accions-Europa_interior3.jpg 1600w\" sizes=\"(max-width: 1024px) 100vw, 1024px\" \/><\/figure>\n<\/figure>\n\n\n\n<p><strong>MEET Catalunya y FT post-Meet Catalunya<\/strong><br>25-28 junio, Caldes de Malavella<br>El BCB participa en el MEET Catalunya organizado cada dos a\u00f1os por Catalunya Convention Bureau. Tenemos la oportunidad de vernos con 5 asociaciones y hacer contactos con agencias.<br>Posteriormente organizamos y participamos en 5 fam trips post MEET Catalunya, junto con territorios y la colaboraci\u00f3n de la Diputaci\u00f3n de Barcelona y el Catalunya Convention Bureau.<br>Tenemos la oportunidad de ense\u00f1ar el destino Barcelona y su oferta MICE a un total de 35 prescriptores entre los que se encuentran agencias, asociaciones y prensa internacional del sector. Visitamos en concreto: Barcelona, Maresme, Vall\u00e8s Oriental, Sitges y Pened\u00e8s. Los fam trips tienen muy buena acogida.<\/p>\n\n\n\n<p><strong>M\u00e1s informaci\u00f3n:<\/strong> Noem\u00ed Rosell, <a href=\"mailto:nrosell@barcelonaturisme.com\" target=\"_blank\" rel=\"noreferrer noopener\">nrosell@barcelonaturisme.com<\/a><\/p>\n\n\n\n<figure class=\"wp-block-gallery has-nested-images columns-default is-cropped wp-block-gallery-4 is-layout-flex wp-block-gallery-is-layout-flex\">\n<figure class=\"wp-block-image size-large\"><img loading=\"lazy\" decoding=\"async\" width=\"768\" height=\"1024\" data-id=\"5719\" src=\"https:\/\/bcbnews.barcelonaturisme.com\/wp-content\/uploads\/2024\/07\/20240705_095048-768x1024.jpg\" alt=\"\" class=\"wp-image-5719\" srcset=\"https:\/\/bcbnews.barcelonaturisme.com\/wp-content\/uploads\/2024\/07\/20240705_095048-768x1024.jpg 768w, https:\/\/bcbnews.barcelonaturisme.com\/wp-content\/uploads\/2024\/07\/20240705_095048-225x300.jpg 225w, https:\/\/bcbnews.barcelonaturisme.com\/wp-content\/uploads\/2024\/07\/20240705_095048-1152x1536.jpg 1152w, https:\/\/bcbnews.barcelonaturisme.com\/wp-content\/uploads\/2024\/07\/20240705_095048.jpg 1200w\" sizes=\"(max-width: 768px) 100vw, 768px\" \/><\/figure>\n\n\n\n<figure class=\"wp-block-image size-large\"><img loading=\"lazy\" decoding=\"async\" width=\"768\" height=\"1024\" data-id=\"5717\" src=\"https:\/\/bcbnews.barcelonaturisme.com\/wp-content\/uploads\/2024\/07\/IMG-20240705-WA0027-768x1024.jpg\" alt=\"\" class=\"wp-image-5717\" srcset=\"https:\/\/bcbnews.barcelonaturisme.com\/wp-content\/uploads\/2024\/07\/IMG-20240705-WA0027-768x1024.jpg 768w, https:\/\/bcbnews.barcelonaturisme.com\/wp-content\/uploads\/2024\/07\/IMG-20240705-WA0027-225x300.jpg 225w, https:\/\/bcbnews.barcelonaturisme.com\/wp-content\/uploads\/2024\/07\/IMG-20240705-WA0027-1152x1536.jpg 1152w, https:\/\/bcbnews.barcelonaturisme.com\/wp-content\/uploads\/2024\/07\/IMG-20240705-WA0027.jpg 1200w\" sizes=\"(max-width: 768px) 100vw, 768px\" \/><\/figure>\n\n\n\n<figure class=\"wp-block-image size-large\"><img loading=\"lazy\" decoding=\"async\" width=\"768\" height=\"1024\" data-id=\"5715\" src=\"https:\/\/bcbnews.barcelonaturisme.com\/wp-content\/uploads\/2024\/07\/IMG-20240706-WA0035-768x1024.jpg\" alt=\"\" class=\"wp-image-5715\" srcset=\"https:\/\/bcbnews.barcelonaturisme.com\/wp-content\/uploads\/2024\/07\/IMG-20240706-WA0035-768x1024.jpg 768w, https:\/\/bcbnews.barcelonaturisme.com\/wp-content\/uploads\/2024\/07\/IMG-20240706-WA0035-225x300.jpg 225w, https:\/\/bcbnews.barcelonaturisme.com\/wp-content\/uploads\/2024\/07\/IMG-20240706-WA0035-1152x1536.jpg 1152w, https:\/\/bcbnews.barcelonaturisme.com\/wp-content\/uploads\/2024\/07\/IMG-20240706-WA0035.jpg 1536w\" sizes=\"(max-width: 768px) 100vw, 768px\" \/><\/figure>\n<\/figure>\n\n\n\n<p><strong>FT mercado alem\u00e1n, colaboraci\u00f3n Meli\u00e1 International<\/strong><br>4-7 julio, Barcelona<br>Con el objetivo de promocionar Barcelona como un destino ideal para la organizaci\u00f3n de eventos, el BCB, junto con la Oficina Espa\u00f1ola de Turismo (OET) de Frankfurt y Meli\u00e1 Internacional, organizamos un FamTrip con clientes alemanes la primera semana de julio. Este viaje de familiarizaci\u00f3n tuvo como objetivo principal dar a conocer algunas de las novedades m\u00e1s destacadas en la oferta de Barcelona para eventos, incluyendo espacios, hoteles y actividades, as\u00ed como la pr\u00f3xima celebraci\u00f3n de la Copa Am\u00e9rica.<br>Los clientes alemanes tuvieron la oportunidad de explorar una variedad de espacios para eventos. Pudieron conocer de primera mano la amplia gama de hoteles Melia disponibles, el renovado PCC, espacios como Sant Pau, Mirador de Glories y Bodegas Jean Leon, todos ellos equipados con instalaciones de \u00faltima generaci\u00f3n para reuniones y eventos.<br>Adem\u00e1s de las visitas a espacios y hoteles, el itinerario del FamTrip incluy\u00f3 diversas actividades dise\u00f1adas para mostrar la versatilidad de Barcelona como destino de eventos. Los participantes disfrutaron de experiencias como America\u2019s Cup 360\u00ba , visita guiada al distrito 22@ y una actividad enol\u00f3gica.<br>Uno de los momentos m\u00e1s destacados del famtrip fue la presentaci\u00f3n de la pr\u00f3xima Copa Am\u00e9rica, que se celebrar\u00e1 en Barcelona en 2024. Esta prestigiosa competici\u00f3n n\u00e1utica atraer\u00e1 a miles de visitantes internacionales, y el BCB destac\u00f3 c\u00f3mo los eventos asociados a la Copa Am\u00e9rica proporcionar\u00e1n oportunidades adicionales para la organizaci\u00f3n de eventos corporativos y conferencias.<\/p>\n\n\n\n<p><strong>M\u00e1s informaci\u00f3n: <\/strong>Anna Orozco \u2013 <a href=\"mailto:aorozco@barcelonaturisme.com\" target=\"_blank\" rel=\"noreferrer noopener\">aorozco@barcelonaturisme.com<\/a><\/p>\n","protected":false},"excerpt":{"rendered":"<p>Acciones en el mercado europeo<\/p>\n","protected":false},"author":3,"featured_media":5704,"comment_status":"closed","ping_status":"closed","sticky":false,"template":"","format":"standard","meta":{"footnotes":""},"categories":[24],"tags":[],"capcalera":[],"class_list":["post-5722","post","type-post","status-publish","format-standard","has-post-thumbnail","hentry","category-acciones-promocionales"],"acf":[],"yoast_head":"<!-- This site is optimized with the Yoast SEO plugin v25.3 - https:\/\/yoast.com\/wordpress\/plugins\/seo\/ -->\n<title>Conexi\u00f3n Barcelona \u2013 Europa - Barcelona Convention Bureau<\/title>\n<meta name=\"robots\" content=\"index, follow, max-snippet:-1, max-image-preview:large, max-video-preview:-1\" \/>\n<link rel=\"canonical\" href=\"https:\/\/bcbnews.barcelonaturisme.com\/?p=5722&lang=es\" \/>\n<meta property=\"og:locale\" content=\"ca_ES\" \/>\n<meta property=\"og:type\" content=\"article\" \/>\n<meta property=\"og:title\" content=\"Conexi\u00f3n Barcelona \u2013 Europa - Barcelona Convention Bureau\" \/>\n<meta property=\"og:description\" content=\"Acciones en el mercado europeo\" \/>\n<meta property=\"og:url\" content=\"https:\/\/bcbnews.barcelonaturisme.com\/?p=5722&amp;lang=es\" \/>\n<meta property=\"og:site_name\" content=\"Barcelona Convention Bureau\" \/>\n<meta property=\"article:published_time\" content=\"2024-07-12T13:00:41+00:00\" \/>\n<meta property=\"article:modified_time\" content=\"2024-07-15T12:35:40+00:00\" \/>\n<meta property=\"og:image\" content=\"https:\/\/bcbnews.barcelonaturisme.com\/wp-content\/uploads\/2024\/07\/Accions-Europa_fora.jpg\" \/>\n\t<meta property=\"og:image:width\" content=\"1920\" \/>\n\t<meta property=\"og:image:height\" content=\"1080\" \/>\n\t<meta property=\"og:image:type\" content=\"image\/jpeg\" \/>\n<meta name=\"author\" content=\"mcolomer\" \/>\n<meta name=\"twitter:card\" content=\"summary_large_image\" \/>\n<meta name=\"twitter:label1\" content=\"Escrit per\" \/>\n\t<meta name=\"twitter:data1\" content=\"mcolomer\" \/>\n\t<meta name=\"twitter:label2\" content=\"Temps estimat de lectura\" \/>\n\t<meta name=\"twitter:data2\" content=\"8 minuts\" \/>\n<script type=\"application\/ld+json\" class=\"yoast-schema-graph\">{\"@context\":\"https:\/\/schema.org\",\"@graph\":[{\"@type\":\"Article\",\"@id\":\"https:\/\/bcbnews.barcelonaturisme.com\/?p=5722&lang=es#article\",\"isPartOf\":{\"@id\":\"https:\/\/bcbnews.barcelonaturisme.com\/?p=5722&lang=es\"},\"author\":{\"name\":\"mcolomer\",\"@id\":\"https:\/\/bcbnews.barcelonaturisme.com\/#\/schema\/person\/3fc6b66859de7d1dd2e84afaba046551\"},\"headline\":\"Conexi\u00f3n Barcelona \u2013 Europa\",\"datePublished\":\"2024-07-12T13:00:41+00:00\",\"dateModified\":\"2024-07-15T12:35:40+00:00\",\"mainEntityOfPage\":{\"@id\":\"https:\/\/bcbnews.barcelonaturisme.com\/?p=5722&lang=es\"},\"wordCount\":1089,\"publisher\":{\"@id\":\"https:\/\/bcbnews.barcelonaturisme.com\/#organization\"},\"image\":{\"@id\":\"https:\/\/bcbnews.barcelonaturisme.com\/?p=5722&lang=es#primaryimage\"},\"thumbnailUrl\":\"https:\/\/bcbnews.barcelonaturisme.com\/wp-content\/uploads\/2024\/07\/Accions-Europa_fora.jpg\",\"articleSection\":[\"Acciones Promocionales\"],\"inLanguage\":\"ca\"},{\"@type\":\"WebPage\",\"@id\":\"https:\/\/bcbnews.barcelonaturisme.com\/?p=5722&lang=es\",\"url\":\"https:\/\/bcbnews.barcelonaturisme.com\/?p=5722&lang=es\",\"name\":\"Conexi\u00f3n Barcelona \u2013 Europa - Barcelona Convention Bureau\",\"isPartOf\":{\"@id\":\"https:\/\/bcbnews.barcelonaturisme.com\/#website\"},\"primaryImageOfPage\":{\"@id\":\"https:\/\/bcbnews.barcelonaturisme.com\/?p=5722&lang=es#primaryimage\"},\"image\":{\"@id\":\"https:\/\/bcbnews.barcelonaturisme.com\/?p=5722&lang=es#primaryimage\"},\"thumbnailUrl\":\"https:\/\/bcbnews.barcelonaturisme.com\/wp-content\/uploads\/2024\/07\/Accions-Europa_fora.jpg\",\"datePublished\":\"2024-07-12T13:00:41+00:00\",\"dateModified\":\"2024-07-15T12:35:40+00:00\",\"breadcrumb\":{\"@id\":\"https:\/\/bcbnews.barcelonaturisme.com\/?p=5722&lang=es#breadcrumb\"},\"inLanguage\":\"ca\",\"potentialAction\":[{\"@type\":\"ReadAction\",\"target\":[\"https:\/\/bcbnews.barcelonaturisme.com\/?p=5722&lang=es\"]}]},{\"@type\":\"ImageObject\",\"inLanguage\":\"ca\",\"@id\":\"https:\/\/bcbnews.barcelonaturisme.com\/?p=5722&lang=es#primaryimage\",\"url\":\"https:\/\/bcbnews.barcelonaturisme.com\/wp-content\/uploads\/2024\/07\/Accions-Europa_fora.jpg\",\"contentUrl\":\"https:\/\/bcbnews.barcelonaturisme.com\/wp-content\/uploads\/2024\/07\/Accions-Europa_fora.jpg\",\"width\":1920,\"height\":1080},{\"@type\":\"BreadcrumbList\",\"@id\":\"https:\/\/bcbnews.barcelonaturisme.com\/?p=5722&lang=es#breadcrumb\",\"itemListElement\":[{\"@type\":\"ListItem\",\"position\":1,\"name\":\"Inici\",\"item\":\"https:\/\/bcbnews.barcelonaturisme.com\/\"},{\"@type\":\"ListItem\",\"position\":2,\"name\":\"Conexi\u00f3n Barcelona \u2013 Europa\"}]},{\"@type\":\"WebSite\",\"@id\":\"https:\/\/bcbnews.barcelonaturisme.com\/#website\",\"url\":\"https:\/\/bcbnews.barcelonaturisme.com\/\",\"name\":\"BCB News \/ Barcelona Convention Bureau\",\"description\":\"BCB Magazine\",\"publisher\":{\"@id\":\"https:\/\/bcbnews.barcelonaturisme.com\/#organization\"},\"potentialAction\":[{\"@type\":\"SearchAction\",\"target\":{\"@type\":\"EntryPoint\",\"urlTemplate\":\"https:\/\/bcbnews.barcelonaturisme.com\/?s={search_term_string}\"},\"query-input\":{\"@type\":\"PropertyValueSpecification\",\"valueRequired\":true,\"valueName\":\"search_term_string\"}}],\"inLanguage\":\"ca\"},{\"@type\":\"Organization\",\"@id\":\"https:\/\/bcbnews.barcelonaturisme.com\/#organization\",\"name\":\"BCB News \/ Barcelona Convention Bureau\",\"url\":\"https:\/\/bcbnews.barcelonaturisme.com\/\",\"logo\":{\"@type\":\"ImageObject\",\"inLanguage\":\"ca\",\"@id\":\"https:\/\/bcbnews.barcelonaturisme.com\/#\/schema\/logo\/image\/\",\"url\":\"https:\/\/bcbnews.barcelonaturisme.com\/wp-content\/uploads\/2021\/12\/BCB_logo.png\",\"contentUrl\":\"https:\/\/bcbnews.barcelonaturisme.com\/wp-content\/uploads\/2021\/12\/BCB_logo.png\",\"width\":543,\"height\":166,\"caption\":\"BCB News \/ Barcelona Convention Bureau\"},\"image\":{\"@id\":\"https:\/\/bcbnews.barcelonaturisme.com\/#\/schema\/logo\/image\/\"}},{\"@type\":\"Person\",\"@id\":\"https:\/\/bcbnews.barcelonaturisme.com\/#\/schema\/person\/3fc6b66859de7d1dd2e84afaba046551\",\"name\":\"mcolomer\",\"url\":\"https:\/\/bcbnews.barcelonaturisme.com\/?author=3\"}]}<\/script>\n<!-- \/ Yoast SEO plugin. -->","yoast_head_json":{"title":"Conexi\u00f3n Barcelona \u2013 Europa - Barcelona Convention Bureau","robots":{"index":"index","follow":"follow","max-snippet":"max-snippet:-1","max-image-preview":"max-image-preview:large","max-video-preview":"max-video-preview:-1"},"canonical":"https:\/\/bcbnews.barcelonaturisme.com\/?p=5722&lang=es","og_locale":"ca_ES","og_type":"article","og_title":"Conexi\u00f3n Barcelona \u2013 Europa - Barcelona Convention Bureau","og_description":"Acciones en el mercado europeo","og_url":"https:\/\/bcbnews.barcelonaturisme.com\/?p=5722&lang=es","og_site_name":"Barcelona Convention Bureau","article_published_time":"2024-07-12T13:00:41+00:00","article_modified_time":"2024-07-15T12:35:40+00:00","og_image":[{"width":1920,"height":1080,"url":"https:\/\/bcbnews.barcelonaturisme.com\/wp-content\/uploads\/2024\/07\/Accions-Europa_fora.jpg","type":"image\/jpeg"}],"author":"mcolomer","twitter_card":"summary_large_image","twitter_misc":{"Escrit per":"mcolomer","Temps estimat de lectura":"8 minuts"},"schema":{"@context":"https:\/\/schema.org","@graph":[{"@type":"Article","@id":"https:\/\/bcbnews.barcelonaturisme.com\/?p=5722&lang=es#article","isPartOf":{"@id":"https:\/\/bcbnews.barcelonaturisme.com\/?p=5722&lang=es"},"author":{"name":"mcolomer","@id":"https:\/\/bcbnews.barcelonaturisme.com\/#\/schema\/person\/3fc6b66859de7d1dd2e84afaba046551"},"headline":"Conexi\u00f3n Barcelona \u2013 Europa","datePublished":"2024-07-12T13:00:41+00:00","dateModified":"2024-07-15T12:35:40+00:00","mainEntityOfPage":{"@id":"https:\/\/bcbnews.barcelonaturisme.com\/?p=5722&lang=es"},"wordCount":1089,"publisher":{"@id":"https:\/\/bcbnews.barcelonaturisme.com\/#organization"},"image":{"@id":"https:\/\/bcbnews.barcelonaturisme.com\/?p=5722&lang=es#primaryimage"},"thumbnailUrl":"https:\/\/bcbnews.barcelonaturisme.com\/wp-content\/uploads\/2024\/07\/Accions-Europa_fora.jpg","articleSection":["Acciones Promocionales"],"inLanguage":"ca"},{"@type":"WebPage","@id":"https:\/\/bcbnews.barcelonaturisme.com\/?p=5722&lang=es","url":"https:\/\/bcbnews.barcelonaturisme.com\/?p=5722&lang=es","name":"Conexi\u00f3n Barcelona \u2013 Europa - Barcelona Convention Bureau","isPartOf":{"@id":"https:\/\/bcbnews.barcelonaturisme.com\/#website"},"primaryImageOfPage":{"@id":"https:\/\/bcbnews.barcelonaturisme.com\/?p=5722&lang=es#primaryimage"},"image":{"@id":"https:\/\/bcbnews.barcelonaturisme.com\/?p=5722&lang=es#primaryimage"},"thumbnailUrl":"https:\/\/bcbnews.barcelonaturisme.com\/wp-content\/uploads\/2024\/07\/Accions-Europa_fora.jpg","datePublished":"2024-07-12T13:00:41+00:00","dateModified":"2024-07-15T12:35:40+00:00","breadcrumb":{"@id":"https:\/\/bcbnews.barcelonaturisme.com\/?p=5722&lang=es#breadcrumb"},"inLanguage":"ca","potentialAction":[{"@type":"ReadAction","target":["https:\/\/bcbnews.barcelonaturisme.com\/?p=5722&lang=es"]}]},{"@type":"ImageObject","inLanguage":"ca","@id":"https:\/\/bcbnews.barcelonaturisme.com\/?p=5722&lang=es#primaryimage","url":"https:\/\/bcbnews.barcelonaturisme.com\/wp-content\/uploads\/2024\/07\/Accions-Europa_fora.jpg","contentUrl":"https:\/\/bcbnews.barcelonaturisme.com\/wp-content\/uploads\/2024\/07\/Accions-Europa_fora.jpg","width":1920,"height":1080},{"@type":"BreadcrumbList","@id":"https:\/\/bcbnews.barcelonaturisme.com\/?p=5722&lang=es#breadcrumb","itemListElement":[{"@type":"ListItem","position":1,"name":"Inici","item":"https:\/\/bcbnews.barcelonaturisme.com\/"},{"@type":"ListItem","position":2,"name":"Conexi\u00f3n Barcelona \u2013 Europa"}]},{"@type":"WebSite","@id":"https:\/\/bcbnews.barcelonaturisme.com\/#website","url":"https:\/\/bcbnews.barcelonaturisme.com\/","name":"BCB News \/ Barcelona Convention Bureau","description":"BCB Magazine","publisher":{"@id":"https:\/\/bcbnews.barcelonaturisme.com\/#organization"},"potentialAction":[{"@type":"SearchAction","target":{"@type":"EntryPoint","urlTemplate":"https:\/\/bcbnews.barcelonaturisme.com\/?s={search_term_string}"},"query-input":{"@type":"PropertyValueSpecification","valueRequired":true,"valueName":"search_term_string"}}],"inLanguage":"ca"},{"@type":"Organization","@id":"https:\/\/bcbnews.barcelonaturisme.com\/#organization","name":"BCB News \/ Barcelona Convention Bureau","url":"https:\/\/bcbnews.barcelonaturisme.com\/","logo":{"@type":"ImageObject","inLanguage":"ca","@id":"https:\/\/bcbnews.barcelonaturisme.com\/#\/schema\/logo\/image\/","url":"https:\/\/bcbnews.barcelonaturisme.com\/wp-content\/uploads\/2021\/12\/BCB_logo.png","contentUrl":"https:\/\/bcbnews.barcelonaturisme.com\/wp-content\/uploads\/2021\/12\/BCB_logo.png","width":543,"height":166,"caption":"BCB News \/ Barcelona Convention Bureau"},"image":{"@id":"https:\/\/bcbnews.barcelonaturisme.com\/#\/schema\/logo\/image\/"}},{"@type":"Person","@id":"https:\/\/bcbnews.barcelonaturisme.com\/#\/schema\/person\/3fc6b66859de7d1dd2e84afaba046551","name":"mcolomer","url":"https:\/\/bcbnews.barcelonaturisme.com\/?author=3"}]}},"_links":{"self":[{"href":"https:\/\/bcbnews.barcelonaturisme.com\/index.php?rest_route=\/wp\/v2\/posts\/5722"}],"collection":[{"href":"https:\/\/bcbnews.barcelonaturisme.com\/index.php?rest_route=\/wp\/v2\/posts"}],"about":[{"href":"https:\/\/bcbnews.barcelonaturisme.com\/index.php?rest_route=\/wp\/v2\/types\/post"}],"author":[{"embeddable":true,"href":"https:\/\/bcbnews.barcelonaturisme.com\/index.php?rest_route=\/wp\/v2\/users\/3"}],"replies":[{"embeddable":true,"href":"https:\/\/bcbnews.barcelonaturisme.com\/index.php?rest_route=%2Fwp%2Fv2%2Fcomments&post=5722"}],"version-history":[{"count":3,"href":"https:\/\/bcbnews.barcelonaturisme.com\/index.php?rest_route=\/wp\/v2\/posts\/5722\/revisions"}],"predecessor-version":[{"id":5859,"href":"https:\/\/bcbnews.barcelonaturisme.com\/index.php?rest_route=\/wp\/v2\/posts\/5722\/revisions\/5859"}],"wp:featuredmedia":[{"embeddable":true,"href":"https:\/\/bcbnews.barcelonaturisme.com\/index.php?rest_route=\/wp\/v2\/media\/5704"}],"wp:attachment":[{"href":"https:\/\/bcbnews.barcelonaturisme.com\/index.php?rest_route=%2Fwp%2Fv2%2Fmedia&parent=5722"}],"wp:term":[{"taxonomy":"category","embeddable":true,"href":"https:\/\/bcbnews.barcelonaturisme.com\/index.php?rest_route=%2Fwp%2Fv2%2Fcategories&post=5722"},{"taxonomy":"post_tag","embeddable":true,"href":"https:\/\/bcbnews.barcelonaturisme.com\/index.php?rest_route=%2Fwp%2Fv2%2Ftags&post=5722"},{"taxonomy":"capcalera","embeddable":true,"href":"https:\/\/bcbnews.barcelonaturisme.com\/index.php?rest_route=%2Fwp%2Fv2%2Fcapcalera&post=5722"}],"curies":[{"name":"wp","href":"https:\/\/api.w.org\/{rel}","templated":true}]}}