{"id":5805,"date":"2024-07-15T08:33:24","date_gmt":"2024-07-15T06:33:24","guid":{"rendered":"https:\/\/bcbnews.barcelonaturisme.com\/?p=5805"},"modified":"2024-07-15T14:30:09","modified_gmt":"2024-07-15T12:30:09","slug":"sumem-12-membres-mes-al-bcb","status":"publish","type":"post","link":"https:\/\/bcbnews.barcelonaturisme.com\/?p=5805","title":{"rendered":"Sumem 12 membres m\u00e9s al BCB"},"content":{"rendered":"\n<p class=\"has-medium-font-size\">Altes de membres BCB<\/p>\n\n\n\n<p class=\"has-medium-font-size\"><strong>DMC<\/strong><br><strong>See Network<\/strong><br>Diputaci\u00f3, 409<br>08013 Barcelona<br>Contacte: Sarah Dambruoso, <a href=\"mailto:sarah.dambruoso@see-network.es\" target=\"_blank\" rel=\"noreferrer noopener\">sarah.dambruoso@see-network.es<\/a><br><a href=\"http:\/\/www.see-network.es\" target=\"_blank\" rel=\"noreferrer noopener\">www.see-network.es<\/a><\/p>\n\n\n\n<p class=\"has-medium-font-size\"><strong>OPC<\/strong><br><strong>Comtec<\/strong><br>Muntaner, 177<br>08036 Barcelona<br>Contacte: Pedro Cus\u00f3, <a href=\"mailto:pedro@munditravel.es\" target=\"_blank\" rel=\"noreferrer noopener\">pedro@munditravel.es<\/a><br><a href=\"http:\/\/www.comtecint.com\" target=\"_blank\" rel=\"noreferrer noopener\">www.comtecint.com<\/a><\/p>\n\n\n\n<p class=\"has-medium-font-size\"><strong>Organitzadors d\u2019esdeveniments especials<\/strong><br><strong>MUT Agency<\/strong><br>Sant Elies, 6<br>08006 Barcelona<br>Contacte: Ignacio G\u00f3mez, <a href=\"mailto:nacho@mutagency.com\" target=\"_blank\" rel=\"noreferrer noopener\">nacho@mutagency.com<\/a><br><a href=\"http:\/\/www.mutagency.com\" target=\"_blank\" rel=\"noreferrer noopener\">www.mutagency.com<\/a><\/p>\n\n\n\n<p class=\"has-medium-font-size\"><strong>Espais singulars<\/strong><br><strong>Estaci\u00f3 de Fran\u00e7a<\/strong><br>Avinguda del Marqu\u00e8s de l\u2019Argentera, 6-8<br>08002 Barcelona<br>Contacte: Diana M\u00e1rquez, <a href=\"mailto:events@bngruprestaurants.com\" target=\"_blank\" rel=\"noreferrer noopener\">events@bngruprestaurants.com<\/a><br><a href=\"http:\/\/www.bngruprestaurants.com\/estacio-espai-gastronomic\" target=\"_blank\" rel=\"noreferrer noopener\">www.bngruprestaurants.com\/estacio-espai-gastronomic<\/a><\/p>\n\n\n\n<p class=\"has-medium-font-size\"><strong>Familia Torres<\/strong><br>Finca \u201cEl Masset\u201d s\/n<br>08796 Pacs del Pened\u00e8s<br>Contacte: Marc Kolling, <a href=\"mailto:mkolling@torreswinexperiences.com\" target=\"_blank\" rel=\"noreferrer noopener\">mkolling@torreswinexperiences.com<\/a><br><a href=\"http:\/\/www.torres.es\" target=\"_blank\" rel=\"noreferrer noopener\">www.torres.es<\/a><\/p>\n\n\n\n<p class=\"has-medium-font-size\"><strong>Grup Freixenet<\/strong><br>Joan Sala, 2<br>08770 Sant Sadurn\u00ed d\u2019Anoia<br>Contacte: T\u00f2nia Castells, <a href=\"mailto:tonia.castells@freixenet.com\" target=\"_blank\" rel=\"noreferrer noopener\">tonia.castells@freixenet.com<\/a><br><a href=\"http:\/\/www.freixenet.com\" target=\"_blank\" rel=\"noreferrer noopener\">www.freixenet.com<\/a><\/p>\n\n\n\n<p class=\"has-medium-font-size\"><strong>Restaurant<\/strong><br><strong>La Venta<\/strong><br>Pl. del Doctor Andreu, s\/n<br>08035 Barcelona<br>Contacte: Laia Plans, <a href=\"mailto:laventa@laventarestaurant.com\" target=\"_blank\" rel=\"noreferrer noopener\">laventa@laventarestaurant.com<\/a><br><a href=\"http:\/\/www.laventarestaurant.com\" target=\"_blank\" rel=\"noreferrer noopener\">www.laventarestaurant.com<\/a><\/p>\n\n\n\n<p class=\"has-medium-font-size\"><strong>Lloguer de cotxes amb conductor<\/strong><br><strong>Abaser Limousines<\/strong><br>Rosa Sensat, 6<br>08005 Barcelona<br>Contacte: Quim Sabat\u00e9, <a href=\"mailto:quim@abaser.es\" target=\"_blank\" rel=\"noreferrer noopener\">quim@abaser.es<\/a><br><a href=\"http:\/\/www.abaser.es\" target=\"_blank\" rel=\"noreferrer noopener\">www.abaser.es<\/a><\/p>\n\n\n\n<p class=\"has-medium-font-size\"><strong>Hotels<\/strong><br><strong>5*<\/strong><br><strong>Torre Melina, a Gran Melia Hotel<\/strong><br>Av. Diagonal, 661-671<br>08028 Barcelona<br>Contacte: Anna Bayarri, <a href=\"mailto:ana.bayarri@melia.com\" target=\"_blank\" rel=\"noreferrer noopener\">ana.bayarri@melia.com<\/a><br><a href=\"http:\/\/www.melia.com\" target=\"_blank\" rel=\"noreferrer noopener\">www.melia.com<\/a><\/p>\n\n\n\n<p class=\"has-medium-font-size\"><strong>4*<br>Hotel Indigo Barcelona Gran Via Plaza Espa\u00f1a<\/strong><br>Gran Via de les Corts Catalanes, 322<br>08004 Barcelona<br>Contacte: Jes\u00fas Alonso, <a href=\"mailto:jesus.alonso@indigobarcelonaplazaespana.com\" target=\"_blank\" rel=\"noreferrer noopener\">jesus.alonso@indigobarcelonaplazaespana.com<\/a><br><a href=\"http:\/\/www.ihg.com\/hotelindigo\/hotels\/us\/es\/barcelona\/bcndg\/hoteldetail\" target=\"_blank\" rel=\"noreferrer noopener\">www.ihg.com\/hotelindigo\/hotels\/us\/es\/barcelona\/bcndg\/hoteldetail<\/a><\/p>\n\n\n\n<p class=\"has-medium-font-size\"><strong>Hotel Labtwentytwo Barcelona<\/strong><br>Per\u00fa, 102<br>08018 Barcelona<br>Contacte: Daniel Rivero, <a href=\"mailto:daniel.rivero@labtwentytwo.com\" target=\"_blank\" rel=\"noreferrer noopener\">daniel.rivero@labtwentytwo.com<\/a><br><a href=\"http:\/\/www.labtwentytwo.com\" target=\"_blank\" rel=\"noreferrer noopener\">www.labtwentytwo.com<\/a><\/p>\n\n\n\n<p class=\"has-medium-font-size\"><strong>Hotel Tembo Barcelona<\/strong><br>Ram\u00f3n Llull, 479-487<br>08930 Sant Adri\u00e0 del Bes\u00f3s<br>Contacte: Stephanie Gil, <a href=\"mailto:Stephanie.gil@tembobarcelona.com\" target=\"_blank\" rel=\"noreferrer noopener\">Stephanie.gil@tembobarcelona.com<\/a><br><a href=\"http:\/\/www.tembobarcelona.com\" target=\"_blank\" rel=\"noreferrer noopener\">www.tembobarcelona.com<\/a><\/p>\n\n\n\n<p class=\"has-medium-font-size\">Membres que canvien d\u2019ep\u00edgraf o s\u2019afegeixen a un segon ep\u00edgraf:<\/p>\n\n\n\n<p class=\"has-medium-font-size\"><strong>DMC:<\/strong><br><strong>Somos Experiences<\/strong><br>Roger, 65 \u2013 Baixos<br>08028 Barcelona<br>Contacte: David Funollet, <a href=\"mailto:dfunollet@somosexperiences.com\" target=\"_blank\" rel=\"noreferrer noopener\">dfunollet@somosexperiences.com<\/a><br><a href=\"http:\/\/www.somosexperiences.com\" target=\"_blank\" rel=\"noreferrer noopener\">www.somosexperiences.com<\/a><\/p>\n\n\n\n<p class=\"has-medium-font-size\"><strong>Idees per incentius<\/strong><br><strong>Tablao de Carmen<\/strong><br>Poble Espanyol de Montjuic<br>08038 Barcelona<br>Contacte: Agoustin de Beauc\u00e9, <a href=\"mailto:info@tablaodecarmen.com\" target=\"_blank\" rel=\"noreferrer noopener\">info@tablaodecarmen.com<\/a><br><a href=\"http:\/\/www.tablaodecarmen.com\" target=\"_blank\" rel=\"noreferrer noopener\">www.tablaodecarmen.com<\/a><\/p>\n\n\n\n<p class=\"has-medium-font-size\"><strong>Restaurant<\/strong><br><strong>Tablao de Carmen<\/strong><br>Poble Espanyol de Montjuic<br>08038 Barcelona<br>Contacte: Agoustin de Beauc\u00e9, <a href=\"mailto:info@tablaodecarmen.com\" target=\"_blank\" rel=\"noreferrer noopener\">info@tablaodecarmen.com<\/a><br><a href=\"http:\/\/www.tablaodecarmen.com\" target=\"_blank\" rel=\"noreferrer noopener\">www.tablaodecarmen.com<\/a><\/p>\n\n\n\n<p class=\"has-medium-font-size\"><strong>Per a m\u00e9s informaci\u00f3:<\/strong> <a href=\"mailto:bcb@barcelonaturisme.com\" target=\"_blank\" rel=\"noreferrer noopener\">bcb@barcelonaturisme.com<\/a><\/p>\n","protected":false},"excerpt":{"rendered":"<p>Altes de membres BCB<\/p>\n","protected":false},"author":3,"featured_media":5806,"comment_status":"closed","ping_status":"closed","sticky":false,"template":"","format":"standard","meta":{"footnotes":""},"categories":[2],"tags":[],"capcalera":[],"class_list":["post-5805","post","type-post","status-publish","format-standard","has-post-thumbnail","hentry","category-actualitat-i-membres"],"acf":[],"yoast_head":"<!-- This site is optimized with the Yoast SEO plugin v25.3 - https:\/\/yoast.com\/wordpress\/plugins\/seo\/ -->\n<title>Sumem 12 membres m\u00e9s al BCB - Barcelona Convention Bureau<\/title>\n<meta name=\"robots\" content=\"index, follow, max-snippet:-1, max-image-preview:large, max-video-preview:-1\" \/>\n<link rel=\"canonical\" href=\"https:\/\/bcbnews.barcelonaturisme.com\/?p=5805\" \/>\n<meta property=\"og:locale\" content=\"ca_ES\" \/>\n<meta property=\"og:type\" content=\"article\" \/>\n<meta property=\"og:title\" content=\"Sumem 12 membres m\u00e9s al BCB - Barcelona Convention Bureau\" \/>\n<meta property=\"og:description\" content=\"Altes de membres BCB\" \/>\n<meta property=\"og:url\" content=\"https:\/\/bcbnews.barcelonaturisme.com\/?p=5805\" \/>\n<meta property=\"og:site_name\" content=\"Barcelona Convention Bureau\" \/>\n<meta property=\"article:published_time\" content=\"2024-07-15T06:33:24+00:00\" \/>\n<meta property=\"article:modified_time\" content=\"2024-07-15T12:30:09+00:00\" \/>\n<meta property=\"og:image\" content=\"https:\/\/bcbnews.barcelonaturisme.com\/wp-content\/uploads\/2024\/07\/BCB-membre.jpg\" \/>\n\t<meta property=\"og:image:width\" content=\"1920\" \/>\n\t<meta property=\"og:image:height\" content=\"1080\" \/>\n\t<meta property=\"og:image:type\" content=\"image\/jpeg\" \/>\n<meta name=\"author\" content=\"mcolomer\" \/>\n<meta name=\"twitter:card\" content=\"summary_large_image\" \/>\n<meta name=\"twitter:label1\" content=\"Escrit per\" \/>\n\t<meta name=\"twitter:data1\" content=\"mcolomer\" \/>\n\t<meta name=\"twitter:label2\" content=\"Temps estimat de lectura\" \/>\n\t<meta name=\"twitter:data2\" content=\"2 minuts\" \/>\n<script type=\"application\/ld+json\" class=\"yoast-schema-graph\">{\"@context\":\"https:\/\/schema.org\",\"@graph\":[{\"@type\":\"Article\",\"@id\":\"https:\/\/bcbnews.barcelonaturisme.com\/?p=5805#article\",\"isPartOf\":{\"@id\":\"https:\/\/bcbnews.barcelonaturisme.com\/?p=5805\"},\"author\":{\"name\":\"mcolomer\",\"@id\":\"https:\/\/bcbnews.barcelonaturisme.com\/#\/schema\/person\/3fc6b66859de7d1dd2e84afaba046551\"},\"headline\":\"Sumem 12 membres m\u00e9s al BCB\",\"datePublished\":\"2024-07-15T06:33:24+00:00\",\"dateModified\":\"2024-07-15T12:30:09+00:00\",\"mainEntityOfPage\":{\"@id\":\"https:\/\/bcbnews.barcelonaturisme.com\/?p=5805\"},\"wordCount\":313,\"publisher\":{\"@id\":\"https:\/\/bcbnews.barcelonaturisme.com\/#organization\"},\"image\":{\"@id\":\"https:\/\/bcbnews.barcelonaturisme.com\/?p=5805#primaryimage\"},\"thumbnailUrl\":\"https:\/\/bcbnews.barcelonaturisme.com\/wp-content\/uploads\/2024\/07\/BCB-membre.jpg\",\"articleSection\":[\"Actualitat i Membres\"],\"inLanguage\":\"ca\"},{\"@type\":\"WebPage\",\"@id\":\"https:\/\/bcbnews.barcelonaturisme.com\/?p=5805\",\"url\":\"https:\/\/bcbnews.barcelonaturisme.com\/?p=5805\",\"name\":\"Sumem 12 membres m\u00e9s al BCB - Barcelona Convention Bureau\",\"isPartOf\":{\"@id\":\"https:\/\/bcbnews.barcelonaturisme.com\/#website\"},\"primaryImageOfPage\":{\"@id\":\"https:\/\/bcbnews.barcelonaturisme.com\/?p=5805#primaryimage\"},\"image\":{\"@id\":\"https:\/\/bcbnews.barcelonaturisme.com\/?p=5805#primaryimage\"},\"thumbnailUrl\":\"https:\/\/bcbnews.barcelonaturisme.com\/wp-content\/uploads\/2024\/07\/BCB-membre.jpg\",\"datePublished\":\"2024-07-15T06:33:24+00:00\",\"dateModified\":\"2024-07-15T12:30:09+00:00\",\"breadcrumb\":{\"@id\":\"https:\/\/bcbnews.barcelonaturisme.com\/?p=5805#breadcrumb\"},\"inLanguage\":\"ca\",\"potentialAction\":[{\"@type\":\"ReadAction\",\"target\":[\"https:\/\/bcbnews.barcelonaturisme.com\/?p=5805\"]}]},{\"@type\":\"ImageObject\",\"inLanguage\":\"ca\",\"@id\":\"https:\/\/bcbnews.barcelonaturisme.com\/?p=5805#primaryimage\",\"url\":\"https:\/\/bcbnews.barcelonaturisme.com\/wp-content\/uploads\/2024\/07\/BCB-membre.jpg\",\"contentUrl\":\"https:\/\/bcbnews.barcelonaturisme.com\/wp-content\/uploads\/2024\/07\/BCB-membre.jpg\",\"width\":1920,\"height\":1080},{\"@type\":\"BreadcrumbList\",\"@id\":\"https:\/\/bcbnews.barcelonaturisme.com\/?p=5805#breadcrumb\",\"itemListElement\":[{\"@type\":\"ListItem\",\"position\":1,\"name\":\"Inici\",\"item\":\"https:\/\/bcbnews.barcelonaturisme.com\/\"},{\"@type\":\"ListItem\",\"position\":2,\"name\":\"Sumem 12 membres m\u00e9s al BCB\"}]},{\"@type\":\"WebSite\",\"@id\":\"https:\/\/bcbnews.barcelonaturisme.com\/#website\",\"url\":\"https:\/\/bcbnews.barcelonaturisme.com\/\",\"name\":\"BCB News \/ Barcelona Convention Bureau\",\"description\":\"BCB Magazine\",\"publisher\":{\"@id\":\"https:\/\/bcbnews.barcelonaturisme.com\/#organization\"},\"potentialAction\":[{\"@type\":\"SearchAction\",\"target\":{\"@type\":\"EntryPoint\",\"urlTemplate\":\"https:\/\/bcbnews.barcelonaturisme.com\/?s={search_term_string}\"},\"query-input\":{\"@type\":\"PropertyValueSpecification\",\"valueRequired\":true,\"valueName\":\"search_term_string\"}}],\"inLanguage\":\"ca\"},{\"@type\":\"Organization\",\"@id\":\"https:\/\/bcbnews.barcelonaturisme.com\/#organization\",\"name\":\"BCB News \/ Barcelona Convention Bureau\",\"url\":\"https:\/\/bcbnews.barcelonaturisme.com\/\",\"logo\":{\"@type\":\"ImageObject\",\"inLanguage\":\"ca\",\"@id\":\"https:\/\/bcbnews.barcelonaturisme.com\/#\/schema\/logo\/image\/\",\"url\":\"https:\/\/bcbnews.barcelonaturisme.com\/wp-content\/uploads\/2021\/12\/BCB_logo.png\",\"contentUrl\":\"https:\/\/bcbnews.barcelonaturisme.com\/wp-content\/uploads\/2021\/12\/BCB_logo.png\",\"width\":543,\"height\":166,\"caption\":\"BCB News \/ Barcelona Convention Bureau\"},\"image\":{\"@id\":\"https:\/\/bcbnews.barcelonaturisme.com\/#\/schema\/logo\/image\/\"}},{\"@type\":\"Person\",\"@id\":\"https:\/\/bcbnews.barcelonaturisme.com\/#\/schema\/person\/3fc6b66859de7d1dd2e84afaba046551\",\"name\":\"mcolomer\",\"url\":\"https:\/\/bcbnews.barcelonaturisme.com\/?author=3\"}]}<\/script>\n<!-- \/ Yoast SEO plugin. -->","yoast_head_json":{"title":"Sumem 12 membres m\u00e9s al BCB - Barcelona Convention Bureau","robots":{"index":"index","follow":"follow","max-snippet":"max-snippet:-1","max-image-preview":"max-image-preview:large","max-video-preview":"max-video-preview:-1"},"canonical":"https:\/\/bcbnews.barcelonaturisme.com\/?p=5805","og_locale":"ca_ES","og_type":"article","og_title":"Sumem 12 membres m\u00e9s al BCB - Barcelona Convention Bureau","og_description":"Altes de membres BCB","og_url":"https:\/\/bcbnews.barcelonaturisme.com\/?p=5805","og_site_name":"Barcelona Convention Bureau","article_published_time":"2024-07-15T06:33:24+00:00","article_modified_time":"2024-07-15T12:30:09+00:00","og_image":[{"width":1920,"height":1080,"url":"https:\/\/bcbnews.barcelonaturisme.com\/wp-content\/uploads\/2024\/07\/BCB-membre.jpg","type":"image\/jpeg"}],"author":"mcolomer","twitter_card":"summary_large_image","twitter_misc":{"Escrit per":"mcolomer","Temps estimat de lectura":"2 minuts"},"schema":{"@context":"https:\/\/schema.org","@graph":[{"@type":"Article","@id":"https:\/\/bcbnews.barcelonaturisme.com\/?p=5805#article","isPartOf":{"@id":"https:\/\/bcbnews.barcelonaturisme.com\/?p=5805"},"author":{"name":"mcolomer","@id":"https:\/\/bcbnews.barcelonaturisme.com\/#\/schema\/person\/3fc6b66859de7d1dd2e84afaba046551"},"headline":"Sumem 12 membres m\u00e9s al BCB","datePublished":"2024-07-15T06:33:24+00:00","dateModified":"2024-07-15T12:30:09+00:00","mainEntityOfPage":{"@id":"https:\/\/bcbnews.barcelonaturisme.com\/?p=5805"},"wordCount":313,"publisher":{"@id":"https:\/\/bcbnews.barcelonaturisme.com\/#organization"},"image":{"@id":"https:\/\/bcbnews.barcelonaturisme.com\/?p=5805#primaryimage"},"thumbnailUrl":"https:\/\/bcbnews.barcelonaturisme.com\/wp-content\/uploads\/2024\/07\/BCB-membre.jpg","articleSection":["Actualitat i Membres"],"inLanguage":"ca"},{"@type":"WebPage","@id":"https:\/\/bcbnews.barcelonaturisme.com\/?p=5805","url":"https:\/\/bcbnews.barcelonaturisme.com\/?p=5805","name":"Sumem 12 membres m\u00e9s al BCB - Barcelona Convention Bureau","isPartOf":{"@id":"https:\/\/bcbnews.barcelonaturisme.com\/#website"},"primaryImageOfPage":{"@id":"https:\/\/bcbnews.barcelonaturisme.com\/?p=5805#primaryimage"},"image":{"@id":"https:\/\/bcbnews.barcelonaturisme.com\/?p=5805#primaryimage"},"thumbnailUrl":"https:\/\/bcbnews.barcelonaturisme.com\/wp-content\/uploads\/2024\/07\/BCB-membre.jpg","datePublished":"2024-07-15T06:33:24+00:00","dateModified":"2024-07-15T12:30:09+00:00","breadcrumb":{"@id":"https:\/\/bcbnews.barcelonaturisme.com\/?p=5805#breadcrumb"},"inLanguage":"ca","potentialAction":[{"@type":"ReadAction","target":["https:\/\/bcbnews.barcelonaturisme.com\/?p=5805"]}]},{"@type":"ImageObject","inLanguage":"ca","@id":"https:\/\/bcbnews.barcelonaturisme.com\/?p=5805#primaryimage","url":"https:\/\/bcbnews.barcelonaturisme.com\/wp-content\/uploads\/2024\/07\/BCB-membre.jpg","contentUrl":"https:\/\/bcbnews.barcelonaturisme.com\/wp-content\/uploads\/2024\/07\/BCB-membre.jpg","width":1920,"height":1080},{"@type":"BreadcrumbList","@id":"https:\/\/bcbnews.barcelonaturisme.com\/?p=5805#breadcrumb","itemListElement":[{"@type":"ListItem","position":1,"name":"Inici","item":"https:\/\/bcbnews.barcelonaturisme.com\/"},{"@type":"ListItem","position":2,"name":"Sumem 12 membres m\u00e9s al BCB"}]},{"@type":"WebSite","@id":"https:\/\/bcbnews.barcelonaturisme.com\/#website","url":"https:\/\/bcbnews.barcelonaturisme.com\/","name":"BCB News \/ Barcelona Convention Bureau","description":"BCB Magazine","publisher":{"@id":"https:\/\/bcbnews.barcelonaturisme.com\/#organization"},"potentialAction":[{"@type":"SearchAction","target":{"@type":"EntryPoint","urlTemplate":"https:\/\/bcbnews.barcelonaturisme.com\/?s={search_term_string}"},"query-input":{"@type":"PropertyValueSpecification","valueRequired":true,"valueName":"search_term_string"}}],"inLanguage":"ca"},{"@type":"Organization","@id":"https:\/\/bcbnews.barcelonaturisme.com\/#organization","name":"BCB News \/ Barcelona Convention Bureau","url":"https:\/\/bcbnews.barcelonaturisme.com\/","logo":{"@type":"ImageObject","inLanguage":"ca","@id":"https:\/\/bcbnews.barcelonaturisme.com\/#\/schema\/logo\/image\/","url":"https:\/\/bcbnews.barcelonaturisme.com\/wp-content\/uploads\/2021\/12\/BCB_logo.png","contentUrl":"https:\/\/bcbnews.barcelonaturisme.com\/wp-content\/uploads\/2021\/12\/BCB_logo.png","width":543,"height":166,"caption":"BCB News \/ Barcelona Convention Bureau"},"image":{"@id":"https:\/\/bcbnews.barcelonaturisme.com\/#\/schema\/logo\/image\/"}},{"@type":"Person","@id":"https:\/\/bcbnews.barcelonaturisme.com\/#\/schema\/person\/3fc6b66859de7d1dd2e84afaba046551","name":"mcolomer","url":"https:\/\/bcbnews.barcelonaturisme.com\/?author=3"}]}},"_links":{"self":[{"href":"https:\/\/bcbnews.barcelonaturisme.com\/index.php?rest_route=\/wp\/v2\/posts\/5805"}],"collection":[{"href":"https:\/\/bcbnews.barcelonaturisme.com\/index.php?rest_route=\/wp\/v2\/posts"}],"about":[{"href":"https:\/\/bcbnews.barcelonaturisme.com\/index.php?rest_route=\/wp\/v2\/types\/post"}],"author":[{"embeddable":true,"href":"https:\/\/bcbnews.barcelonaturisme.com\/index.php?rest_route=\/wp\/v2\/users\/3"}],"replies":[{"embeddable":true,"href":"https:\/\/bcbnews.barcelonaturisme.com\/index.php?rest_route=%2Fwp%2Fv2%2Fcomments&post=5805"}],"version-history":[{"count":5,"href":"https:\/\/bcbnews.barcelonaturisme.com\/index.php?rest_route=\/wp\/v2\/posts\/5805\/revisions"}],"predecessor-version":[{"id":5852,"href":"https:\/\/bcbnews.barcelonaturisme.com\/index.php?rest_route=\/wp\/v2\/posts\/5805\/revisions\/5852"}],"wp:featuredmedia":[{"embeddable":true,"href":"https:\/\/bcbnews.barcelonaturisme.com\/index.php?rest_route=\/wp\/v2\/media\/5806"}],"wp:attachment":[{"href":"https:\/\/bcbnews.barcelonaturisme.com\/index.php?rest_route=%2Fwp%2Fv2%2Fmedia&parent=5805"}],"wp:term":[{"taxonomy":"category","embeddable":true,"href":"https:\/\/bcbnews.barcelonaturisme.com\/index.php?rest_route=%2Fwp%2Fv2%2Fcategories&post=5805"},{"taxonomy":"post_tag","embeddable":true,"href":"https:\/\/bcbnews.barcelonaturisme.com\/index.php?rest_route=%2Fwp%2Fv2%2Ftags&post=5805"},{"taxonomy":"capcalera","embeddable":true,"href":"https:\/\/bcbnews.barcelonaturisme.com\/index.php?rest_route=%2Fwp%2Fv2%2Fcapcalera&post=5805"}],"curies":[{"name":"wp","href":"https:\/\/api.w.org\/{rel}","templated":true}]}}