{"id":5909,"date":"2024-10-14T10:57:40","date_gmt":"2024-10-14T08:57:40","guid":{"rendered":"https:\/\/bcbnews.barcelonaturisme.com\/?p=5909"},"modified":"2024-10-14T10:57:42","modified_gmt":"2024-10-14T08:57:42","slug":"reobertura-del-nou-port-olimpic-de-barcelona","status":"publish","type":"post","link":"https:\/\/bcbnews.barcelonaturisme.com\/?p=5909","title":{"rendered":"Reobertura del nou Port Ol\u00edmpic de Barcelona"},"content":{"rendered":"\n<p class=\"has-medium-font-size\">Un espai per a l\u2019economia blava, la n\u00e0utica i la gastronomia<\/p>\n\n\n\n<figure class=\"wp-block-gallery has-nested-images columns-default is-cropped wp-block-gallery-1 is-layout-flex wp-block-gallery-is-layout-flex\">\n<figure class=\"wp-block-image size-large\"><img fetchpriority=\"high\" decoding=\"async\" width=\"680\" height=\"410\" data-id=\"5914\" src=\"https:\/\/bcbnews.barcelonaturisme.com\/wp-content\/uploads\/2024\/10\/2024-06-07.png\" alt=\"\" class=\"wp-image-5914\" srcset=\"https:\/\/bcbnews.barcelonaturisme.com\/wp-content\/uploads\/2024\/10\/2024-06-07.png 680w, https:\/\/bcbnews.barcelonaturisme.com\/wp-content\/uploads\/2024\/10\/2024-06-07-300x181.png 300w\" sizes=\"(max-width: 680px) 100vw, 680px\" \/><\/figure>\n\n\n\n<figure class=\"wp-block-image size-large\"><img decoding=\"async\" width=\"1024\" height=\"768\" data-id=\"5918\" src=\"https:\/\/bcbnews.barcelonaturisme.com\/wp-content\/uploads\/2024\/10\/WhatsApp-Image-2024-09-09-at-14.03.32-1-1024x768.jpeg\" alt=\"\" class=\"wp-image-5918\" srcset=\"https:\/\/bcbnews.barcelonaturisme.com\/wp-content\/uploads\/2024\/10\/WhatsApp-Image-2024-09-09-at-14.03.32-1-1024x768.jpeg 1024w, https:\/\/bcbnews.barcelonaturisme.com\/wp-content\/uploads\/2024\/10\/WhatsApp-Image-2024-09-09-at-14.03.32-1-300x225.jpeg 300w, https:\/\/bcbnews.barcelonaturisme.com\/wp-content\/uploads\/2024\/10\/WhatsApp-Image-2024-09-09-at-14.03.32-1-768x576.jpeg 768w, https:\/\/bcbnews.barcelonaturisme.com\/wp-content\/uploads\/2024\/10\/WhatsApp-Image-2024-09-09-at-14.03.32-1-1536x1152.jpeg 1536w, https:\/\/bcbnews.barcelonaturisme.com\/wp-content\/uploads\/2024\/10\/WhatsApp-Image-2024-09-09-at-14.03.32-1.jpeg 2048w\" sizes=\"(max-width: 1024px) 100vw, 1024px\" \/><\/figure>\n\n\n\n<figure class=\"wp-block-image size-large\"><img decoding=\"async\" width=\"1024\" height=\"768\" data-id=\"5916\" src=\"https:\/\/bcbnews.barcelonaturisme.com\/wp-content\/uploads\/2024\/10\/WhatsApp-Image-2024-09-09-at-14.03.34-1024x768.jpeg\" alt=\"\" class=\"wp-image-5916\" srcset=\"https:\/\/bcbnews.barcelonaturisme.com\/wp-content\/uploads\/2024\/10\/WhatsApp-Image-2024-09-09-at-14.03.34-1024x768.jpeg 1024w, https:\/\/bcbnews.barcelonaturisme.com\/wp-content\/uploads\/2024\/10\/WhatsApp-Image-2024-09-09-at-14.03.34-300x225.jpeg 300w, https:\/\/bcbnews.barcelonaturisme.com\/wp-content\/uploads\/2024\/10\/WhatsApp-Image-2024-09-09-at-14.03.34-768x576.jpeg 768w, https:\/\/bcbnews.barcelonaturisme.com\/wp-content\/uploads\/2024\/10\/WhatsApp-Image-2024-09-09-at-14.03.34-1536x1152.jpeg 1536w, https:\/\/bcbnews.barcelonaturisme.com\/wp-content\/uploads\/2024\/10\/WhatsApp-Image-2024-09-09-at-14.03.34.jpeg 2048w\" sizes=\"(max-width: 1024px) 100vw, 1024px\" \/><\/figure>\n<\/figure>\n\n\n\n<p><\/p>\n\n\n\n<p>El passat mes de juliol, el <strong>Nou Port Ol\u00edmpic de Barcelona<\/strong> va reobrir les seves portes despr\u00e9s de quatre anys de remodelaci\u00f3, presentant un nou disseny i un espai de 20.000 metres quadrats dedicats a l&#8217;economia blava, la n\u00e0utica i la gastronomia.<\/p>\n\n\n\n<p>Una de les grans novetats \u00e9s el <strong>Moll de Mestral<\/strong>, que ara s&#8217;ha convertit en una immensa pla\u00e7a de m\u00e9s de 8.000 m\u00b2, reempla\u00e7ant les antigues terrasses i locals d\u2019oci nocturn. Tamb\u00e9 destaca el <strong>Balc\u00f3 Gastron\u00f2mic<\/strong>, situat al <strong>Moll de Gregal<\/strong>. Aquest innovador espai arquitect\u00f2nic connecta el Passeig Mar\u00edtim amb el mar, oferint un agradable passeig amb places i miradors, aix\u00ed com escales i ascensors per facilitar la circulaci\u00f3 dels visitants.<\/p>\n\n\n\n<p>A partir de finals d\u2019agost, el Balc\u00f3 Gastron\u00f2mic va comen\u00e7ar a funcionar amb l\u2019obertura progressiva de nou restaurants i tres botigues gastron\u00f2miques. Els restaurants, que inclouen noms com Sagardi, El Cangrejo Loco, i El Tribut, El del Mar &#8211; Hermanos Torres, ofereixen una oferta variada i de qualitat, pensada per a un p\u00fablic divers.<\/p>\n\n\n\n<p>A m\u00e9s, el Nou Port Ol\u00edmpic disposa de diversos <strong>espais disponibles per a lloguer<\/strong>, perfectes per a esdeveniments i confer\u00e8ncies:<\/p>\n\n\n\n<ol class=\"wp-block-list\">\n<li>Esplanada Mestral\/Marina: 1.325,25 m\u00b2<\/li>\n\n\n\n<li>Esplanada Mestral\/Gregal: 2.433,5 m\u00b2<\/li>\n\n\n\n<li>\u00c0rea Recer\/Marina: 600 m\u00b2<\/li>\n\n\n\n<li>\u00c0rea Recer\/Gregal: 240 m\u00b2<\/li>\n\n\n\n<li>\u00c0rea Marina Pool: 600 m\u00b2<\/li>\n\n\n\n<li>Espai Mestral \u2013 sala d\u2019actes: 361,5 m\u00b2<\/li>\n\n\n\n<li>Espai Mestral \u2013 Oficines\/Recepci\u00f3: 268 m\u00b2<\/li>\n\n\n\n<li>Sala Gregal: 110 m\u00b2<br><\/li>\n<\/ol>\n\n\n\n<p>Amb la seva reobertura, el Nou Port Ol\u00edmpic es posiciona com un punt de refer\u00e8ncia, oferint un espai vers\u00e0til per a diversos tipus d\u2019esdeveniments.<\/p>\n\n\n\n<p><strong>Per a m\u00e9s informaci\u00f3<\/strong>: Roger Rocasalbas, Responsable de l\u2019\u00c0rea Comercial i M\u00e0rketing . <a href=\"mailto:rrocasalbas@bsmsa.cat\">rrocasalbas@bsmsa.cat<\/a><\/p>\n","protected":false},"excerpt":{"rendered":"<p>Un espai per a l\u2019economia blava, la n\u00e0utica i la gastronomia<\/p>\n","protected":false},"author":3,"featured_media":5912,"comment_status":"closed","ping_status":"closed","sticky":false,"template":"","format":"standard","meta":{"footnotes":""},"categories":[2],"tags":[],"capcalera":[],"class_list":["post-5909","post","type-post","status-publish","format-standard","has-post-thumbnail","hentry","category-actualitat-i-membres"],"acf":[],"yoast_head":"<!-- This site is optimized with the Yoast SEO plugin v25.3 - https:\/\/yoast.com\/wordpress\/plugins\/seo\/ -->\n<title>Reobertura del nou Port Ol\u00edmpic de Barcelona - Barcelona Convention Bureau<\/title>\n<meta name=\"robots\" content=\"index, follow, max-snippet:-1, max-image-preview:large, max-video-preview:-1\" \/>\n<link rel=\"canonical\" href=\"https:\/\/bcbnews.barcelonaturisme.com\/?p=5909\" \/>\n<meta property=\"og:locale\" content=\"ca_ES\" \/>\n<meta property=\"og:type\" content=\"article\" \/>\n<meta property=\"og:title\" content=\"Reobertura del nou Port Ol\u00edmpic de Barcelona - Barcelona Convention Bureau\" \/>\n<meta property=\"og:description\" content=\"Un espai per a l\u2019economia blava, la n\u00e0utica i la gastronomia\" \/>\n<meta property=\"og:url\" content=\"https:\/\/bcbnews.barcelonaturisme.com\/?p=5909\" \/>\n<meta property=\"og:site_name\" content=\"Barcelona Convention Bureau\" \/>\n<meta property=\"article:published_time\" content=\"2024-10-14T08:57:40+00:00\" \/>\n<meta property=\"article:modified_time\" content=\"2024-10-14T08:57:42+00:00\" \/>\n<meta property=\"og:image\" content=\"https:\/\/bcbnews.barcelonaturisme.com\/wp-content\/uploads\/2024\/10\/Port-Olimpic_exterior2.jpg\" \/>\n\t<meta property=\"og:image:width\" content=\"1920\" \/>\n\t<meta property=\"og:image:height\" content=\"1080\" \/>\n\t<meta property=\"og:image:type\" content=\"image\/jpeg\" \/>\n<meta name=\"author\" content=\"mcolomer\" \/>\n<meta name=\"twitter:card\" content=\"summary_large_image\" \/>\n<meta name=\"twitter:label1\" content=\"Escrit per\" \/>\n\t<meta name=\"twitter:data1\" content=\"mcolomer\" \/>\n\t<meta name=\"twitter:label2\" content=\"Temps estimat de lectura\" \/>\n\t<meta name=\"twitter:data2\" content=\"3 minuts\" \/>\n<script type=\"application\/ld+json\" class=\"yoast-schema-graph\">{\"@context\":\"https:\/\/schema.org\",\"@graph\":[{\"@type\":\"Article\",\"@id\":\"https:\/\/bcbnews.barcelonaturisme.com\/?p=5909#article\",\"isPartOf\":{\"@id\":\"https:\/\/bcbnews.barcelonaturisme.com\/?p=5909\"},\"author\":{\"name\":\"mcolomer\",\"@id\":\"https:\/\/bcbnews.barcelonaturisme.com\/#\/schema\/person\/3fc6b66859de7d1dd2e84afaba046551\"},\"headline\":\"Reobertura del nou Port Ol\u00edmpic de Barcelona\",\"datePublished\":\"2024-10-14T08:57:40+00:00\",\"dateModified\":\"2024-10-14T08:57:42+00:00\",\"mainEntityOfPage\":{\"@id\":\"https:\/\/bcbnews.barcelonaturisme.com\/?p=5909\"},\"wordCount\":307,\"publisher\":{\"@id\":\"https:\/\/bcbnews.barcelonaturisme.com\/#organization\"},\"image\":{\"@id\":\"https:\/\/bcbnews.barcelonaturisme.com\/?p=5909#primaryimage\"},\"thumbnailUrl\":\"https:\/\/bcbnews.barcelonaturisme.com\/wp-content\/uploads\/2024\/10\/Port-Olimpic_exterior2.jpg\",\"articleSection\":[\"Actualitat i Membres\"],\"inLanguage\":\"ca\"},{\"@type\":\"WebPage\",\"@id\":\"https:\/\/bcbnews.barcelonaturisme.com\/?p=5909\",\"url\":\"https:\/\/bcbnews.barcelonaturisme.com\/?p=5909\",\"name\":\"Reobertura del nou Port Ol\u00edmpic de Barcelona - Barcelona Convention Bureau\",\"isPartOf\":{\"@id\":\"https:\/\/bcbnews.barcelonaturisme.com\/#website\"},\"primaryImageOfPage\":{\"@id\":\"https:\/\/bcbnews.barcelonaturisme.com\/?p=5909#primaryimage\"},\"image\":{\"@id\":\"https:\/\/bcbnews.barcelonaturisme.com\/?p=5909#primaryimage\"},\"thumbnailUrl\":\"https:\/\/bcbnews.barcelonaturisme.com\/wp-content\/uploads\/2024\/10\/Port-Olimpic_exterior2.jpg\",\"datePublished\":\"2024-10-14T08:57:40+00:00\",\"dateModified\":\"2024-10-14T08:57:42+00:00\",\"breadcrumb\":{\"@id\":\"https:\/\/bcbnews.barcelonaturisme.com\/?p=5909#breadcrumb\"},\"inLanguage\":\"ca\",\"potentialAction\":[{\"@type\":\"ReadAction\",\"target\":[\"https:\/\/bcbnews.barcelonaturisme.com\/?p=5909\"]}]},{\"@type\":\"ImageObject\",\"inLanguage\":\"ca\",\"@id\":\"https:\/\/bcbnews.barcelonaturisme.com\/?p=5909#primaryimage\",\"url\":\"https:\/\/bcbnews.barcelonaturisme.com\/wp-content\/uploads\/2024\/10\/Port-Olimpic_exterior2.jpg\",\"contentUrl\":\"https:\/\/bcbnews.barcelonaturisme.com\/wp-content\/uploads\/2024\/10\/Port-Olimpic_exterior2.jpg\",\"width\":1920,\"height\":1080},{\"@type\":\"BreadcrumbList\",\"@id\":\"https:\/\/bcbnews.barcelonaturisme.com\/?p=5909#breadcrumb\",\"itemListElement\":[{\"@type\":\"ListItem\",\"position\":1,\"name\":\"Inici\",\"item\":\"https:\/\/bcbnews.barcelonaturisme.com\/\"},{\"@type\":\"ListItem\",\"position\":2,\"name\":\"Reobertura del nou Port Ol\u00edmpic de Barcelona\"}]},{\"@type\":\"WebSite\",\"@id\":\"https:\/\/bcbnews.barcelonaturisme.com\/#website\",\"url\":\"https:\/\/bcbnews.barcelonaturisme.com\/\",\"name\":\"BCB News \/ Barcelona Convention Bureau\",\"description\":\"BCB Magazine\",\"publisher\":{\"@id\":\"https:\/\/bcbnews.barcelonaturisme.com\/#organization\"},\"potentialAction\":[{\"@type\":\"SearchAction\",\"target\":{\"@type\":\"EntryPoint\",\"urlTemplate\":\"https:\/\/bcbnews.barcelonaturisme.com\/?s={search_term_string}\"},\"query-input\":{\"@type\":\"PropertyValueSpecification\",\"valueRequired\":true,\"valueName\":\"search_term_string\"}}],\"inLanguage\":\"ca\"},{\"@type\":\"Organization\",\"@id\":\"https:\/\/bcbnews.barcelonaturisme.com\/#organization\",\"name\":\"BCB News \/ Barcelona Convention Bureau\",\"url\":\"https:\/\/bcbnews.barcelonaturisme.com\/\",\"logo\":{\"@type\":\"ImageObject\",\"inLanguage\":\"ca\",\"@id\":\"https:\/\/bcbnews.barcelonaturisme.com\/#\/schema\/logo\/image\/\",\"url\":\"https:\/\/bcbnews.barcelonaturisme.com\/wp-content\/uploads\/2021\/12\/BCB_logo.png\",\"contentUrl\":\"https:\/\/bcbnews.barcelonaturisme.com\/wp-content\/uploads\/2021\/12\/BCB_logo.png\",\"width\":543,\"height\":166,\"caption\":\"BCB News \/ Barcelona Convention Bureau\"},\"image\":{\"@id\":\"https:\/\/bcbnews.barcelonaturisme.com\/#\/schema\/logo\/image\/\"}},{\"@type\":\"Person\",\"@id\":\"https:\/\/bcbnews.barcelonaturisme.com\/#\/schema\/person\/3fc6b66859de7d1dd2e84afaba046551\",\"name\":\"mcolomer\",\"url\":\"https:\/\/bcbnews.barcelonaturisme.com\/?author=3\"}]}<\/script>\n<!-- \/ Yoast SEO plugin. -->","yoast_head_json":{"title":"Reobertura del nou Port Ol\u00edmpic de Barcelona - Barcelona Convention Bureau","robots":{"index":"index","follow":"follow","max-snippet":"max-snippet:-1","max-image-preview":"max-image-preview:large","max-video-preview":"max-video-preview:-1"},"canonical":"https:\/\/bcbnews.barcelonaturisme.com\/?p=5909","og_locale":"ca_ES","og_type":"article","og_title":"Reobertura del nou Port Ol\u00edmpic de Barcelona - Barcelona Convention Bureau","og_description":"Un espai per a l\u2019economia blava, la n\u00e0utica i la gastronomia","og_url":"https:\/\/bcbnews.barcelonaturisme.com\/?p=5909","og_site_name":"Barcelona Convention Bureau","article_published_time":"2024-10-14T08:57:40+00:00","article_modified_time":"2024-10-14T08:57:42+00:00","og_image":[{"width":1920,"height":1080,"url":"https:\/\/bcbnews.barcelonaturisme.com\/wp-content\/uploads\/2024\/10\/Port-Olimpic_exterior2.jpg","type":"image\/jpeg"}],"author":"mcolomer","twitter_card":"summary_large_image","twitter_misc":{"Escrit per":"mcolomer","Temps estimat de lectura":"3 minuts"},"schema":{"@context":"https:\/\/schema.org","@graph":[{"@type":"Article","@id":"https:\/\/bcbnews.barcelonaturisme.com\/?p=5909#article","isPartOf":{"@id":"https:\/\/bcbnews.barcelonaturisme.com\/?p=5909"},"author":{"name":"mcolomer","@id":"https:\/\/bcbnews.barcelonaturisme.com\/#\/schema\/person\/3fc6b66859de7d1dd2e84afaba046551"},"headline":"Reobertura del nou Port Ol\u00edmpic de Barcelona","datePublished":"2024-10-14T08:57:40+00:00","dateModified":"2024-10-14T08:57:42+00:00","mainEntityOfPage":{"@id":"https:\/\/bcbnews.barcelonaturisme.com\/?p=5909"},"wordCount":307,"publisher":{"@id":"https:\/\/bcbnews.barcelonaturisme.com\/#organization"},"image":{"@id":"https:\/\/bcbnews.barcelonaturisme.com\/?p=5909#primaryimage"},"thumbnailUrl":"https:\/\/bcbnews.barcelonaturisme.com\/wp-content\/uploads\/2024\/10\/Port-Olimpic_exterior2.jpg","articleSection":["Actualitat i Membres"],"inLanguage":"ca"},{"@type":"WebPage","@id":"https:\/\/bcbnews.barcelonaturisme.com\/?p=5909","url":"https:\/\/bcbnews.barcelonaturisme.com\/?p=5909","name":"Reobertura del nou Port Ol\u00edmpic de Barcelona - Barcelona Convention Bureau","isPartOf":{"@id":"https:\/\/bcbnews.barcelonaturisme.com\/#website"},"primaryImageOfPage":{"@id":"https:\/\/bcbnews.barcelonaturisme.com\/?p=5909#primaryimage"},"image":{"@id":"https:\/\/bcbnews.barcelonaturisme.com\/?p=5909#primaryimage"},"thumbnailUrl":"https:\/\/bcbnews.barcelonaturisme.com\/wp-content\/uploads\/2024\/10\/Port-Olimpic_exterior2.jpg","datePublished":"2024-10-14T08:57:40+00:00","dateModified":"2024-10-14T08:57:42+00:00","breadcrumb":{"@id":"https:\/\/bcbnews.barcelonaturisme.com\/?p=5909#breadcrumb"},"inLanguage":"ca","potentialAction":[{"@type":"ReadAction","target":["https:\/\/bcbnews.barcelonaturisme.com\/?p=5909"]}]},{"@type":"ImageObject","inLanguage":"ca","@id":"https:\/\/bcbnews.barcelonaturisme.com\/?p=5909#primaryimage","url":"https:\/\/bcbnews.barcelonaturisme.com\/wp-content\/uploads\/2024\/10\/Port-Olimpic_exterior2.jpg","contentUrl":"https:\/\/bcbnews.barcelonaturisme.com\/wp-content\/uploads\/2024\/10\/Port-Olimpic_exterior2.jpg","width":1920,"height":1080},{"@type":"BreadcrumbList","@id":"https:\/\/bcbnews.barcelonaturisme.com\/?p=5909#breadcrumb","itemListElement":[{"@type":"ListItem","position":1,"name":"Inici","item":"https:\/\/bcbnews.barcelonaturisme.com\/"},{"@type":"ListItem","position":2,"name":"Reobertura del nou Port Ol\u00edmpic de Barcelona"}]},{"@type":"WebSite","@id":"https:\/\/bcbnews.barcelonaturisme.com\/#website","url":"https:\/\/bcbnews.barcelonaturisme.com\/","name":"BCB News \/ Barcelona Convention Bureau","description":"BCB Magazine","publisher":{"@id":"https:\/\/bcbnews.barcelonaturisme.com\/#organization"},"potentialAction":[{"@type":"SearchAction","target":{"@type":"EntryPoint","urlTemplate":"https:\/\/bcbnews.barcelonaturisme.com\/?s={search_term_string}"},"query-input":{"@type":"PropertyValueSpecification","valueRequired":true,"valueName":"search_term_string"}}],"inLanguage":"ca"},{"@type":"Organization","@id":"https:\/\/bcbnews.barcelonaturisme.com\/#organization","name":"BCB News \/ Barcelona Convention Bureau","url":"https:\/\/bcbnews.barcelonaturisme.com\/","logo":{"@type":"ImageObject","inLanguage":"ca","@id":"https:\/\/bcbnews.barcelonaturisme.com\/#\/schema\/logo\/image\/","url":"https:\/\/bcbnews.barcelonaturisme.com\/wp-content\/uploads\/2021\/12\/BCB_logo.png","contentUrl":"https:\/\/bcbnews.barcelonaturisme.com\/wp-content\/uploads\/2021\/12\/BCB_logo.png","width":543,"height":166,"caption":"BCB News \/ Barcelona Convention Bureau"},"image":{"@id":"https:\/\/bcbnews.barcelonaturisme.com\/#\/schema\/logo\/image\/"}},{"@type":"Person","@id":"https:\/\/bcbnews.barcelonaturisme.com\/#\/schema\/person\/3fc6b66859de7d1dd2e84afaba046551","name":"mcolomer","url":"https:\/\/bcbnews.barcelonaturisme.com\/?author=3"}]}},"_links":{"self":[{"href":"https:\/\/bcbnews.barcelonaturisme.com\/index.php?rest_route=\/wp\/v2\/posts\/5909"}],"collection":[{"href":"https:\/\/bcbnews.barcelonaturisme.com\/index.php?rest_route=\/wp\/v2\/posts"}],"about":[{"href":"https:\/\/bcbnews.barcelonaturisme.com\/index.php?rest_route=\/wp\/v2\/types\/post"}],"author":[{"embeddable":true,"href":"https:\/\/bcbnews.barcelonaturisme.com\/index.php?rest_route=\/wp\/v2\/users\/3"}],"replies":[{"embeddable":true,"href":"https:\/\/bcbnews.barcelonaturisme.com\/index.php?rest_route=%2Fwp%2Fv2%2Fcomments&post=5909"}],"version-history":[{"count":1,"href":"https:\/\/bcbnews.barcelonaturisme.com\/index.php?rest_route=\/wp\/v2\/posts\/5909\/revisions"}],"predecessor-version":[{"id":5920,"href":"https:\/\/bcbnews.barcelonaturisme.com\/index.php?rest_route=\/wp\/v2\/posts\/5909\/revisions\/5920"}],"wp:featuredmedia":[{"embeddable":true,"href":"https:\/\/bcbnews.barcelonaturisme.com\/index.php?rest_route=\/wp\/v2\/media\/5912"}],"wp:attachment":[{"href":"https:\/\/bcbnews.barcelonaturisme.com\/index.php?rest_route=%2Fwp%2Fv2%2Fmedia&parent=5909"}],"wp:term":[{"taxonomy":"category","embeddable":true,"href":"https:\/\/bcbnews.barcelonaturisme.com\/index.php?rest_route=%2Fwp%2Fv2%2Fcategories&post=5909"},{"taxonomy":"post_tag","embeddable":true,"href":"https:\/\/bcbnews.barcelonaturisme.com\/index.php?rest_route=%2Fwp%2Fv2%2Ftags&post=5909"},{"taxonomy":"capcalera","embeddable":true,"href":"https:\/\/bcbnews.barcelonaturisme.com\/index.php?rest_route=%2Fwp%2Fv2%2Fcapcalera&post=5909"}],"curies":[{"name":"wp","href":"https:\/\/api.w.org\/{rel}","templated":true}]}}