{"id":5938,"date":"2024-10-14T11:17:02","date_gmt":"2024-10-14T09:17:02","guid":{"rendered":"https:\/\/bcbnews.barcelonaturisme.com\/?p=5938"},"modified":"2024-10-14T11:20:54","modified_gmt":"2024-10-14T09:20:54","slug":"barcelona-acollira-el-congres-europeu-de-microscopia-2028","status":"publish","type":"post","link":"https:\/\/bcbnews.barcelonaturisme.com\/?p=5938","title":{"rendered":"Barcelona acollir\u00e0 el Congr\u00e9s Europeu de Microsc\u00f2pia 2028"},"content":{"rendered":"\n<p class=\"has-medium-font-size\">Esdeveniment cient\u00edfic de primer nivell <\/p>\n\n\n\n<figure class=\"wp-block-image size-large is-resized\"><img fetchpriority=\"high\" decoding=\"async\" width=\"1024\" height=\"605\" src=\"https:\/\/bcbnews.barcelonaturisme.com\/wp-content\/uploads\/2024\/10\/Congres-Europeu-Microscopia_interior-1024x605.jpg\" alt=\"\" class=\"wp-image-5941\" style=\"width:836px;height:auto\" srcset=\"https:\/\/bcbnews.barcelonaturisme.com\/wp-content\/uploads\/2024\/10\/Congres-Europeu-Microscopia_interior-1024x605.jpg 1024w, https:\/\/bcbnews.barcelonaturisme.com\/wp-content\/uploads\/2024\/10\/Congres-Europeu-Microscopia_interior-300x177.jpg 300w, https:\/\/bcbnews.barcelonaturisme.com\/wp-content\/uploads\/2024\/10\/Congres-Europeu-Microscopia_interior-768x454.jpg 768w, https:\/\/bcbnews.barcelonaturisme.com\/wp-content\/uploads\/2024\/10\/Congres-Europeu-Microscopia_interior-1536x908.jpg 1536w, https:\/\/bcbnews.barcelonaturisme.com\/wp-content\/uploads\/2024\/10\/Congres-Europeu-Microscopia_interior.jpg 1600w\" sizes=\"(max-width: 1024px) 100vw, 1024px\" \/><\/figure>\n\n\n\n<p>Barcelona suma un nou congr\u00e9s al seu calendari despr\u00e9s de guanyar a Copenhaguen, a la fi d&#8217;agost, la disputada candidatura per a acollir el <strong>European Microscopy Congress (EMC)<\/strong> en 2028.<\/p>\n\n\n\n<p>El Barcelona Convention Bureau (BCB) va presentar la seva candidatura imbatible juntament amb la <strong>Universitat de Barcelona (UB)<\/strong> i els <strong>Centres Cient\u00edfics i Tecnol\u00f2gics de la UB (CCiTUB)<\/strong>, la <strong>Universitat de Saragossa, LMA \u2013 Laboratori de Microsc\u00f2pies Avan\u00e7ades<\/strong>, <strong>BCO Congressos<\/strong> i <strong>CCIB<\/strong>.<\/p>\n\n\n\n<p>Amb el lema Zoom-in: Microsc\u00f2pia per als Objectius de Desenvolupament Sostenible, Barcelona reunir\u00e0 la comunitat cient\u00edfica experta en microsc\u00f2pies electr\u00f2niques, \u00f2ptiques i de sonda pr\u00f2xima, aix\u00ed com una gran exhibici\u00f3 comercial de fabricants i empreses del sector.<\/p>\n\n\n\n<p>El Congr\u00e9s Europeu de Microsc\u00f2pia (EMC) s&#8217;organitza cada quatre anys, sota els auspicis de la Societat Europea de Microsc\u00f2pia. All\u00ed es presenten les \u00faltimes innovacions i desenvolupaments instrumentals, aix\u00ed com el coneixement cient\u00edfic d&#8217;avantguarda aplicat a les ci\u00e8ncies de la vida, les ci\u00e8ncies f\u00edsiques i els materials avan\u00e7ats per a energia, medi ambient, electr\u00f2nica i tecnologies qu\u00e0ntiques, entre altres.<\/p>\n\n\n\n<p>Barcelona acollir\u00e0 aquest congr\u00e9s cient\u00edfic de primer nivell el 2028, reunint <strong>3.000 professionals <\/strong>del sector de la microsc\u00f2pia. L&#8217;esdeveniment \u00e9s organitzat per la Universitat de Barcelona i la Universitat de Saragossa, representants de dos dels nodes de la Infraestructura Cient\u00edfica i T\u00e8cnica Singular ELECMI (Microsc\u00f2pia Electr\u00f2nica Aplicada a Materials), amb el suport de la Societat de Microsc\u00f2pia d&#8217;Espanya.<\/p>\n\n\n\n<p><\/p>\n\n\n\n<p><strong>Per a m\u00e9s informaci\u00f3<\/strong>: Anna Bueno \u2013 <a href=\"mailto:abueno@barcelonaturisme.com\">abueno@barcelonaturisme.com<\/a><\/p>\n","protected":false},"excerpt":{"rendered":"<p>Esdeveniment cient\u00edfic de primer nivell <\/p>\n","protected":false},"author":3,"featured_media":5939,"comment_status":"closed","ping_status":"closed","sticky":false,"template":"","format":"standard","meta":{"footnotes":""},"categories":[2],"tags":[],"capcalera":[],"class_list":["post-5938","post","type-post","status-publish","format-standard","has-post-thumbnail","hentry","category-actualitat-i-membres"],"acf":[],"yoast_head":"<!-- This site is optimized with the Yoast SEO plugin v25.3 - https:\/\/yoast.com\/wordpress\/plugins\/seo\/ -->\n<title>Barcelona acollir\u00e0 el Congr\u00e9s Europeu de Microsc\u00f2pia 2028 - Barcelona Convention Bureau<\/title>\n<meta name=\"robots\" content=\"index, follow, max-snippet:-1, max-image-preview:large, max-video-preview:-1\" \/>\n<link rel=\"canonical\" href=\"https:\/\/bcbnews.barcelonaturisme.com\/?p=5938\" \/>\n<meta property=\"og:locale\" content=\"ca_ES\" \/>\n<meta property=\"og:type\" content=\"article\" \/>\n<meta property=\"og:title\" content=\"Barcelona acollir\u00e0 el Congr\u00e9s Europeu de Microsc\u00f2pia 2028 - Barcelona Convention Bureau\" \/>\n<meta property=\"og:description\" content=\"Esdeveniment cient\u00edfic de primer nivell\" \/>\n<meta property=\"og:url\" content=\"https:\/\/bcbnews.barcelonaturisme.com\/?p=5938\" \/>\n<meta property=\"og:site_name\" content=\"Barcelona Convention Bureau\" \/>\n<meta property=\"article:published_time\" content=\"2024-10-14T09:17:02+00:00\" \/>\n<meta property=\"article:modified_time\" content=\"2024-10-14T09:20:54+00:00\" \/>\n<meta property=\"og:image\" content=\"https:\/\/bcbnews.barcelonaturisme.com\/wp-content\/uploads\/2024\/10\/Congres-Europeu-Microscopia_exterior.jpg\" \/>\n\t<meta property=\"og:image:width\" content=\"1920\" \/>\n\t<meta property=\"og:image:height\" content=\"1080\" \/>\n\t<meta property=\"og:image:type\" content=\"image\/jpeg\" \/>\n<meta name=\"author\" content=\"mcolomer\" \/>\n<meta name=\"twitter:card\" content=\"summary_large_image\" \/>\n<meta name=\"twitter:label1\" content=\"Escrit per\" \/>\n\t<meta name=\"twitter:data1\" content=\"mcolomer\" \/>\n\t<meta name=\"twitter:label2\" content=\"Temps estimat de lectura\" \/>\n\t<meta name=\"twitter:data2\" content=\"2 minuts\" \/>\n<script type=\"application\/ld+json\" class=\"yoast-schema-graph\">{\"@context\":\"https:\/\/schema.org\",\"@graph\":[{\"@type\":\"Article\",\"@id\":\"https:\/\/bcbnews.barcelonaturisme.com\/?p=5938#article\",\"isPartOf\":{\"@id\":\"https:\/\/bcbnews.barcelonaturisme.com\/?p=5938\"},\"author\":{\"name\":\"mcolomer\",\"@id\":\"https:\/\/bcbnews.barcelonaturisme.com\/#\/schema\/person\/3fc6b66859de7d1dd2e84afaba046551\"},\"headline\":\"Barcelona acollir\u00e0 el Congr\u00e9s Europeu de Microsc\u00f2pia 2028\",\"datePublished\":\"2024-10-14T09:17:02+00:00\",\"dateModified\":\"2024-10-14T09:20:54+00:00\",\"mainEntityOfPage\":{\"@id\":\"https:\/\/bcbnews.barcelonaturisme.com\/?p=5938\"},\"wordCount\":281,\"publisher\":{\"@id\":\"https:\/\/bcbnews.barcelonaturisme.com\/#organization\"},\"image\":{\"@id\":\"https:\/\/bcbnews.barcelonaturisme.com\/?p=5938#primaryimage\"},\"thumbnailUrl\":\"https:\/\/bcbnews.barcelonaturisme.com\/wp-content\/uploads\/2024\/10\/Congres-Europeu-Microscopia_exterior.jpg\",\"articleSection\":[\"Actualitat i Membres\"],\"inLanguage\":\"ca\"},{\"@type\":\"WebPage\",\"@id\":\"https:\/\/bcbnews.barcelonaturisme.com\/?p=5938\",\"url\":\"https:\/\/bcbnews.barcelonaturisme.com\/?p=5938\",\"name\":\"Barcelona acollir\u00e0 el Congr\u00e9s Europeu de Microsc\u00f2pia 2028 - Barcelona Convention Bureau\",\"isPartOf\":{\"@id\":\"https:\/\/bcbnews.barcelonaturisme.com\/#website\"},\"primaryImageOfPage\":{\"@id\":\"https:\/\/bcbnews.barcelonaturisme.com\/?p=5938#primaryimage\"},\"image\":{\"@id\":\"https:\/\/bcbnews.barcelonaturisme.com\/?p=5938#primaryimage\"},\"thumbnailUrl\":\"https:\/\/bcbnews.barcelonaturisme.com\/wp-content\/uploads\/2024\/10\/Congres-Europeu-Microscopia_exterior.jpg\",\"datePublished\":\"2024-10-14T09:17:02+00:00\",\"dateModified\":\"2024-10-14T09:20:54+00:00\",\"breadcrumb\":{\"@id\":\"https:\/\/bcbnews.barcelonaturisme.com\/?p=5938#breadcrumb\"},\"inLanguage\":\"ca\",\"potentialAction\":[{\"@type\":\"ReadAction\",\"target\":[\"https:\/\/bcbnews.barcelonaturisme.com\/?p=5938\"]}]},{\"@type\":\"ImageObject\",\"inLanguage\":\"ca\",\"@id\":\"https:\/\/bcbnews.barcelonaturisme.com\/?p=5938#primaryimage\",\"url\":\"https:\/\/bcbnews.barcelonaturisme.com\/wp-content\/uploads\/2024\/10\/Congres-Europeu-Microscopia_exterior.jpg\",\"contentUrl\":\"https:\/\/bcbnews.barcelonaturisme.com\/wp-content\/uploads\/2024\/10\/Congres-Europeu-Microscopia_exterior.jpg\",\"width\":1920,\"height\":1080},{\"@type\":\"BreadcrumbList\",\"@id\":\"https:\/\/bcbnews.barcelonaturisme.com\/?p=5938#breadcrumb\",\"itemListElement\":[{\"@type\":\"ListItem\",\"position\":1,\"name\":\"Inici\",\"item\":\"https:\/\/bcbnews.barcelonaturisme.com\/\"},{\"@type\":\"ListItem\",\"position\":2,\"name\":\"Barcelona acollir\u00e0 el Congr\u00e9s Europeu de Microsc\u00f2pia 2028\"}]},{\"@type\":\"WebSite\",\"@id\":\"https:\/\/bcbnews.barcelonaturisme.com\/#website\",\"url\":\"https:\/\/bcbnews.barcelonaturisme.com\/\",\"name\":\"BCB News \/ Barcelona Convention Bureau\",\"description\":\"BCB Magazine\",\"publisher\":{\"@id\":\"https:\/\/bcbnews.barcelonaturisme.com\/#organization\"},\"potentialAction\":[{\"@type\":\"SearchAction\",\"target\":{\"@type\":\"EntryPoint\",\"urlTemplate\":\"https:\/\/bcbnews.barcelonaturisme.com\/?s={search_term_string}\"},\"query-input\":{\"@type\":\"PropertyValueSpecification\",\"valueRequired\":true,\"valueName\":\"search_term_string\"}}],\"inLanguage\":\"ca\"},{\"@type\":\"Organization\",\"@id\":\"https:\/\/bcbnews.barcelonaturisme.com\/#organization\",\"name\":\"BCB News \/ Barcelona Convention Bureau\",\"url\":\"https:\/\/bcbnews.barcelonaturisme.com\/\",\"logo\":{\"@type\":\"ImageObject\",\"inLanguage\":\"ca\",\"@id\":\"https:\/\/bcbnews.barcelonaturisme.com\/#\/schema\/logo\/image\/\",\"url\":\"https:\/\/bcbnews.barcelonaturisme.com\/wp-content\/uploads\/2021\/12\/BCB_logo.png\",\"contentUrl\":\"https:\/\/bcbnews.barcelonaturisme.com\/wp-content\/uploads\/2021\/12\/BCB_logo.png\",\"width\":543,\"height\":166,\"caption\":\"BCB News \/ Barcelona Convention Bureau\"},\"image\":{\"@id\":\"https:\/\/bcbnews.barcelonaturisme.com\/#\/schema\/logo\/image\/\"}},{\"@type\":\"Person\",\"@id\":\"https:\/\/bcbnews.barcelonaturisme.com\/#\/schema\/person\/3fc6b66859de7d1dd2e84afaba046551\",\"name\":\"mcolomer\",\"url\":\"https:\/\/bcbnews.barcelonaturisme.com\/?author=3\"}]}<\/script>\n<!-- \/ Yoast SEO plugin. -->","yoast_head_json":{"title":"Barcelona acollir\u00e0 el Congr\u00e9s Europeu de Microsc\u00f2pia 2028 - Barcelona Convention Bureau","robots":{"index":"index","follow":"follow","max-snippet":"max-snippet:-1","max-image-preview":"max-image-preview:large","max-video-preview":"max-video-preview:-1"},"canonical":"https:\/\/bcbnews.barcelonaturisme.com\/?p=5938","og_locale":"ca_ES","og_type":"article","og_title":"Barcelona acollir\u00e0 el Congr\u00e9s Europeu de Microsc\u00f2pia 2028 - Barcelona Convention Bureau","og_description":"Esdeveniment cient\u00edfic de primer nivell","og_url":"https:\/\/bcbnews.barcelonaturisme.com\/?p=5938","og_site_name":"Barcelona Convention Bureau","article_published_time":"2024-10-14T09:17:02+00:00","article_modified_time":"2024-10-14T09:20:54+00:00","og_image":[{"width":1920,"height":1080,"url":"https:\/\/bcbnews.barcelonaturisme.com\/wp-content\/uploads\/2024\/10\/Congres-Europeu-Microscopia_exterior.jpg","type":"image\/jpeg"}],"author":"mcolomer","twitter_card":"summary_large_image","twitter_misc":{"Escrit per":"mcolomer","Temps estimat de lectura":"2 minuts"},"schema":{"@context":"https:\/\/schema.org","@graph":[{"@type":"Article","@id":"https:\/\/bcbnews.barcelonaturisme.com\/?p=5938#article","isPartOf":{"@id":"https:\/\/bcbnews.barcelonaturisme.com\/?p=5938"},"author":{"name":"mcolomer","@id":"https:\/\/bcbnews.barcelonaturisme.com\/#\/schema\/person\/3fc6b66859de7d1dd2e84afaba046551"},"headline":"Barcelona acollir\u00e0 el Congr\u00e9s Europeu de Microsc\u00f2pia 2028","datePublished":"2024-10-14T09:17:02+00:00","dateModified":"2024-10-14T09:20:54+00:00","mainEntityOfPage":{"@id":"https:\/\/bcbnews.barcelonaturisme.com\/?p=5938"},"wordCount":281,"publisher":{"@id":"https:\/\/bcbnews.barcelonaturisme.com\/#organization"},"image":{"@id":"https:\/\/bcbnews.barcelonaturisme.com\/?p=5938#primaryimage"},"thumbnailUrl":"https:\/\/bcbnews.barcelonaturisme.com\/wp-content\/uploads\/2024\/10\/Congres-Europeu-Microscopia_exterior.jpg","articleSection":["Actualitat i Membres"],"inLanguage":"ca"},{"@type":"WebPage","@id":"https:\/\/bcbnews.barcelonaturisme.com\/?p=5938","url":"https:\/\/bcbnews.barcelonaturisme.com\/?p=5938","name":"Barcelona acollir\u00e0 el Congr\u00e9s Europeu de Microsc\u00f2pia 2028 - Barcelona Convention Bureau","isPartOf":{"@id":"https:\/\/bcbnews.barcelonaturisme.com\/#website"},"primaryImageOfPage":{"@id":"https:\/\/bcbnews.barcelonaturisme.com\/?p=5938#primaryimage"},"image":{"@id":"https:\/\/bcbnews.barcelonaturisme.com\/?p=5938#primaryimage"},"thumbnailUrl":"https:\/\/bcbnews.barcelonaturisme.com\/wp-content\/uploads\/2024\/10\/Congres-Europeu-Microscopia_exterior.jpg","datePublished":"2024-10-14T09:17:02+00:00","dateModified":"2024-10-14T09:20:54+00:00","breadcrumb":{"@id":"https:\/\/bcbnews.barcelonaturisme.com\/?p=5938#breadcrumb"},"inLanguage":"ca","potentialAction":[{"@type":"ReadAction","target":["https:\/\/bcbnews.barcelonaturisme.com\/?p=5938"]}]},{"@type":"ImageObject","inLanguage":"ca","@id":"https:\/\/bcbnews.barcelonaturisme.com\/?p=5938#primaryimage","url":"https:\/\/bcbnews.barcelonaturisme.com\/wp-content\/uploads\/2024\/10\/Congres-Europeu-Microscopia_exterior.jpg","contentUrl":"https:\/\/bcbnews.barcelonaturisme.com\/wp-content\/uploads\/2024\/10\/Congres-Europeu-Microscopia_exterior.jpg","width":1920,"height":1080},{"@type":"BreadcrumbList","@id":"https:\/\/bcbnews.barcelonaturisme.com\/?p=5938#breadcrumb","itemListElement":[{"@type":"ListItem","position":1,"name":"Inici","item":"https:\/\/bcbnews.barcelonaturisme.com\/"},{"@type":"ListItem","position":2,"name":"Barcelona acollir\u00e0 el Congr\u00e9s Europeu de Microsc\u00f2pia 2028"}]},{"@type":"WebSite","@id":"https:\/\/bcbnews.barcelonaturisme.com\/#website","url":"https:\/\/bcbnews.barcelonaturisme.com\/","name":"BCB News \/ Barcelona Convention Bureau","description":"BCB Magazine","publisher":{"@id":"https:\/\/bcbnews.barcelonaturisme.com\/#organization"},"potentialAction":[{"@type":"SearchAction","target":{"@type":"EntryPoint","urlTemplate":"https:\/\/bcbnews.barcelonaturisme.com\/?s={search_term_string}"},"query-input":{"@type":"PropertyValueSpecification","valueRequired":true,"valueName":"search_term_string"}}],"inLanguage":"ca"},{"@type":"Organization","@id":"https:\/\/bcbnews.barcelonaturisme.com\/#organization","name":"BCB News \/ Barcelona Convention Bureau","url":"https:\/\/bcbnews.barcelonaturisme.com\/","logo":{"@type":"ImageObject","inLanguage":"ca","@id":"https:\/\/bcbnews.barcelonaturisme.com\/#\/schema\/logo\/image\/","url":"https:\/\/bcbnews.barcelonaturisme.com\/wp-content\/uploads\/2021\/12\/BCB_logo.png","contentUrl":"https:\/\/bcbnews.barcelonaturisme.com\/wp-content\/uploads\/2021\/12\/BCB_logo.png","width":543,"height":166,"caption":"BCB News \/ Barcelona Convention Bureau"},"image":{"@id":"https:\/\/bcbnews.barcelonaturisme.com\/#\/schema\/logo\/image\/"}},{"@type":"Person","@id":"https:\/\/bcbnews.barcelonaturisme.com\/#\/schema\/person\/3fc6b66859de7d1dd2e84afaba046551","name":"mcolomer","url":"https:\/\/bcbnews.barcelonaturisme.com\/?author=3"}]}},"_links":{"self":[{"href":"https:\/\/bcbnews.barcelonaturisme.com\/index.php?rest_route=\/wp\/v2\/posts\/5938"}],"collection":[{"href":"https:\/\/bcbnews.barcelonaturisme.com\/index.php?rest_route=\/wp\/v2\/posts"}],"about":[{"href":"https:\/\/bcbnews.barcelonaturisme.com\/index.php?rest_route=\/wp\/v2\/types\/post"}],"author":[{"embeddable":true,"href":"https:\/\/bcbnews.barcelonaturisme.com\/index.php?rest_route=\/wp\/v2\/users\/3"}],"replies":[{"embeddable":true,"href":"https:\/\/bcbnews.barcelonaturisme.com\/index.php?rest_route=%2Fwp%2Fv2%2Fcomments&post=5938"}],"version-history":[{"count":2,"href":"https:\/\/bcbnews.barcelonaturisme.com\/index.php?rest_route=\/wp\/v2\/posts\/5938\/revisions"}],"predecessor-version":[{"id":5945,"href":"https:\/\/bcbnews.barcelonaturisme.com\/index.php?rest_route=\/wp\/v2\/posts\/5938\/revisions\/5945"}],"wp:featuredmedia":[{"embeddable":true,"href":"https:\/\/bcbnews.barcelonaturisme.com\/index.php?rest_route=\/wp\/v2\/media\/5939"}],"wp:attachment":[{"href":"https:\/\/bcbnews.barcelonaturisme.com\/index.php?rest_route=%2Fwp%2Fv2%2Fmedia&parent=5938"}],"wp:term":[{"taxonomy":"category","embeddable":true,"href":"https:\/\/bcbnews.barcelonaturisme.com\/index.php?rest_route=%2Fwp%2Fv2%2Fcategories&post=5938"},{"taxonomy":"post_tag","embeddable":true,"href":"https:\/\/bcbnews.barcelonaturisme.com\/index.php?rest_route=%2Fwp%2Fv2%2Ftags&post=5938"},{"taxonomy":"capcalera","embeddable":true,"href":"https:\/\/bcbnews.barcelonaturisme.com\/index.php?rest_route=%2Fwp%2Fv2%2Fcapcalera&post=5938"}],"curies":[{"name":"wp","href":"https:\/\/api.w.org\/{rel}","templated":true}]}}