{"id":6655,"date":"2025-06-02T14:04:03","date_gmt":"2025-06-02T12:04:03","guid":{"rendered":"https:\/\/bcbnews.barcelonaturisme.com\/?p=6655"},"modified":"2025-06-02T14:07:53","modified_gmt":"2025-06-02T12:07:53","slug":"connexions-europees","status":"publish","type":"post","link":"https:\/\/bcbnews.barcelonaturisme.com\/?p=6655&lang=es","title":{"rendered":"Conexiones europeas"},"content":{"rendered":"\n<p class=\"has-medium-font-size\">Acciones en el mercado europeo<\/p>\n\n\n\n<p><\/p>\n\n\n\n<p class=\"has-medium-font-size\"><strong>Break the Ice Forum<\/strong><br>27-29 marzo, Sitges<\/p>\n\n\n\n<figure class=\"wp-block-gallery has-nested-images columns-default is-cropped wp-block-gallery-1 is-layout-flex wp-block-gallery-is-layout-flex\">\n<figure class=\"wp-block-image size-large\"><img fetchpriority=\"high\" decoding=\"async\" width=\"575\" height=\"337\" data-id=\"6650\" src=\"https:\/\/bcbnews.barcelonaturisme.com\/wp-content\/uploads\/2025\/06\/Break-the-ice-forum_1-1.jpg\" alt=\"\" class=\"wp-image-6650\" srcset=\"https:\/\/bcbnews.barcelonaturisme.com\/wp-content\/uploads\/2025\/06\/Break-the-ice-forum_1-1.jpg 575w, https:\/\/bcbnews.barcelonaturisme.com\/wp-content\/uploads\/2025\/06\/Break-the-ice-forum_1-1-300x176.jpg 300w\" sizes=\"(max-width: 575px) 100vw, 575px\" \/><\/figure>\n\n\n\n<figure class=\"wp-block-image size-large\"><img decoding=\"async\" width=\"575\" height=\"337\" data-id=\"6652\" src=\"https:\/\/bcbnews.barcelonaturisme.com\/wp-content\/uploads\/2025\/06\/Break-the-ice-forum_2-1.jpg\" alt=\"\" class=\"wp-image-6652\" srcset=\"https:\/\/bcbnews.barcelonaturisme.com\/wp-content\/uploads\/2025\/06\/Break-the-ice-forum_2-1.jpg 575w, https:\/\/bcbnews.barcelonaturisme.com\/wp-content\/uploads\/2025\/06\/Break-the-ice-forum_2-1-300x176.jpg 300w\" sizes=\"(max-width: 575px) 100vw, 575px\" \/><\/figure>\n<\/figure>\n\n\n\n<p>El Barcelona Convention Bureau ha participado en el <strong>Break the Ice Forum<\/strong>, una acci\u00f3n organizada en colaboraci\u00f3n con el <strong>Sitges Convention Bureau<\/strong> y con el apoyo del <strong>Catalunya Convention Bureau<\/strong>. El evento ha representado una excelente plataforma para establecer conexiones con agencias de viajes de negocios y eventos procedentes de mercados estrat\u00e9gicos como el Reino Unido, pa\u00edses n\u00f3rdicos, Pa\u00edses Bajos, Francia y Alemania.<\/p>\n\n\n\n<p>El perfil profesional de los participantes ha sido altamente cualificado y alineado con los objetivos del BCB, lo que ha contribuido a mantener reuniones relevantes y productivas. Gran parte de los contactos generados han sido nuevos, lo que ha permitido establecer conexiones de gran inter\u00e9s con profesionales del sector y potenciales clientes para la generaci\u00f3n de futuros eventos en el Destino Barcelona.<\/p>\n\n\n\n<p>La clausura del evento tuvo lugar en <strong>Finca Mas Solers<\/strong>, un entorno emblem\u00e1tico que favoreci\u00f3 el networking en un ambiente elegante y acogedor. Esta acci\u00f3n contribuye a reforzar el posicionamiento del destino como referente en el \u00e1mbito MICE y abre nuevas oportunidades de colaboraci\u00f3n con agentes clave del mercado internacional.<\/p>\n\n\n\n<p><strong>M\u00e1s informaci\u00f3n: <\/strong>Mireia Tubau &#8211; <a href=\"mailto:mtubau@barcelonaturisme.com\">mtubau@barcelonaturisme.com<\/a><\/p>\n\n\n\n<p><\/p>\n\n\n\n<p class=\"has-medium-font-size\"><strong>All About People<\/strong><br>25-27 abril, S\u2019Agar\u00f3<\/p>\n\n\n\n<figure class=\"wp-block-gallery has-nested-images columns-default is-cropped wp-block-gallery-2 is-layout-flex wp-block-gallery-is-layout-flex\">\n<figure class=\"wp-block-image size-large\"><img decoding=\"async\" width=\"575\" height=\"337\" data-id=\"6634\" src=\"https:\/\/bcbnews.barcelonaturisme.com\/wp-content\/uploads\/2025\/06\/All-about-people_1.jpg\" alt=\"\" class=\"wp-image-6634\" srcset=\"https:\/\/bcbnews.barcelonaturisme.com\/wp-content\/uploads\/2025\/06\/All-about-people_1.jpg 575w, https:\/\/bcbnews.barcelonaturisme.com\/wp-content\/uploads\/2025\/06\/All-about-people_1-300x176.jpg 300w\" sizes=\"(max-width: 575px) 100vw, 575px\" \/><\/figure>\n\n\n\n<figure class=\"wp-block-image size-large\"><img loading=\"lazy\" decoding=\"async\" width=\"575\" height=\"337\" data-id=\"6636\" src=\"https:\/\/bcbnews.barcelonaturisme.com\/wp-content\/uploads\/2025\/06\/All-about-people_2.jpg\" alt=\"\" class=\"wp-image-6636\" srcset=\"https:\/\/bcbnews.barcelonaturisme.com\/wp-content\/uploads\/2025\/06\/All-about-people_2.jpg 575w, https:\/\/bcbnews.barcelonaturisme.com\/wp-content\/uploads\/2025\/06\/All-about-people_2-300x176.jpg 300w\" sizes=\"(max-width: 575px) 100vw, 575px\" \/><\/figure>\n<\/figure>\n\n\n\n<p>El evento, celebrado en el <strong>Hostal La Gavina de S\u2019Agar\u00f3<\/strong> en colaboraci\u00f3n con el <strong>Costa Brava Girona Convention Bureau<\/strong> y el <strong>Catalunya Convention Bureau<\/strong>, ha sido un <em>workshop<\/em> muy provechoso, centrado en la creaci\u00f3n y consolidaci\u00f3n de relaciones profesionales en el sector MICE.<\/p>\n\n\n\n<p>El encuentro cont\u00f3 con una treintena de <em>buyers<\/em> del Reino Unido, seleccionados cuidadosamente por su inter\u00e9s real en el destino. El formato reducido del evento facilit\u00f3 un ambiente cercano, que favoreci\u00f3 el di\u00e1logo directo y un intercambio de calidad.<\/p>\n\n\n\n<p>M\u00e1s all\u00e1 de las sesiones de trabajo, se organizaron diversas actividades de <em>networking<\/em> que contribuyeron a fortalecer v\u00ednculos y generar nuevas oportunidades de colaboraci\u00f3n.<\/p>\n\n\n\n<p>El Destino Barcelona estuvo ampliamente representado, no solo por el <strong>Barcelona Convention Bureau<\/strong>, sino tambi\u00e9n por varios hoteles de la ciudad, lo que contribuy\u00f3 significativamente a reforzar la visibilidad y el posicionamiento de Barcelona como un destino clave dentro del sector.<\/p>\n\n\n\n<p>La combinaci\u00f3n del entorno, el perfil profesional de los participantes y una organizaci\u00f3n cuidada facilit\u00f3 tanto la fidelizaci\u00f3n de contactos existentes como el establecimiento de nuevas conexiones con gran potencial.<\/p>\n\n\n\n<p><strong>M\u00e1s informaci\u00f3n: <\/strong>Mireia Tubau &#8211; <a href=\"mailto:mtubau@barcelonaturisme.com\">mtubau@barcelonaturisme.com<\/a><\/p>\n\n\n\n<p><\/p>\n\n\n\n<p class=\"has-medium-font-size\"><strong>Jornada directa en Munich (Spain Convention Bureau)<\/strong><br>29 de abril, Munich<\/p>\n\n\n\n<figure class=\"wp-block-gallery has-nested-images columns-default is-cropped wp-block-gallery-3 is-layout-flex wp-block-gallery-is-layout-flex\">\n<figure class=\"wp-block-image size-large\"><img loading=\"lazy\" decoding=\"async\" width=\"575\" height=\"337\" data-id=\"6642\" src=\"https:\/\/bcbnews.barcelonaturisme.com\/wp-content\/uploads\/2025\/06\/Munich_2-1.jpg\" alt=\"\" class=\"wp-image-6642\" srcset=\"https:\/\/bcbnews.barcelonaturisme.com\/wp-content\/uploads\/2025\/06\/Munich_2-1.jpg 575w, https:\/\/bcbnews.barcelonaturisme.com\/wp-content\/uploads\/2025\/06\/Munich_2-1-300x176.jpg 300w\" sizes=\"(max-width: 575px) 100vw, 575px\" \/><\/figure>\n\n\n\n<figure class=\"wp-block-image size-large\"><img loading=\"lazy\" decoding=\"async\" width=\"575\" height=\"337\" data-id=\"6644\" src=\"https:\/\/bcbnews.barcelonaturisme.com\/wp-content\/uploads\/2025\/06\/Munich_3.jpg\" alt=\"\" class=\"wp-image-6644\" srcset=\"https:\/\/bcbnews.barcelonaturisme.com\/wp-content\/uploads\/2025\/06\/Munich_3.jpg 575w, https:\/\/bcbnews.barcelonaturisme.com\/wp-content\/uploads\/2025\/06\/Munich_3-300x176.jpg 300w\" sizes=\"(max-width: 575px) 100vw, 575px\" \/><\/figure>\n<\/figure>\n\n\n\n<p>El BCB participa en la Jornada Directa del Spain Convention Bureau en colaboraci\u00f3n con la Oficina Espa\u00f1ola de Turismo en Frankfurt, el pasado 29 de abril en M\u00fanich.<br>Una jornada profesional con el objetivo de dar a conocer la oferta MICE de diversos destinos espa\u00f1oles, como Lloret de Mar, Sitges, Bilbao, Ibiza, Madrid, Salamanca, M\u00e1laga, Sevilla y Valencia.<\/p>\n\n\n\n<p>Durante esta jornada, tuvimos la oportunidad de reunirnos con alrededor de 20 agencias especializadas y representantes de empresas del mercado alem\u00e1n, interesados en conocer la oferta de Barcelona para la organizaci\u00f3n de reuniones, incentivos y diversos eventos.<\/p>\n\n\n\n<p>La jornada incluy\u00f3 una visita guiada conjunta al centro de arte contempor\u00e1neo Kuntslabor2 y una presentaci\u00f3n de los destinos participantes, acompa\u00f1ada de una experiencia enogastron\u00f3mica. Posteriormente, se celebr\u00f3 un workshop especializado con reuniones entre destinos y agencias del mercado alem\u00e1n, seguido de un c\u00f3ctel de networking para reforzar la interacci\u00f3n y el v\u00ednculo comercial entre los asistentes.<\/p>\n\n\n\n<p><strong>M\u00e1s informaci\u00f3n: <\/strong>Marta Aldana \u2013 <a href=\"mailto:maldana@barcelonaturisme.com\">maldana@barcelonaturisme.com<\/a><\/p>\n\n\n\n<p><\/p>\n\n\n\n<p class=\"has-medium-font-size\"><strong>Fam Trip con agencias del mercado franc\u00e9s<\/strong><br>15-18 mayo, Barcelona<\/p>\n\n\n\n<figure class=\"wp-block-gallery has-nested-images columns-default is-cropped wp-block-gallery-4 is-layout-flex wp-block-gallery-is-layout-flex\">\n<figure class=\"wp-block-image size-large\"><img loading=\"lazy\" decoding=\"async\" width=\"575\" height=\"337\" data-id=\"6648\" src=\"https:\/\/bcbnews.barcelonaturisme.com\/wp-content\/uploads\/2025\/06\/FT-Franca_2.jpg\" alt=\"\" class=\"wp-image-6648\" srcset=\"https:\/\/bcbnews.barcelonaturisme.com\/wp-content\/uploads\/2025\/06\/FT-Franca_2.jpg 575w, https:\/\/bcbnews.barcelonaturisme.com\/wp-content\/uploads\/2025\/06\/FT-Franca_2-300x176.jpg 300w\" sizes=\"(max-width: 575px) 100vw, 575px\" \/><\/figure>\n\n\n\n<figure class=\"wp-block-image size-large\"><img loading=\"lazy\" decoding=\"async\" width=\"575\" height=\"337\" data-id=\"6646\" src=\"https:\/\/bcbnews.barcelonaturisme.com\/wp-content\/uploads\/2025\/06\/FT-Franca_1.jpg\" alt=\"\" class=\"wp-image-6646\" srcset=\"https:\/\/bcbnews.barcelonaturisme.com\/wp-content\/uploads\/2025\/06\/FT-Franca_1.jpg 575w, https:\/\/bcbnews.barcelonaturisme.com\/wp-content\/uploads\/2025\/06\/FT-Franca_1-300x176.jpg 300w\" sizes=\"(max-width: 575px) 100vw, 575px\" \/><\/figure>\n<\/figure>\n\n\n\n<p>Con el objetivo de reforzar el posicionamiento de Barcelona como destino de referencia para la organizaci\u00f3n de eventos y reuniones, el BCB, en colaboraci\u00f3n con RENFE, organiz\u00f3 el pasado mes de mayo un Fam Trip con agencias francesas especializadas en el sector MICE.<\/p>\n\n\n\n<p>Los participantes, procedentes principalmente de <strong>Lyon, Perpi\u00f1\u00e1n y Marsella,<\/strong> viajaron en tren hasta Barcelona, disfrutando as\u00ed de una experiencia c\u00f3moda y sostenible.<\/p>\n\n\n\n<p>El principal objetivo de este viaje de familiarizaci\u00f3n fue dar a conocer las novedades m\u00e1s destacadas que ofrece el destino para la organizaci\u00f3n de eventos, reuniones y viajes de incentivos. El programa incluy\u00f3 visitas a diversos hoteles como el <strong>Radisson Blu 1882 Barcelona Sagrada Fam\u00edlia, Moxy Barcelona, Nobu Barcelona, Hotel Espa\u00f1a <\/strong>y el reci\u00e9n inaugurado <strong>SLS Barcelona<\/strong>.<\/p>\n\n\n\n<p>Los agentes tambi\u00e9n pudieron descubrir espacios singulares como el <strong>Mirador Torre Gl\u00f2ries, el MOCO Museum y el Recinto Modernista de Sant Pau<\/strong>, todos ellos equipados con infraestructuras de \u00faltima generaci\u00f3n para acoger reuniones y eventos profesionales.<\/p>\n\n\n\n<p>Adem\u00e1s, el programa se complet\u00f3 con distintas actividades dise\u00f1adas para mostrar la versatilidad y riqueza cultural del destino: la visita al renovado<strong> Puerto Ol\u00edmpico y Balc\u00f3n Gastron\u00f3mico<\/strong>, una experiencia de regata n\u00e1utica, una visita guiada por el distrito 22@ y un concierto exclusivo de jazz en <strong>El Molino<\/strong>.<\/p>\n\n\n\n<p>Este tipo de acciones son fundamentales para seguir posicionando a Barcelona como un destino competitivo y atractivo en los mercados internacionales.<\/p>\n\n\n\n<p><strong>M\u00e1s informaci\u00f3n: <\/strong>Marta Aldana \u2013 <a href=\"mailto:maldana@barcelonaturisme.com\">maldana@barcelonaturisme.com<\/a><\/p>\n","protected":false},"excerpt":{"rendered":"<p>Acciones en el mercado europeo<\/p>\n","protected":false},"author":3,"featured_media":6629,"comment_status":"closed","ping_status":"closed","sticky":false,"template":"","format":"standard","meta":{"footnotes":""},"categories":[24],"tags":[],"capcalera":[],"class_list":["post-6655","post","type-post","status-publish","format-standard","has-post-thumbnail","hentry","category-acciones-promocionales"],"acf":[],"yoast_head":"<!-- This site is optimized with the Yoast SEO plugin v25.3 - https:\/\/yoast.com\/wordpress\/plugins\/seo\/ -->\n<title>Conexiones europeas - Barcelona Convention Bureau<\/title>\n<meta name=\"robots\" content=\"index, follow, max-snippet:-1, max-image-preview:large, max-video-preview:-1\" \/>\n<link rel=\"canonical\" href=\"https:\/\/bcbnews.barcelonaturisme.com\/?p=6655&lang=es\" \/>\n<meta property=\"og:locale\" content=\"ca_ES\" \/>\n<meta property=\"og:type\" content=\"article\" \/>\n<meta property=\"og:title\" content=\"Conexiones europeas - Barcelona Convention Bureau\" \/>\n<meta property=\"og:description\" content=\"Acciones en el mercado europeo\" \/>\n<meta property=\"og:url\" content=\"https:\/\/bcbnews.barcelonaturisme.com\/?p=6655&amp;lang=es\" \/>\n<meta property=\"og:site_name\" content=\"Barcelona Convention Bureau\" \/>\n<meta property=\"article:published_time\" content=\"2025-06-02T12:04:03+00:00\" \/>\n<meta property=\"article:modified_time\" content=\"2025-06-02T12:07:53+00:00\" \/>\n<meta property=\"og:image\" content=\"https:\/\/bcbnews.barcelonaturisme.com\/wp-content\/uploads\/2025\/06\/Connexio-Europa_0.jpg\" \/>\n\t<meta property=\"og:image:width\" content=\"1920\" \/>\n\t<meta property=\"og:image:height\" content=\"1080\" \/>\n\t<meta property=\"og:image:type\" content=\"image\/jpeg\" \/>\n<meta name=\"author\" content=\"mcolomer\" \/>\n<meta name=\"twitter:card\" content=\"summary_large_image\" \/>\n<meta name=\"twitter:label1\" content=\"Escrit per\" \/>\n\t<meta name=\"twitter:data1\" content=\"mcolomer\" \/>\n\t<meta name=\"twitter:label2\" content=\"Temps estimat de lectura\" \/>\n\t<meta name=\"twitter:data2\" content=\"7 minuts\" \/>\n<script type=\"application\/ld+json\" class=\"yoast-schema-graph\">{\"@context\":\"https:\/\/schema.org\",\"@graph\":[{\"@type\":\"Article\",\"@id\":\"https:\/\/bcbnews.barcelonaturisme.com\/?p=6655&lang=es#article\",\"isPartOf\":{\"@id\":\"https:\/\/bcbnews.barcelonaturisme.com\/?p=6655&lang=es\"},\"author\":{\"name\":\"mcolomer\",\"@id\":\"https:\/\/bcbnews.barcelonaturisme.com\/#\/schema\/person\/3fc6b66859de7d1dd2e84afaba046551\"},\"headline\":\"Conexiones europeas\",\"datePublished\":\"2025-06-02T12:04:03+00:00\",\"dateModified\":\"2025-06-02T12:07:53+00:00\",\"mainEntityOfPage\":{\"@id\":\"https:\/\/bcbnews.barcelonaturisme.com\/?p=6655&lang=es\"},\"wordCount\":865,\"publisher\":{\"@id\":\"https:\/\/bcbnews.barcelonaturisme.com\/#organization\"},\"image\":{\"@id\":\"https:\/\/bcbnews.barcelonaturisme.com\/?p=6655&lang=es#primaryimage\"},\"thumbnailUrl\":\"https:\/\/bcbnews.barcelonaturisme.com\/wp-content\/uploads\/2025\/06\/Connexio-Europa_0.jpg\",\"articleSection\":[\"Acciones Promocionales\"],\"inLanguage\":\"ca\"},{\"@type\":\"WebPage\",\"@id\":\"https:\/\/bcbnews.barcelonaturisme.com\/?p=6655&lang=es\",\"url\":\"https:\/\/bcbnews.barcelonaturisme.com\/?p=6655&lang=es\",\"name\":\"Conexiones europeas - Barcelona Convention Bureau\",\"isPartOf\":{\"@id\":\"https:\/\/bcbnews.barcelonaturisme.com\/#website\"},\"primaryImageOfPage\":{\"@id\":\"https:\/\/bcbnews.barcelonaturisme.com\/?p=6655&lang=es#primaryimage\"},\"image\":{\"@id\":\"https:\/\/bcbnews.barcelonaturisme.com\/?p=6655&lang=es#primaryimage\"},\"thumbnailUrl\":\"https:\/\/bcbnews.barcelonaturisme.com\/wp-content\/uploads\/2025\/06\/Connexio-Europa_0.jpg\",\"datePublished\":\"2025-06-02T12:04:03+00:00\",\"dateModified\":\"2025-06-02T12:07:53+00:00\",\"breadcrumb\":{\"@id\":\"https:\/\/bcbnews.barcelonaturisme.com\/?p=6655&lang=es#breadcrumb\"},\"inLanguage\":\"ca\",\"potentialAction\":[{\"@type\":\"ReadAction\",\"target\":[\"https:\/\/bcbnews.barcelonaturisme.com\/?p=6655&lang=es\"]}]},{\"@type\":\"ImageObject\",\"inLanguage\":\"ca\",\"@id\":\"https:\/\/bcbnews.barcelonaturisme.com\/?p=6655&lang=es#primaryimage\",\"url\":\"https:\/\/bcbnews.barcelonaturisme.com\/wp-content\/uploads\/2025\/06\/Connexio-Europa_0.jpg\",\"contentUrl\":\"https:\/\/bcbnews.barcelonaturisme.com\/wp-content\/uploads\/2025\/06\/Connexio-Europa_0.jpg\",\"width\":1920,\"height\":1080},{\"@type\":\"BreadcrumbList\",\"@id\":\"https:\/\/bcbnews.barcelonaturisme.com\/?p=6655&lang=es#breadcrumb\",\"itemListElement\":[{\"@type\":\"ListItem\",\"position\":1,\"name\":\"Inici\",\"item\":\"https:\/\/bcbnews.barcelonaturisme.com\/\"},{\"@type\":\"ListItem\",\"position\":2,\"name\":\"Conexiones europeas\"}]},{\"@type\":\"WebSite\",\"@id\":\"https:\/\/bcbnews.barcelonaturisme.com\/#website\",\"url\":\"https:\/\/bcbnews.barcelonaturisme.com\/\",\"name\":\"BCB News \/ Barcelona Convention Bureau\",\"description\":\"BCB Magazine\",\"publisher\":{\"@id\":\"https:\/\/bcbnews.barcelonaturisme.com\/#organization\"},\"potentialAction\":[{\"@type\":\"SearchAction\",\"target\":{\"@type\":\"EntryPoint\",\"urlTemplate\":\"https:\/\/bcbnews.barcelonaturisme.com\/?s={search_term_string}\"},\"query-input\":{\"@type\":\"PropertyValueSpecification\",\"valueRequired\":true,\"valueName\":\"search_term_string\"}}],\"inLanguage\":\"ca\"},{\"@type\":\"Organization\",\"@id\":\"https:\/\/bcbnews.barcelonaturisme.com\/#organization\",\"name\":\"BCB News \/ Barcelona Convention Bureau\",\"url\":\"https:\/\/bcbnews.barcelonaturisme.com\/\",\"logo\":{\"@type\":\"ImageObject\",\"inLanguage\":\"ca\",\"@id\":\"https:\/\/bcbnews.barcelonaturisme.com\/#\/schema\/logo\/image\/\",\"url\":\"https:\/\/bcbnews.barcelonaturisme.com\/wp-content\/uploads\/2021\/12\/BCB_logo.png\",\"contentUrl\":\"https:\/\/bcbnews.barcelonaturisme.com\/wp-content\/uploads\/2021\/12\/BCB_logo.png\",\"width\":543,\"height\":166,\"caption\":\"BCB News \/ Barcelona Convention Bureau\"},\"image\":{\"@id\":\"https:\/\/bcbnews.barcelonaturisme.com\/#\/schema\/logo\/image\/\"}},{\"@type\":\"Person\",\"@id\":\"https:\/\/bcbnews.barcelonaturisme.com\/#\/schema\/person\/3fc6b66859de7d1dd2e84afaba046551\",\"name\":\"mcolomer\",\"url\":\"https:\/\/bcbnews.barcelonaturisme.com\/?author=3\"}]}<\/script>\n<!-- \/ Yoast SEO plugin. -->","yoast_head_json":{"title":"Conexiones europeas - Barcelona Convention Bureau","robots":{"index":"index","follow":"follow","max-snippet":"max-snippet:-1","max-image-preview":"max-image-preview:large","max-video-preview":"max-video-preview:-1"},"canonical":"https:\/\/bcbnews.barcelonaturisme.com\/?p=6655&lang=es","og_locale":"ca_ES","og_type":"article","og_title":"Conexiones europeas - Barcelona Convention Bureau","og_description":"Acciones en el mercado europeo","og_url":"https:\/\/bcbnews.barcelonaturisme.com\/?p=6655&lang=es","og_site_name":"Barcelona Convention Bureau","article_published_time":"2025-06-02T12:04:03+00:00","article_modified_time":"2025-06-02T12:07:53+00:00","og_image":[{"width":1920,"height":1080,"url":"https:\/\/bcbnews.barcelonaturisme.com\/wp-content\/uploads\/2025\/06\/Connexio-Europa_0.jpg","type":"image\/jpeg"}],"author":"mcolomer","twitter_card":"summary_large_image","twitter_misc":{"Escrit per":"mcolomer","Temps estimat de lectura":"7 minuts"},"schema":{"@context":"https:\/\/schema.org","@graph":[{"@type":"Article","@id":"https:\/\/bcbnews.barcelonaturisme.com\/?p=6655&lang=es#article","isPartOf":{"@id":"https:\/\/bcbnews.barcelonaturisme.com\/?p=6655&lang=es"},"author":{"name":"mcolomer","@id":"https:\/\/bcbnews.barcelonaturisme.com\/#\/schema\/person\/3fc6b66859de7d1dd2e84afaba046551"},"headline":"Conexiones europeas","datePublished":"2025-06-02T12:04:03+00:00","dateModified":"2025-06-02T12:07:53+00:00","mainEntityOfPage":{"@id":"https:\/\/bcbnews.barcelonaturisme.com\/?p=6655&lang=es"},"wordCount":865,"publisher":{"@id":"https:\/\/bcbnews.barcelonaturisme.com\/#organization"},"image":{"@id":"https:\/\/bcbnews.barcelonaturisme.com\/?p=6655&lang=es#primaryimage"},"thumbnailUrl":"https:\/\/bcbnews.barcelonaturisme.com\/wp-content\/uploads\/2025\/06\/Connexio-Europa_0.jpg","articleSection":["Acciones Promocionales"],"inLanguage":"ca"},{"@type":"WebPage","@id":"https:\/\/bcbnews.barcelonaturisme.com\/?p=6655&lang=es","url":"https:\/\/bcbnews.barcelonaturisme.com\/?p=6655&lang=es","name":"Conexiones europeas - Barcelona Convention Bureau","isPartOf":{"@id":"https:\/\/bcbnews.barcelonaturisme.com\/#website"},"primaryImageOfPage":{"@id":"https:\/\/bcbnews.barcelonaturisme.com\/?p=6655&lang=es#primaryimage"},"image":{"@id":"https:\/\/bcbnews.barcelonaturisme.com\/?p=6655&lang=es#primaryimage"},"thumbnailUrl":"https:\/\/bcbnews.barcelonaturisme.com\/wp-content\/uploads\/2025\/06\/Connexio-Europa_0.jpg","datePublished":"2025-06-02T12:04:03+00:00","dateModified":"2025-06-02T12:07:53+00:00","breadcrumb":{"@id":"https:\/\/bcbnews.barcelonaturisme.com\/?p=6655&lang=es#breadcrumb"},"inLanguage":"ca","potentialAction":[{"@type":"ReadAction","target":["https:\/\/bcbnews.barcelonaturisme.com\/?p=6655&lang=es"]}]},{"@type":"ImageObject","inLanguage":"ca","@id":"https:\/\/bcbnews.barcelonaturisme.com\/?p=6655&lang=es#primaryimage","url":"https:\/\/bcbnews.barcelonaturisme.com\/wp-content\/uploads\/2025\/06\/Connexio-Europa_0.jpg","contentUrl":"https:\/\/bcbnews.barcelonaturisme.com\/wp-content\/uploads\/2025\/06\/Connexio-Europa_0.jpg","width":1920,"height":1080},{"@type":"BreadcrumbList","@id":"https:\/\/bcbnews.barcelonaturisme.com\/?p=6655&lang=es#breadcrumb","itemListElement":[{"@type":"ListItem","position":1,"name":"Inici","item":"https:\/\/bcbnews.barcelonaturisme.com\/"},{"@type":"ListItem","position":2,"name":"Conexiones europeas"}]},{"@type":"WebSite","@id":"https:\/\/bcbnews.barcelonaturisme.com\/#website","url":"https:\/\/bcbnews.barcelonaturisme.com\/","name":"BCB News \/ Barcelona Convention Bureau","description":"BCB Magazine","publisher":{"@id":"https:\/\/bcbnews.barcelonaturisme.com\/#organization"},"potentialAction":[{"@type":"SearchAction","target":{"@type":"EntryPoint","urlTemplate":"https:\/\/bcbnews.barcelonaturisme.com\/?s={search_term_string}"},"query-input":{"@type":"PropertyValueSpecification","valueRequired":true,"valueName":"search_term_string"}}],"inLanguage":"ca"},{"@type":"Organization","@id":"https:\/\/bcbnews.barcelonaturisme.com\/#organization","name":"BCB News \/ Barcelona Convention Bureau","url":"https:\/\/bcbnews.barcelonaturisme.com\/","logo":{"@type":"ImageObject","inLanguage":"ca","@id":"https:\/\/bcbnews.barcelonaturisme.com\/#\/schema\/logo\/image\/","url":"https:\/\/bcbnews.barcelonaturisme.com\/wp-content\/uploads\/2021\/12\/BCB_logo.png","contentUrl":"https:\/\/bcbnews.barcelonaturisme.com\/wp-content\/uploads\/2021\/12\/BCB_logo.png","width":543,"height":166,"caption":"BCB News \/ Barcelona Convention Bureau"},"image":{"@id":"https:\/\/bcbnews.barcelonaturisme.com\/#\/schema\/logo\/image\/"}},{"@type":"Person","@id":"https:\/\/bcbnews.barcelonaturisme.com\/#\/schema\/person\/3fc6b66859de7d1dd2e84afaba046551","name":"mcolomer","url":"https:\/\/bcbnews.barcelonaturisme.com\/?author=3"}]}},"_links":{"self":[{"href":"https:\/\/bcbnews.barcelonaturisme.com\/index.php?rest_route=\/wp\/v2\/posts\/6655"}],"collection":[{"href":"https:\/\/bcbnews.barcelonaturisme.com\/index.php?rest_route=\/wp\/v2\/posts"}],"about":[{"href":"https:\/\/bcbnews.barcelonaturisme.com\/index.php?rest_route=\/wp\/v2\/types\/post"}],"author":[{"embeddable":true,"href":"https:\/\/bcbnews.barcelonaturisme.com\/index.php?rest_route=\/wp\/v2\/users\/3"}],"replies":[{"embeddable":true,"href":"https:\/\/bcbnews.barcelonaturisme.com\/index.php?rest_route=%2Fwp%2Fv2%2Fcomments&post=6655"}],"version-history":[{"count":1,"href":"https:\/\/bcbnews.barcelonaturisme.com\/index.php?rest_route=\/wp\/v2\/posts\/6655\/revisions"}],"predecessor-version":[{"id":6657,"href":"https:\/\/bcbnews.barcelonaturisme.com\/index.php?rest_route=\/wp\/v2\/posts\/6655\/revisions\/6657"}],"wp:featuredmedia":[{"embeddable":true,"href":"https:\/\/bcbnews.barcelonaturisme.com\/index.php?rest_route=\/wp\/v2\/media\/6629"}],"wp:attachment":[{"href":"https:\/\/bcbnews.barcelonaturisme.com\/index.php?rest_route=%2Fwp%2Fv2%2Fmedia&parent=6655"}],"wp:term":[{"taxonomy":"category","embeddable":true,"href":"https:\/\/bcbnews.barcelonaturisme.com\/index.php?rest_route=%2Fwp%2Fv2%2Fcategories&post=6655"},{"taxonomy":"post_tag","embeddable":true,"href":"https:\/\/bcbnews.barcelonaturisme.com\/index.php?rest_route=%2Fwp%2Fv2%2Ftags&post=6655"},{"taxonomy":"capcalera","embeddable":true,"href":"https:\/\/bcbnews.barcelonaturisme.com\/index.php?rest_route=%2Fwp%2Fv2%2Fcapcalera&post=6655"}],"curies":[{"name":"wp","href":"https:\/\/api.w.org\/{rel}","templated":true}]}}