{"id":6792,"date":"2025-10-01T08:42:00","date_gmt":"2025-10-01T06:42:00","guid":{"rendered":"https:\/\/bcbnews.barcelonaturisme.com\/?p=6792"},"modified":"2025-10-01T16:16:32","modified_gmt":"2025-10-01T14:16:32","slug":"barcelona-acollira-lmpi-emec-2026","status":"publish","type":"post","link":"https:\/\/bcbnews.barcelonaturisme.com\/?p=6792","title":{"rendered":"Barcelona acollir\u00e0 l&#8217;MPI EMEC 2026"},"content":{"rendered":"\n<p class=\"has-medium-font-size\"><strong>La confer\u00e8ncia europea d&#8217;una de les associacions globals m\u00e9s grans de la ind\u00fastria<\/strong>\u00a0<\/p>\n\n\n\n<p>Una excel\u00b7lent not\u00edcia per al sector!<strong> <\/strong>Barcelona ha estat escollida per acollir la <strong>European Meetings &amp; Events Conference (EMEC) de MPI<\/strong> del <strong>21 al 24 de febrer de 2026<\/strong>. L&#8217;esdeveniment tindr\u00e0 lloc al nou <strong>SLS Barcelona<\/strong>.<\/p>\n\n\n\n<p>MPI, o Meeting Professionals International, \u00e9s l&#8217;associaci\u00f3 MICE m\u00e9s gran del m\u00f3n, amb una comunitat global de <strong>60.000 professionals<\/strong>. Acollir la seva confer\u00e8ncia europea no nom\u00e9s refor\u00e7a la posici\u00f3 de la capital catalana com a destinaci\u00f3 l\u00edder, sin\u00f3 que tamb\u00e9 ens permet acollir milers de professionals clau d&#8217;arreu del m\u00f3n.<\/p>\n\n\n\n<p>Com ja \u00e9s habitual en les edicions d&#8217;EMEC, el programa inclour\u00e0 tamb\u00e9 <strong>jornades d&#8217;aprenentatge singulars<\/strong>. Aquestes sessions portaran els assistents m\u00e9s enll\u00e0 del recinte de la confer\u00e8ncia per <strong>submergir-los en l&#8217;entorn cultural i empresarial<\/strong> de la ciutat i la regi\u00f3, convertint Barcelona en una aut\u00e8ntica aula de <em>networking<\/em> i innovaci\u00f3.<\/p>\n\n\n\n<p>Preparem-nos per rebre la comunitat MPI i tornar a demostrar la nostra capacitat d&#8217;innovaci\u00f3 i organitzaci\u00f3!<\/p>\n\n\n\n<p>M\u00e9s informaci\u00f3 <a href=\"https:\/\/emec.mpi.org\/event\/4bc31936-4afb-4e68-8023-ef324f549fef\/home?_gl=1*z8evce*_gcl_au*MTg2MTg3NjE3NC4xNzU3MDU3MzE4*_ga*MTQ0MzA2OTgwLjE3NTcwNTczMTg.*_ga_SQ0HQJJ6SS*czE3NTkyMjE1MDYkbzMkZzEkdDE3NTkyMjE1NTgkajgkbDAkaDA.\">aqu\u00ed.<\/a><\/p>\n\n\n\n<p><\/p>\n","protected":false},"excerpt":{"rendered":"<p>La confer\u00e8ncia europea d&#8217;una de les associacions globals m\u00e9s grans de la ind\u00fastria\u00a0<\/p>\n","protected":false},"author":3,"featured_media":7020,"comment_status":"closed","ping_status":"closed","sticky":false,"template":"","format":"standard","meta":{"footnotes":""},"categories":[2],"tags":[],"capcalera":[],"class_list":["post-6792","post","type-post","status-publish","format-standard","has-post-thumbnail","hentry","category-actualitat-i-membres"],"acf":[],"yoast_head":"<!-- This site is optimized with the Yoast SEO plugin v25.3 - https:\/\/yoast.com\/wordpress\/plugins\/seo\/ -->\n<title>Barcelona acollir\u00e0 l&#039;MPI EMEC 2026 - Barcelona Convention Bureau<\/title>\n<meta name=\"robots\" content=\"index, follow, max-snippet:-1, max-image-preview:large, max-video-preview:-1\" \/>\n<link rel=\"canonical\" href=\"https:\/\/bcbnews.barcelonaturisme.com\/?p=6792\" \/>\n<meta property=\"og:locale\" content=\"ca_ES\" \/>\n<meta property=\"og:type\" content=\"article\" \/>\n<meta property=\"og:title\" content=\"Barcelona acollir\u00e0 l&#039;MPI EMEC 2026 - Barcelona Convention Bureau\" \/>\n<meta property=\"og:description\" content=\"La confer\u00e8ncia europea d&#039;una de les associacions globals m\u00e9s grans de la ind\u00fastria\u00a0\" \/>\n<meta property=\"og:url\" content=\"https:\/\/bcbnews.barcelonaturisme.com\/?p=6792\" \/>\n<meta property=\"og:site_name\" content=\"Barcelona Convention Bureau\" \/>\n<meta property=\"article:published_time\" content=\"2025-10-01T06:42:00+00:00\" \/>\n<meta property=\"article:modified_time\" content=\"2025-10-01T14:16:32+00:00\" \/>\n<meta property=\"og:image\" content=\"https:\/\/bcbnews.barcelonaturisme.com\/wp-content\/uploads\/2025\/10\/MPI-EMEC_00000.jpg\" \/>\n\t<meta property=\"og:image:width\" content=\"1920\" \/>\n\t<meta property=\"og:image:height\" content=\"1080\" \/>\n\t<meta property=\"og:image:type\" content=\"image\/jpeg\" \/>\n<meta name=\"author\" content=\"mcolomer\" \/>\n<meta name=\"twitter:card\" content=\"summary_large_image\" \/>\n<meta name=\"twitter:label1\" content=\"Escrit per\" \/>\n\t<meta name=\"twitter:data1\" content=\"mcolomer\" \/>\n\t<meta name=\"twitter:label2\" content=\"Temps estimat de lectura\" \/>\n\t<meta name=\"twitter:data2\" content=\"2 minuts\" \/>\n<script type=\"application\/ld+json\" class=\"yoast-schema-graph\">{\"@context\":\"https:\/\/schema.org\",\"@graph\":[{\"@type\":\"Article\",\"@id\":\"https:\/\/bcbnews.barcelonaturisme.com\/?p=6792#article\",\"isPartOf\":{\"@id\":\"https:\/\/bcbnews.barcelonaturisme.com\/?p=6792\"},\"author\":{\"name\":\"mcolomer\",\"@id\":\"https:\/\/bcbnews.barcelonaturisme.com\/#\/schema\/person\/3fc6b66859de7d1dd2e84afaba046551\"},\"headline\":\"Barcelona acollir\u00e0 l&#8217;MPI EMEC 2026\",\"datePublished\":\"2025-10-01T06:42:00+00:00\",\"dateModified\":\"2025-10-01T14:16:32+00:00\",\"mainEntityOfPage\":{\"@id\":\"https:\/\/bcbnews.barcelonaturisme.com\/?p=6792\"},\"wordCount\":193,\"publisher\":{\"@id\":\"https:\/\/bcbnews.barcelonaturisme.com\/#organization\"},\"image\":{\"@id\":\"https:\/\/bcbnews.barcelonaturisme.com\/?p=6792#primaryimage\"},\"thumbnailUrl\":\"https:\/\/bcbnews.barcelonaturisme.com\/wp-content\/uploads\/2025\/10\/MPI-EMEC_00000.jpg\",\"articleSection\":[\"Actualitat i Membres\"],\"inLanguage\":\"ca\"},{\"@type\":\"WebPage\",\"@id\":\"https:\/\/bcbnews.barcelonaturisme.com\/?p=6792\",\"url\":\"https:\/\/bcbnews.barcelonaturisme.com\/?p=6792\",\"name\":\"Barcelona acollir\u00e0 l'MPI EMEC 2026 - Barcelona Convention Bureau\",\"isPartOf\":{\"@id\":\"https:\/\/bcbnews.barcelonaturisme.com\/#website\"},\"primaryImageOfPage\":{\"@id\":\"https:\/\/bcbnews.barcelonaturisme.com\/?p=6792#primaryimage\"},\"image\":{\"@id\":\"https:\/\/bcbnews.barcelonaturisme.com\/?p=6792#primaryimage\"},\"thumbnailUrl\":\"https:\/\/bcbnews.barcelonaturisme.com\/wp-content\/uploads\/2025\/10\/MPI-EMEC_00000.jpg\",\"datePublished\":\"2025-10-01T06:42:00+00:00\",\"dateModified\":\"2025-10-01T14:16:32+00:00\",\"breadcrumb\":{\"@id\":\"https:\/\/bcbnews.barcelonaturisme.com\/?p=6792#breadcrumb\"},\"inLanguage\":\"ca\",\"potentialAction\":[{\"@type\":\"ReadAction\",\"target\":[\"https:\/\/bcbnews.barcelonaturisme.com\/?p=6792\"]}]},{\"@type\":\"ImageObject\",\"inLanguage\":\"ca\",\"@id\":\"https:\/\/bcbnews.barcelonaturisme.com\/?p=6792#primaryimage\",\"url\":\"https:\/\/bcbnews.barcelonaturisme.com\/wp-content\/uploads\/2025\/10\/MPI-EMEC_00000.jpg\",\"contentUrl\":\"https:\/\/bcbnews.barcelonaturisme.com\/wp-content\/uploads\/2025\/10\/MPI-EMEC_00000.jpg\",\"width\":1920,\"height\":1080},{\"@type\":\"BreadcrumbList\",\"@id\":\"https:\/\/bcbnews.barcelonaturisme.com\/?p=6792#breadcrumb\",\"itemListElement\":[{\"@type\":\"ListItem\",\"position\":1,\"name\":\"Inici\",\"item\":\"https:\/\/bcbnews.barcelonaturisme.com\/\"},{\"@type\":\"ListItem\",\"position\":2,\"name\":\"Barcelona acollir\u00e0 l&#8217;MPI EMEC 2026\"}]},{\"@type\":\"WebSite\",\"@id\":\"https:\/\/bcbnews.barcelonaturisme.com\/#website\",\"url\":\"https:\/\/bcbnews.barcelonaturisme.com\/\",\"name\":\"BCB News \/ Barcelona Convention Bureau\",\"description\":\"BCB Magazine\",\"publisher\":{\"@id\":\"https:\/\/bcbnews.barcelonaturisme.com\/#organization\"},\"potentialAction\":[{\"@type\":\"SearchAction\",\"target\":{\"@type\":\"EntryPoint\",\"urlTemplate\":\"https:\/\/bcbnews.barcelonaturisme.com\/?s={search_term_string}\"},\"query-input\":{\"@type\":\"PropertyValueSpecification\",\"valueRequired\":true,\"valueName\":\"search_term_string\"}}],\"inLanguage\":\"ca\"},{\"@type\":\"Organization\",\"@id\":\"https:\/\/bcbnews.barcelonaturisme.com\/#organization\",\"name\":\"BCB News \/ Barcelona Convention Bureau\",\"url\":\"https:\/\/bcbnews.barcelonaturisme.com\/\",\"logo\":{\"@type\":\"ImageObject\",\"inLanguage\":\"ca\",\"@id\":\"https:\/\/bcbnews.barcelonaturisme.com\/#\/schema\/logo\/image\/\",\"url\":\"https:\/\/bcbnews.barcelonaturisme.com\/wp-content\/uploads\/2021\/12\/BCB_logo.png\",\"contentUrl\":\"https:\/\/bcbnews.barcelonaturisme.com\/wp-content\/uploads\/2021\/12\/BCB_logo.png\",\"width\":543,\"height\":166,\"caption\":\"BCB News \/ Barcelona Convention Bureau\"},\"image\":{\"@id\":\"https:\/\/bcbnews.barcelonaturisme.com\/#\/schema\/logo\/image\/\"}},{\"@type\":\"Person\",\"@id\":\"https:\/\/bcbnews.barcelonaturisme.com\/#\/schema\/person\/3fc6b66859de7d1dd2e84afaba046551\",\"name\":\"mcolomer\",\"url\":\"https:\/\/bcbnews.barcelonaturisme.com\/?author=3\"}]}<\/script>\n<!-- \/ Yoast SEO plugin. -->","yoast_head_json":{"title":"Barcelona acollir\u00e0 l'MPI EMEC 2026 - Barcelona Convention Bureau","robots":{"index":"index","follow":"follow","max-snippet":"max-snippet:-1","max-image-preview":"max-image-preview:large","max-video-preview":"max-video-preview:-1"},"canonical":"https:\/\/bcbnews.barcelonaturisme.com\/?p=6792","og_locale":"ca_ES","og_type":"article","og_title":"Barcelona acollir\u00e0 l'MPI EMEC 2026 - Barcelona Convention Bureau","og_description":"La confer\u00e8ncia europea d'una de les associacions globals m\u00e9s grans de la ind\u00fastria\u00a0","og_url":"https:\/\/bcbnews.barcelonaturisme.com\/?p=6792","og_site_name":"Barcelona Convention Bureau","article_published_time":"2025-10-01T06:42:00+00:00","article_modified_time":"2025-10-01T14:16:32+00:00","og_image":[{"width":1920,"height":1080,"url":"https:\/\/bcbnews.barcelonaturisme.com\/wp-content\/uploads\/2025\/10\/MPI-EMEC_00000.jpg","type":"image\/jpeg"}],"author":"mcolomer","twitter_card":"summary_large_image","twitter_misc":{"Escrit per":"mcolomer","Temps estimat de lectura":"2 minuts"},"schema":{"@context":"https:\/\/schema.org","@graph":[{"@type":"Article","@id":"https:\/\/bcbnews.barcelonaturisme.com\/?p=6792#article","isPartOf":{"@id":"https:\/\/bcbnews.barcelonaturisme.com\/?p=6792"},"author":{"name":"mcolomer","@id":"https:\/\/bcbnews.barcelonaturisme.com\/#\/schema\/person\/3fc6b66859de7d1dd2e84afaba046551"},"headline":"Barcelona acollir\u00e0 l&#8217;MPI EMEC 2026","datePublished":"2025-10-01T06:42:00+00:00","dateModified":"2025-10-01T14:16:32+00:00","mainEntityOfPage":{"@id":"https:\/\/bcbnews.barcelonaturisme.com\/?p=6792"},"wordCount":193,"publisher":{"@id":"https:\/\/bcbnews.barcelonaturisme.com\/#organization"},"image":{"@id":"https:\/\/bcbnews.barcelonaturisme.com\/?p=6792#primaryimage"},"thumbnailUrl":"https:\/\/bcbnews.barcelonaturisme.com\/wp-content\/uploads\/2025\/10\/MPI-EMEC_00000.jpg","articleSection":["Actualitat i Membres"],"inLanguage":"ca"},{"@type":"WebPage","@id":"https:\/\/bcbnews.barcelonaturisme.com\/?p=6792","url":"https:\/\/bcbnews.barcelonaturisme.com\/?p=6792","name":"Barcelona acollir\u00e0 l'MPI EMEC 2026 - Barcelona Convention Bureau","isPartOf":{"@id":"https:\/\/bcbnews.barcelonaturisme.com\/#website"},"primaryImageOfPage":{"@id":"https:\/\/bcbnews.barcelonaturisme.com\/?p=6792#primaryimage"},"image":{"@id":"https:\/\/bcbnews.barcelonaturisme.com\/?p=6792#primaryimage"},"thumbnailUrl":"https:\/\/bcbnews.barcelonaturisme.com\/wp-content\/uploads\/2025\/10\/MPI-EMEC_00000.jpg","datePublished":"2025-10-01T06:42:00+00:00","dateModified":"2025-10-01T14:16:32+00:00","breadcrumb":{"@id":"https:\/\/bcbnews.barcelonaturisme.com\/?p=6792#breadcrumb"},"inLanguage":"ca","potentialAction":[{"@type":"ReadAction","target":["https:\/\/bcbnews.barcelonaturisme.com\/?p=6792"]}]},{"@type":"ImageObject","inLanguage":"ca","@id":"https:\/\/bcbnews.barcelonaturisme.com\/?p=6792#primaryimage","url":"https:\/\/bcbnews.barcelonaturisme.com\/wp-content\/uploads\/2025\/10\/MPI-EMEC_00000.jpg","contentUrl":"https:\/\/bcbnews.barcelonaturisme.com\/wp-content\/uploads\/2025\/10\/MPI-EMEC_00000.jpg","width":1920,"height":1080},{"@type":"BreadcrumbList","@id":"https:\/\/bcbnews.barcelonaturisme.com\/?p=6792#breadcrumb","itemListElement":[{"@type":"ListItem","position":1,"name":"Inici","item":"https:\/\/bcbnews.barcelonaturisme.com\/"},{"@type":"ListItem","position":2,"name":"Barcelona acollir\u00e0 l&#8217;MPI EMEC 2026"}]},{"@type":"WebSite","@id":"https:\/\/bcbnews.barcelonaturisme.com\/#website","url":"https:\/\/bcbnews.barcelonaturisme.com\/","name":"BCB News \/ Barcelona Convention Bureau","description":"BCB Magazine","publisher":{"@id":"https:\/\/bcbnews.barcelonaturisme.com\/#organization"},"potentialAction":[{"@type":"SearchAction","target":{"@type":"EntryPoint","urlTemplate":"https:\/\/bcbnews.barcelonaturisme.com\/?s={search_term_string}"},"query-input":{"@type":"PropertyValueSpecification","valueRequired":true,"valueName":"search_term_string"}}],"inLanguage":"ca"},{"@type":"Organization","@id":"https:\/\/bcbnews.barcelonaturisme.com\/#organization","name":"BCB News \/ Barcelona Convention Bureau","url":"https:\/\/bcbnews.barcelonaturisme.com\/","logo":{"@type":"ImageObject","inLanguage":"ca","@id":"https:\/\/bcbnews.barcelonaturisme.com\/#\/schema\/logo\/image\/","url":"https:\/\/bcbnews.barcelonaturisme.com\/wp-content\/uploads\/2021\/12\/BCB_logo.png","contentUrl":"https:\/\/bcbnews.barcelonaturisme.com\/wp-content\/uploads\/2021\/12\/BCB_logo.png","width":543,"height":166,"caption":"BCB News \/ Barcelona Convention Bureau"},"image":{"@id":"https:\/\/bcbnews.barcelonaturisme.com\/#\/schema\/logo\/image\/"}},{"@type":"Person","@id":"https:\/\/bcbnews.barcelonaturisme.com\/#\/schema\/person\/3fc6b66859de7d1dd2e84afaba046551","name":"mcolomer","url":"https:\/\/bcbnews.barcelonaturisme.com\/?author=3"}]}},"_links":{"self":[{"href":"https:\/\/bcbnews.barcelonaturisme.com\/index.php?rest_route=\/wp\/v2\/posts\/6792"}],"collection":[{"href":"https:\/\/bcbnews.barcelonaturisme.com\/index.php?rest_route=\/wp\/v2\/posts"}],"about":[{"href":"https:\/\/bcbnews.barcelonaturisme.com\/index.php?rest_route=\/wp\/v2\/types\/post"}],"author":[{"embeddable":true,"href":"https:\/\/bcbnews.barcelonaturisme.com\/index.php?rest_route=\/wp\/v2\/users\/3"}],"replies":[{"embeddable":true,"href":"https:\/\/bcbnews.barcelonaturisme.com\/index.php?rest_route=%2Fwp%2Fv2%2Fcomments&post=6792"}],"version-history":[{"count":1,"href":"https:\/\/bcbnews.barcelonaturisme.com\/index.php?rest_route=\/wp\/v2\/posts\/6792\/revisions"}],"predecessor-version":[{"id":6795,"href":"https:\/\/bcbnews.barcelonaturisme.com\/index.php?rest_route=\/wp\/v2\/posts\/6792\/revisions\/6795"}],"wp:featuredmedia":[{"embeddable":true,"href":"https:\/\/bcbnews.barcelonaturisme.com\/index.php?rest_route=\/wp\/v2\/media\/7020"}],"wp:attachment":[{"href":"https:\/\/bcbnews.barcelonaturisme.com\/index.php?rest_route=%2Fwp%2Fv2%2Fmedia&parent=6792"}],"wp:term":[{"taxonomy":"category","embeddable":true,"href":"https:\/\/bcbnews.barcelonaturisme.com\/index.php?rest_route=%2Fwp%2Fv2%2Fcategories&post=6792"},{"taxonomy":"post_tag","embeddable":true,"href":"https:\/\/bcbnews.barcelonaturisme.com\/index.php?rest_route=%2Fwp%2Fv2%2Ftags&post=6792"},{"taxonomy":"capcalera","embeddable":true,"href":"https:\/\/bcbnews.barcelonaturisme.com\/index.php?rest_route=%2Fwp%2Fv2%2Fcapcalera&post=6792"}],"curies":[{"name":"wp","href":"https:\/\/api.w.org\/{rel}","templated":true}]}}