{"id":6826,"date":"2025-10-01T07:00:00","date_gmt":"2025-10-01T05:00:00","guid":{"rendered":"https:\/\/bcbnews.barcelonaturisme.com\/?p=6826"},"modified":"2025-10-01T16:10:27","modified_gmt":"2025-10-01T14:10:27","slug":"barcelona-al-top-15-mundial-de-la-sostenibilitat","status":"publish","type":"post","link":"https:\/\/bcbnews.barcelonaturisme.com\/?p=6826","title":{"rendered":"Barcelona, al Top 15 mundial de la Sostenibilitat"},"content":{"rendered":"\n<p class=\"has-medium-font-size\"><strong>Un reconeixement al comprom\u00eds col\u00b7lectiu<\/strong><\/p>\n\n\n\n<figure class=\"wp-block-image aligncenter size-full\"><img fetchpriority=\"high\" decoding=\"async\" width=\"692\" height=\"301\" src=\"https:\/\/bcbnews.barcelonaturisme.com\/wp-content\/uploads\/2025\/10\/gds.jpg\" alt=\"\" class=\"wp-image-6829\" srcset=\"https:\/\/bcbnews.barcelonaturisme.com\/wp-content\/uploads\/2025\/10\/gds.jpg 692w, https:\/\/bcbnews.barcelonaturisme.com\/wp-content\/uploads\/2025\/10\/gds-300x130.jpg 300w\" sizes=\"(max-width: 692px) 100vw, 692px\" \/><\/figure>\n\n\n\n<p>Estem molt contents de compartir amb tots vosaltres una fita que refor\u00e7a la nostra posici\u00f3 com a destinaci\u00f3 l\u00edder en l&#8217;\u00e0mbit global de l&#8217;organitzaci\u00f3 de congressos i esdeveniments: <strong>Barcelona ha pujat 20 posicions al Global Destination Sustainability Index (GDS-Index) de 2025!<\/strong><\/p>\n\n\n\n<p>Hem passat del lloc 34\u00e8 al <strong>14\u00e8<\/strong>, un salt espectacular que no nom\u00e9s reflecteix el comprom\u00eds de la ciutat, sin\u00f3 tamb\u00e9 la feina feta per tota la nostra comunitat.<\/p>\n\n\n\n<p>A m\u00e9s de l&#8217;ascens global, aquesta posici\u00f3 ens col\u00b7loca com la <strong>segona ciutat a l&#8217;Europa Central i del Sud<\/strong> en l&#8217;\u00edndex GDS.<\/p>\n\n\n\n<h3 class=\"wp-block-heading\">Qu\u00e8 avalua l&#8217;\u00edndex GDS?<\/h3>\n\n\n\n<p>L&#8217;\u00e8xit de Barcelona es mesura en quatre pilars principals que avaluen la sostenibilitat integral de la destinaci\u00f3:<\/p>\n\n\n\n<ol class=\"wp-block-list\">\n<li><strong>Rendiment ambiental:<\/strong> L&#8217;efici\u00e8ncia de la ciutat en gesti\u00f3 de recursos, \u00fas d&#8217;energies renovables i qualitat del transport p\u00fablic.<\/li>\n\n\n\n<li><strong>Progr\u00e9s social:<\/strong> El benestar social, la igualtat i els aspectes de seguretat i salut que afecten els residents i visitants.<\/li>\n\n\n\n<li><strong>Rendiment del gestor de destinaci\u00f3 (TdBcn-BCB):<\/strong> La nostra pr\u00f2pia estrat\u00e8gia, certificacions i governan\u00e7a de sostenibilitat.<\/li>\n\n\n\n<li><strong>Rendiment dels prove\u00efdors:<\/strong> El comprom\u00eds de la cadena de subministrament local (hotels, <em>venues<\/em>, aeroport, etc.) amb les pr\u00e0ctiques sostenibles.<\/li>\n<\/ol>\n\n\n\n<p>Aquest \u00e8xit \u00e9s la prova tangible que l&#8217;acci\u00f3 decidida, la <strong>col\u00b7laboraci\u00f3<\/strong> i la <strong>innovaci\u00f3<\/strong> poden marcar una gran difer\u00e8ncia. La nostra ciutat avan\u00e7a cap a un model m\u00e9s verd i resilient, que ens permet generar noves oportunitats de negoci per a tots els membres del BCB, posicionant-nos com un referent \u00e8tic i sostenible per als organitzadors internacionals.<\/p>\n\n\n\n<p>\u00c9s el moment d&#8217;aprofitar aquest impuls! La vostra dedicaci\u00f3 a l&#8217;hora d&#8217;adoptar pr\u00e0ctiques sostenibles \u00e9s fonamental per mantenir aquest lideratge.<\/p>\n\n\n\n<p>Podeu consultar tots els detalls dels resultats del GDS-Index 2025 <strong><a href=\"https:\/\/www.gds.earth\/index\/top-40-cities\/\">aqu\u00ed.<\/a><\/strong><\/p>\n\n\n\n<p><\/p>\n","protected":false},"excerpt":{"rendered":"<p>Un reconeixement al comprom\u00eds col\u00b7lectiu<\/p>\n","protected":false},"author":3,"featured_media":6827,"comment_status":"closed","ping_status":"closed","sticky":false,"template":"","format":"standard","meta":{"footnotes":""},"categories":[2],"tags":[],"capcalera":[13],"class_list":["post-6826","post","type-post","status-publish","format-standard","has-post-thumbnail","hentry","category-actualitat-i-membres","capcalera-article-principal"],"acf":[],"yoast_head":"<!-- This site is optimized with the Yoast SEO plugin v25.3 - https:\/\/yoast.com\/wordpress\/plugins\/seo\/ -->\n<title>Barcelona, al Top 15 mundial de la Sostenibilitat - Barcelona Convention Bureau<\/title>\n<meta name=\"robots\" content=\"index, follow, max-snippet:-1, max-image-preview:large, max-video-preview:-1\" \/>\n<link rel=\"canonical\" href=\"https:\/\/bcbnews.barcelonaturisme.com\/?p=6826\" \/>\n<meta property=\"og:locale\" content=\"ca_ES\" \/>\n<meta property=\"og:type\" content=\"article\" \/>\n<meta property=\"og:title\" content=\"Barcelona, al Top 15 mundial de la Sostenibilitat - Barcelona Convention Bureau\" \/>\n<meta property=\"og:description\" content=\"Un reconeixement al comprom\u00eds col\u00b7lectiu\" \/>\n<meta property=\"og:url\" content=\"https:\/\/bcbnews.barcelonaturisme.com\/?p=6826\" \/>\n<meta property=\"og:site_name\" content=\"Barcelona Convention Bureau\" \/>\n<meta property=\"article:published_time\" content=\"2025-10-01T05:00:00+00:00\" \/>\n<meta property=\"article:modified_time\" content=\"2025-10-01T14:10:27+00:00\" \/>\n<meta property=\"og:image\" content=\"https:\/\/bcbnews.barcelonaturisme.com\/wp-content\/uploads\/2025\/10\/GDS_00-1024x576.jpg\" \/>\n\t<meta property=\"og:image:width\" content=\"1024\" \/>\n\t<meta property=\"og:image:height\" content=\"576\" \/>\n\t<meta property=\"og:image:type\" content=\"image\/jpeg\" \/>\n<meta name=\"author\" content=\"mcolomer\" \/>\n<meta name=\"twitter:card\" content=\"summary_large_image\" \/>\n<meta name=\"twitter:label1\" content=\"Escrit per\" \/>\n\t<meta name=\"twitter:data1\" content=\"mcolomer\" \/>\n\t<meta name=\"twitter:label2\" content=\"Temps estimat de lectura\" \/>\n\t<meta name=\"twitter:data2\" content=\"2 minuts\" \/>\n<script type=\"application\/ld+json\" class=\"yoast-schema-graph\">{\"@context\":\"https:\/\/schema.org\",\"@graph\":[{\"@type\":\"Article\",\"@id\":\"https:\/\/bcbnews.barcelonaturisme.com\/?p=6826#article\",\"isPartOf\":{\"@id\":\"https:\/\/bcbnews.barcelonaturisme.com\/?p=6826\"},\"author\":{\"name\":\"mcolomer\",\"@id\":\"https:\/\/bcbnews.barcelonaturisme.com\/#\/schema\/person\/3fc6b66859de7d1dd2e84afaba046551\"},\"headline\":\"Barcelona, al Top 15 mundial de la Sostenibilitat\",\"datePublished\":\"2025-10-01T05:00:00+00:00\",\"dateModified\":\"2025-10-01T14:10:27+00:00\",\"mainEntityOfPage\":{\"@id\":\"https:\/\/bcbnews.barcelonaturisme.com\/?p=6826\"},\"wordCount\":315,\"publisher\":{\"@id\":\"https:\/\/bcbnews.barcelonaturisme.com\/#organization\"},\"image\":{\"@id\":\"https:\/\/bcbnews.barcelonaturisme.com\/?p=6826#primaryimage\"},\"thumbnailUrl\":\"https:\/\/bcbnews.barcelonaturisme.com\/wp-content\/uploads\/2025\/10\/GDS_00.jpg\",\"articleSection\":[\"Actualitat i Membres\"],\"inLanguage\":\"ca\"},{\"@type\":\"WebPage\",\"@id\":\"https:\/\/bcbnews.barcelonaturisme.com\/?p=6826\",\"url\":\"https:\/\/bcbnews.barcelonaturisme.com\/?p=6826\",\"name\":\"Barcelona, al Top 15 mundial de la Sostenibilitat - Barcelona Convention Bureau\",\"isPartOf\":{\"@id\":\"https:\/\/bcbnews.barcelonaturisme.com\/#website\"},\"primaryImageOfPage\":{\"@id\":\"https:\/\/bcbnews.barcelonaturisme.com\/?p=6826#primaryimage\"},\"image\":{\"@id\":\"https:\/\/bcbnews.barcelonaturisme.com\/?p=6826#primaryimage\"},\"thumbnailUrl\":\"https:\/\/bcbnews.barcelonaturisme.com\/wp-content\/uploads\/2025\/10\/GDS_00.jpg\",\"datePublished\":\"2025-10-01T05:00:00+00:00\",\"dateModified\":\"2025-10-01T14:10:27+00:00\",\"breadcrumb\":{\"@id\":\"https:\/\/bcbnews.barcelonaturisme.com\/?p=6826#breadcrumb\"},\"inLanguage\":\"ca\",\"potentialAction\":[{\"@type\":\"ReadAction\",\"target\":[\"https:\/\/bcbnews.barcelonaturisme.com\/?p=6826\"]}]},{\"@type\":\"ImageObject\",\"inLanguage\":\"ca\",\"@id\":\"https:\/\/bcbnews.barcelonaturisme.com\/?p=6826#primaryimage\",\"url\":\"https:\/\/bcbnews.barcelonaturisme.com\/wp-content\/uploads\/2025\/10\/GDS_00.jpg\",\"contentUrl\":\"https:\/\/bcbnews.barcelonaturisme.com\/wp-content\/uploads\/2025\/10\/GDS_00.jpg\",\"width\":1920,\"height\":1080},{\"@type\":\"BreadcrumbList\",\"@id\":\"https:\/\/bcbnews.barcelonaturisme.com\/?p=6826#breadcrumb\",\"itemListElement\":[{\"@type\":\"ListItem\",\"position\":1,\"name\":\"Inici\",\"item\":\"https:\/\/bcbnews.barcelonaturisme.com\/\"},{\"@type\":\"ListItem\",\"position\":2,\"name\":\"Barcelona, al Top 15 mundial de la Sostenibilitat\"}]},{\"@type\":\"WebSite\",\"@id\":\"https:\/\/bcbnews.barcelonaturisme.com\/#website\",\"url\":\"https:\/\/bcbnews.barcelonaturisme.com\/\",\"name\":\"BCB News \/ Barcelona Convention Bureau\",\"description\":\"BCB Magazine\",\"publisher\":{\"@id\":\"https:\/\/bcbnews.barcelonaturisme.com\/#organization\"},\"potentialAction\":[{\"@type\":\"SearchAction\",\"target\":{\"@type\":\"EntryPoint\",\"urlTemplate\":\"https:\/\/bcbnews.barcelonaturisme.com\/?s={search_term_string}\"},\"query-input\":{\"@type\":\"PropertyValueSpecification\",\"valueRequired\":true,\"valueName\":\"search_term_string\"}}],\"inLanguage\":\"ca\"},{\"@type\":\"Organization\",\"@id\":\"https:\/\/bcbnews.barcelonaturisme.com\/#organization\",\"name\":\"BCB News \/ Barcelona Convention Bureau\",\"url\":\"https:\/\/bcbnews.barcelonaturisme.com\/\",\"logo\":{\"@type\":\"ImageObject\",\"inLanguage\":\"ca\",\"@id\":\"https:\/\/bcbnews.barcelonaturisme.com\/#\/schema\/logo\/image\/\",\"url\":\"https:\/\/bcbnews.barcelonaturisme.com\/wp-content\/uploads\/2021\/12\/BCB_logo.png\",\"contentUrl\":\"https:\/\/bcbnews.barcelonaturisme.com\/wp-content\/uploads\/2021\/12\/BCB_logo.png\",\"width\":543,\"height\":166,\"caption\":\"BCB News \/ Barcelona Convention Bureau\"},\"image\":{\"@id\":\"https:\/\/bcbnews.barcelonaturisme.com\/#\/schema\/logo\/image\/\"}},{\"@type\":\"Person\",\"@id\":\"https:\/\/bcbnews.barcelonaturisme.com\/#\/schema\/person\/3fc6b66859de7d1dd2e84afaba046551\",\"name\":\"mcolomer\",\"url\":\"https:\/\/bcbnews.barcelonaturisme.com\/?author=3\"}]}<\/script>\n<!-- \/ Yoast SEO plugin. -->","yoast_head_json":{"title":"Barcelona, al Top 15 mundial de la Sostenibilitat - Barcelona Convention Bureau","robots":{"index":"index","follow":"follow","max-snippet":"max-snippet:-1","max-image-preview":"max-image-preview:large","max-video-preview":"max-video-preview:-1"},"canonical":"https:\/\/bcbnews.barcelonaturisme.com\/?p=6826","og_locale":"ca_ES","og_type":"article","og_title":"Barcelona, al Top 15 mundial de la Sostenibilitat - Barcelona Convention Bureau","og_description":"Un reconeixement al comprom\u00eds col\u00b7lectiu","og_url":"https:\/\/bcbnews.barcelonaturisme.com\/?p=6826","og_site_name":"Barcelona Convention Bureau","article_published_time":"2025-10-01T05:00:00+00:00","article_modified_time":"2025-10-01T14:10:27+00:00","og_image":[{"width":1024,"height":576,"url":"https:\/\/bcbnews.barcelonaturisme.com\/wp-content\/uploads\/2025\/10\/GDS_00-1024x576.jpg","type":"image\/jpeg"}],"author":"mcolomer","twitter_card":"summary_large_image","twitter_misc":{"Escrit per":"mcolomer","Temps estimat de lectura":"2 minuts"},"schema":{"@context":"https:\/\/schema.org","@graph":[{"@type":"Article","@id":"https:\/\/bcbnews.barcelonaturisme.com\/?p=6826#article","isPartOf":{"@id":"https:\/\/bcbnews.barcelonaturisme.com\/?p=6826"},"author":{"name":"mcolomer","@id":"https:\/\/bcbnews.barcelonaturisme.com\/#\/schema\/person\/3fc6b66859de7d1dd2e84afaba046551"},"headline":"Barcelona, al Top 15 mundial de la Sostenibilitat","datePublished":"2025-10-01T05:00:00+00:00","dateModified":"2025-10-01T14:10:27+00:00","mainEntityOfPage":{"@id":"https:\/\/bcbnews.barcelonaturisme.com\/?p=6826"},"wordCount":315,"publisher":{"@id":"https:\/\/bcbnews.barcelonaturisme.com\/#organization"},"image":{"@id":"https:\/\/bcbnews.barcelonaturisme.com\/?p=6826#primaryimage"},"thumbnailUrl":"https:\/\/bcbnews.barcelonaturisme.com\/wp-content\/uploads\/2025\/10\/GDS_00.jpg","articleSection":["Actualitat i Membres"],"inLanguage":"ca"},{"@type":"WebPage","@id":"https:\/\/bcbnews.barcelonaturisme.com\/?p=6826","url":"https:\/\/bcbnews.barcelonaturisme.com\/?p=6826","name":"Barcelona, al Top 15 mundial de la Sostenibilitat - Barcelona Convention Bureau","isPartOf":{"@id":"https:\/\/bcbnews.barcelonaturisme.com\/#website"},"primaryImageOfPage":{"@id":"https:\/\/bcbnews.barcelonaturisme.com\/?p=6826#primaryimage"},"image":{"@id":"https:\/\/bcbnews.barcelonaturisme.com\/?p=6826#primaryimage"},"thumbnailUrl":"https:\/\/bcbnews.barcelonaturisme.com\/wp-content\/uploads\/2025\/10\/GDS_00.jpg","datePublished":"2025-10-01T05:00:00+00:00","dateModified":"2025-10-01T14:10:27+00:00","breadcrumb":{"@id":"https:\/\/bcbnews.barcelonaturisme.com\/?p=6826#breadcrumb"},"inLanguage":"ca","potentialAction":[{"@type":"ReadAction","target":["https:\/\/bcbnews.barcelonaturisme.com\/?p=6826"]}]},{"@type":"ImageObject","inLanguage":"ca","@id":"https:\/\/bcbnews.barcelonaturisme.com\/?p=6826#primaryimage","url":"https:\/\/bcbnews.barcelonaturisme.com\/wp-content\/uploads\/2025\/10\/GDS_00.jpg","contentUrl":"https:\/\/bcbnews.barcelonaturisme.com\/wp-content\/uploads\/2025\/10\/GDS_00.jpg","width":1920,"height":1080},{"@type":"BreadcrumbList","@id":"https:\/\/bcbnews.barcelonaturisme.com\/?p=6826#breadcrumb","itemListElement":[{"@type":"ListItem","position":1,"name":"Inici","item":"https:\/\/bcbnews.barcelonaturisme.com\/"},{"@type":"ListItem","position":2,"name":"Barcelona, al Top 15 mundial de la Sostenibilitat"}]},{"@type":"WebSite","@id":"https:\/\/bcbnews.barcelonaturisme.com\/#website","url":"https:\/\/bcbnews.barcelonaturisme.com\/","name":"BCB News \/ Barcelona Convention Bureau","description":"BCB Magazine","publisher":{"@id":"https:\/\/bcbnews.barcelonaturisme.com\/#organization"},"potentialAction":[{"@type":"SearchAction","target":{"@type":"EntryPoint","urlTemplate":"https:\/\/bcbnews.barcelonaturisme.com\/?s={search_term_string}"},"query-input":{"@type":"PropertyValueSpecification","valueRequired":true,"valueName":"search_term_string"}}],"inLanguage":"ca"},{"@type":"Organization","@id":"https:\/\/bcbnews.barcelonaturisme.com\/#organization","name":"BCB News \/ Barcelona Convention Bureau","url":"https:\/\/bcbnews.barcelonaturisme.com\/","logo":{"@type":"ImageObject","inLanguage":"ca","@id":"https:\/\/bcbnews.barcelonaturisme.com\/#\/schema\/logo\/image\/","url":"https:\/\/bcbnews.barcelonaturisme.com\/wp-content\/uploads\/2021\/12\/BCB_logo.png","contentUrl":"https:\/\/bcbnews.barcelonaturisme.com\/wp-content\/uploads\/2021\/12\/BCB_logo.png","width":543,"height":166,"caption":"BCB News \/ Barcelona Convention Bureau"},"image":{"@id":"https:\/\/bcbnews.barcelonaturisme.com\/#\/schema\/logo\/image\/"}},{"@type":"Person","@id":"https:\/\/bcbnews.barcelonaturisme.com\/#\/schema\/person\/3fc6b66859de7d1dd2e84afaba046551","name":"mcolomer","url":"https:\/\/bcbnews.barcelonaturisme.com\/?author=3"}]}},"_links":{"self":[{"href":"https:\/\/bcbnews.barcelonaturisme.com\/index.php?rest_route=\/wp\/v2\/posts\/6826"}],"collection":[{"href":"https:\/\/bcbnews.barcelonaturisme.com\/index.php?rest_route=\/wp\/v2\/posts"}],"about":[{"href":"https:\/\/bcbnews.barcelonaturisme.com\/index.php?rest_route=\/wp\/v2\/types\/post"}],"author":[{"embeddable":true,"href":"https:\/\/bcbnews.barcelonaturisme.com\/index.php?rest_route=\/wp\/v2\/users\/3"}],"replies":[{"embeddable":true,"href":"https:\/\/bcbnews.barcelonaturisme.com\/index.php?rest_route=%2Fwp%2Fv2%2Fcomments&post=6826"}],"version-history":[{"count":1,"href":"https:\/\/bcbnews.barcelonaturisme.com\/index.php?rest_route=\/wp\/v2\/posts\/6826\/revisions"}],"predecessor-version":[{"id":6831,"href":"https:\/\/bcbnews.barcelonaturisme.com\/index.php?rest_route=\/wp\/v2\/posts\/6826\/revisions\/6831"}],"wp:featuredmedia":[{"embeddable":true,"href":"https:\/\/bcbnews.barcelonaturisme.com\/index.php?rest_route=\/wp\/v2\/media\/6827"}],"wp:attachment":[{"href":"https:\/\/bcbnews.barcelonaturisme.com\/index.php?rest_route=%2Fwp%2Fv2%2Fmedia&parent=6826"}],"wp:term":[{"taxonomy":"category","embeddable":true,"href":"https:\/\/bcbnews.barcelonaturisme.com\/index.php?rest_route=%2Fwp%2Fv2%2Fcategories&post=6826"},{"taxonomy":"post_tag","embeddable":true,"href":"https:\/\/bcbnews.barcelonaturisme.com\/index.php?rest_route=%2Fwp%2Fv2%2Ftags&post=6826"},{"taxonomy":"capcalera","embeddable":true,"href":"https:\/\/bcbnews.barcelonaturisme.com\/index.php?rest_route=%2Fwp%2Fv2%2Fcapcalera&post=6826"}],"curies":[{"name":"wp","href":"https:\/\/api.w.org\/{rel}","templated":true}]}}