{"id":6927,"date":"2025-10-01T12:22:22","date_gmt":"2025-10-01T10:22:22","guid":{"rendered":"https:\/\/bcbnews.barcelonaturisme.com\/?p=6927"},"modified":"2025-10-01T12:22:23","modified_gmt":"2025-10-01T10:22:23","slug":"connexio-barcelona-espanya-4","status":"publish","type":"post","link":"https:\/\/bcbnews.barcelonaturisme.com\/?p=6927","title":{"rendered":"Connexi\u00f3 Barcelona-Espanya"},"content":{"rendered":"\n<p class=\"has-medium-font-size\">Connexions al mercat nacional<\/p>\n\n\n\n<figure class=\"wp-block-gallery has-nested-images columns-default is-cropped wp-block-gallery-1 is-layout-flex wp-block-gallery-is-layout-flex\">\n<figure class=\"wp-block-image size-large\"><img fetchpriority=\"high\" decoding=\"async\" width=\"575\" height=\"337\" data-id=\"6932\" src=\"https:\/\/bcbnews.barcelonaturisme.com\/wp-content\/uploads\/2025\/10\/Connexio-Espanya_01.jpg\" alt=\"\" class=\"wp-image-6932\" srcset=\"https:\/\/bcbnews.barcelonaturisme.com\/wp-content\/uploads\/2025\/10\/Connexio-Espanya_01.jpg 575w, https:\/\/bcbnews.barcelonaturisme.com\/wp-content\/uploads\/2025\/10\/Connexio-Espanya_01-300x176.jpg 300w\" sizes=\"(max-width: 575px) 100vw, 575px\" \/><\/figure>\n\n\n\n<figure class=\"wp-block-image size-large\"><img decoding=\"async\" width=\"575\" height=\"337\" data-id=\"6930\" src=\"https:\/\/bcbnews.barcelonaturisme.com\/wp-content\/uploads\/2025\/10\/Connexio-Espanya_02.jpg\" alt=\"\" class=\"wp-image-6930\" srcset=\"https:\/\/bcbnews.barcelonaturisme.com\/wp-content\/uploads\/2025\/10\/Connexio-Espanya_02.jpg 575w, https:\/\/bcbnews.barcelonaturisme.com\/wp-content\/uploads\/2025\/10\/Connexio-Espanya_02-300x176.jpg 300w\" sizes=\"(max-width: 575px) 100vw, 575px\" \/><\/figure>\n<\/figure>\n\n\n\n<p><strong>El BCB torna a Madrid amb un esdeveniment estrat\u00e8gic per al sector MICE<\/strong><br>12 juny, Madrid<br><\/p>\n\n\n\n<p>El passat 12 de juny, el Barcelona Convention Bureau va marcar el seu retorn a Madrid amb un esdeveniment propi que va reunir ag\u00e8ncies i clients MICE sota el lema \u201c<strong>Barcelona m\u00e1s cerca que nunca<\/strong>\u201d.<br>Despr\u00e9s d\u2019uns anys sense una acci\u00f3 d\u2019aquest nivell a Madrid, la trobada va refor\u00e7ar els vincles professionals i va consolidar Barcelona com a destinaci\u00f3 innovadora i diversa en el sector de reunions i esdeveniments. <\/p>\n\n\n\n<p>El Christoph Tessmar, i l\u2019Anna S\u00e0nchez van iniciar la trobada amb unes paraules de benvinguda als participants. Durant l\u2019esdeveniment, es van presentar diferents projectes de ciutat i <strong>novetats sobre la destinaci\u00f3<\/strong>: Fira Barcelona, el nou projecte de Pla\u00e7a Espanya, o el Grand D\u00e9part del Tour de France, mostrant el dinamisme i la constant evoluci\u00f3 de Barcelona com a destinaci\u00f3 MICE. <\/p>\n\n\n\n<p>Els assistents tamb\u00e9 van poder con\u00e8ixer de primera m\u00e0 l\u2019oferta dels diferents territoris de la Destinaci\u00f3 Barcelona: <strong>Sitges, Baix Llobregat, Pened\u00e8s, Maresme i Bages<\/strong>, mentre que els nostres membres van tenir l\u2019oportunitat de representar l\u2019oferta complement\u00e0ria de la ciutat i presentar els seus serveis directament als principals prescriptors del mercat madrileny, tot en un ambient informal i dist\u00e8s que va afavorir el di\u00e0leg i les connexions professionals.<\/p>\n\n\n\n<p>A m\u00e9s de generar noves oportunitats de negoci, la trobada va refor\u00e7ar la imatge de Barcelona com una destinaci\u00f3 que uneix innovaci\u00f3, excel\u00b7l\u00e8ncia professional i atractius \u00fanics a trav\u00e9s de la seva diversitat territorial. <\/p>\n\n\n\n<p>Agra\u00efm la col\u00b7laboraci\u00f3 especial de <strong>Fam\u00edlia Torres, Codorn\u00edu i Damm<\/strong>, que van contribuir a la promoci\u00f3 del territori aportant la qualitat dels seus vins, caves i cerveses, afegint un toc especial i distintiu a l\u2019experi\u00e8ncia.<\/p>\n\n\n\n<p><strong>Per a m\u00e9s informaci\u00f3: Mireia Tubau<\/strong> \u2013 mtubau@barcelonaturisme.com<\/p>\n\n\n\n<p><\/p>\n\n\n\n<figure class=\"wp-block-image aligncenter size-full\"><img decoding=\"async\" width=\"575\" height=\"337\" src=\"https:\/\/bcbnews.barcelonaturisme.com\/wp-content\/uploads\/2025\/10\/BED_01.jpg\" alt=\"\" class=\"wp-image-6934\" srcset=\"https:\/\/bcbnews.barcelonaturisme.com\/wp-content\/uploads\/2025\/10\/BED_01.jpg 575w, https:\/\/bcbnews.barcelonaturisme.com\/wp-content\/uploads\/2025\/10\/BED_01-300x176.jpg 300w\" sizes=\"(max-width: 575px) 100vw, 575px\" \/><\/figure>\n\n\n\n<p><strong>BED<\/strong><br>8 juliol, Barcelona<\/p>\n\n\n\n<p>El passat 8 de juliol, el BCB va participar a la 8\u00aa edici\u00f3 del Barcelona Event Day (BED), celebrada al recent inaugurat hotel SLS Barcelona, sota el lema \u201cLa infinidad por dentro\u201d.<br>Els Event Days s\u00f3n trobades professionals organitzades per Eventoplus, que reuneixen centenars de professionals del sector dels esdeveniments en una jornada de sessions formatives, reunions agendades i networking. Enguany hi van participar prop de 400 prove\u00efdors i compradors d\u2019ag\u00e8ncies, empreses i associacions.<\/p>\n\n\n\n<p>Aquesta edici\u00f3 va comptar principalment amb la pres\u00e8ncia de prove\u00efdors de Catalunya (destinacions, hotels, espais i empreses de serveis per a esdeveniments), que van tenir l\u2019oportunitat de connectar amb organitzadors nacionals del sector MICE. Des del BCB, vam participar en aquesta jornada compartint idees, establint noves relacions comercials i enfortint vincles amb professionals del sector, consolidant aix\u00ed la nostra pres\u00e8ncia en aquest punt de trobada de refer\u00e8ncia.<br><\/p>\n\n\n\n<p><strong>Per a m\u00e9s informaci\u00f3: Marta Aldana <\/strong>\u2013 maldana@barcelonaturisme.com<\/p>\n","protected":false},"excerpt":{"rendered":"<p>Connexions al mercat nacional<\/p>\n","protected":false},"author":3,"featured_media":6928,"comment_status":"closed","ping_status":"closed","sticky":false,"template":"","format":"standard","meta":{"footnotes":""},"categories":[4],"tags":[],"capcalera":[],"class_list":["post-6927","post","type-post","status-publish","format-standard","has-post-thumbnail","hentry","category-accions-promocionals"],"acf":[],"yoast_head":"<!-- This site is optimized with the Yoast SEO plugin v25.3 - https:\/\/yoast.com\/wordpress\/plugins\/seo\/ -->\n<title>Connexi\u00f3 Barcelona-Espanya - Barcelona Convention Bureau<\/title>\n<meta name=\"robots\" content=\"index, follow, max-snippet:-1, max-image-preview:large, max-video-preview:-1\" \/>\n<link rel=\"canonical\" href=\"https:\/\/bcbnews.barcelonaturisme.com\/?p=6927\" \/>\n<meta property=\"og:locale\" content=\"ca_ES\" \/>\n<meta property=\"og:type\" content=\"article\" \/>\n<meta property=\"og:title\" content=\"Connexi\u00f3 Barcelona-Espanya - Barcelona Convention Bureau\" \/>\n<meta property=\"og:description\" content=\"Connexions al mercat nacional\" \/>\n<meta property=\"og:url\" content=\"https:\/\/bcbnews.barcelonaturisme.com\/?p=6927\" \/>\n<meta property=\"og:site_name\" content=\"Barcelona Convention Bureau\" \/>\n<meta property=\"article:published_time\" content=\"2025-10-01T10:22:22+00:00\" \/>\n<meta property=\"article:modified_time\" content=\"2025-10-01T10:22:23+00:00\" \/>\n<meta property=\"og:image\" content=\"https:\/\/bcbnews.barcelonaturisme.com\/wp-content\/uploads\/2025\/10\/Connexio-Espanya_00.jpg\" \/>\n\t<meta property=\"og:image:width\" content=\"1920\" \/>\n\t<meta property=\"og:image:height\" content=\"1080\" \/>\n\t<meta property=\"og:image:type\" content=\"image\/jpeg\" \/>\n<meta name=\"author\" content=\"mcolomer\" \/>\n<meta name=\"twitter:card\" content=\"summary_large_image\" \/>\n<meta name=\"twitter:label1\" content=\"Escrit per\" \/>\n\t<meta name=\"twitter:data1\" content=\"mcolomer\" \/>\n\t<meta name=\"twitter:label2\" content=\"Temps estimat de lectura\" \/>\n\t<meta name=\"twitter:data2\" content=\"4 minuts\" \/>\n<script type=\"application\/ld+json\" class=\"yoast-schema-graph\">{\"@context\":\"https:\/\/schema.org\",\"@graph\":[{\"@type\":\"Article\",\"@id\":\"https:\/\/bcbnews.barcelonaturisme.com\/?p=6927#article\",\"isPartOf\":{\"@id\":\"https:\/\/bcbnews.barcelonaturisme.com\/?p=6927\"},\"author\":{\"name\":\"mcolomer\",\"@id\":\"https:\/\/bcbnews.barcelonaturisme.com\/#\/schema\/person\/3fc6b66859de7d1dd2e84afaba046551\"},\"headline\":\"Connexi\u00f3 Barcelona-Espanya\",\"datePublished\":\"2025-10-01T10:22:22+00:00\",\"dateModified\":\"2025-10-01T10:22:23+00:00\",\"mainEntityOfPage\":{\"@id\":\"https:\/\/bcbnews.barcelonaturisme.com\/?p=6927\"},\"wordCount\":486,\"publisher\":{\"@id\":\"https:\/\/bcbnews.barcelonaturisme.com\/#organization\"},\"image\":{\"@id\":\"https:\/\/bcbnews.barcelonaturisme.com\/?p=6927#primaryimage\"},\"thumbnailUrl\":\"https:\/\/bcbnews.barcelonaturisme.com\/wp-content\/uploads\/2025\/10\/Connexio-Espanya_00.jpg\",\"articleSection\":[\"Accions Promocionals\"],\"inLanguage\":\"ca\"},{\"@type\":\"WebPage\",\"@id\":\"https:\/\/bcbnews.barcelonaturisme.com\/?p=6927\",\"url\":\"https:\/\/bcbnews.barcelonaturisme.com\/?p=6927\",\"name\":\"Connexi\u00f3 Barcelona-Espanya - Barcelona Convention Bureau\",\"isPartOf\":{\"@id\":\"https:\/\/bcbnews.barcelonaturisme.com\/#website\"},\"primaryImageOfPage\":{\"@id\":\"https:\/\/bcbnews.barcelonaturisme.com\/?p=6927#primaryimage\"},\"image\":{\"@id\":\"https:\/\/bcbnews.barcelonaturisme.com\/?p=6927#primaryimage\"},\"thumbnailUrl\":\"https:\/\/bcbnews.barcelonaturisme.com\/wp-content\/uploads\/2025\/10\/Connexio-Espanya_00.jpg\",\"datePublished\":\"2025-10-01T10:22:22+00:00\",\"dateModified\":\"2025-10-01T10:22:23+00:00\",\"breadcrumb\":{\"@id\":\"https:\/\/bcbnews.barcelonaturisme.com\/?p=6927#breadcrumb\"},\"inLanguage\":\"ca\",\"potentialAction\":[{\"@type\":\"ReadAction\",\"target\":[\"https:\/\/bcbnews.barcelonaturisme.com\/?p=6927\"]}]},{\"@type\":\"ImageObject\",\"inLanguage\":\"ca\",\"@id\":\"https:\/\/bcbnews.barcelonaturisme.com\/?p=6927#primaryimage\",\"url\":\"https:\/\/bcbnews.barcelonaturisme.com\/wp-content\/uploads\/2025\/10\/Connexio-Espanya_00.jpg\",\"contentUrl\":\"https:\/\/bcbnews.barcelonaturisme.com\/wp-content\/uploads\/2025\/10\/Connexio-Espanya_00.jpg\",\"width\":1920,\"height\":1080},{\"@type\":\"BreadcrumbList\",\"@id\":\"https:\/\/bcbnews.barcelonaturisme.com\/?p=6927#breadcrumb\",\"itemListElement\":[{\"@type\":\"ListItem\",\"position\":1,\"name\":\"Inici\",\"item\":\"https:\/\/bcbnews.barcelonaturisme.com\/\"},{\"@type\":\"ListItem\",\"position\":2,\"name\":\"Connexi\u00f3 Barcelona-Espanya\"}]},{\"@type\":\"WebSite\",\"@id\":\"https:\/\/bcbnews.barcelonaturisme.com\/#website\",\"url\":\"https:\/\/bcbnews.barcelonaturisme.com\/\",\"name\":\"BCB News \/ Barcelona Convention Bureau\",\"description\":\"BCB Magazine\",\"publisher\":{\"@id\":\"https:\/\/bcbnews.barcelonaturisme.com\/#organization\"},\"potentialAction\":[{\"@type\":\"SearchAction\",\"target\":{\"@type\":\"EntryPoint\",\"urlTemplate\":\"https:\/\/bcbnews.barcelonaturisme.com\/?s={search_term_string}\"},\"query-input\":{\"@type\":\"PropertyValueSpecification\",\"valueRequired\":true,\"valueName\":\"search_term_string\"}}],\"inLanguage\":\"ca\"},{\"@type\":\"Organization\",\"@id\":\"https:\/\/bcbnews.barcelonaturisme.com\/#organization\",\"name\":\"BCB News \/ Barcelona Convention Bureau\",\"url\":\"https:\/\/bcbnews.barcelonaturisme.com\/\",\"logo\":{\"@type\":\"ImageObject\",\"inLanguage\":\"ca\",\"@id\":\"https:\/\/bcbnews.barcelonaturisme.com\/#\/schema\/logo\/image\/\",\"url\":\"https:\/\/bcbnews.barcelonaturisme.com\/wp-content\/uploads\/2021\/12\/BCB_logo.png\",\"contentUrl\":\"https:\/\/bcbnews.barcelonaturisme.com\/wp-content\/uploads\/2021\/12\/BCB_logo.png\",\"width\":543,\"height\":166,\"caption\":\"BCB News \/ Barcelona Convention Bureau\"},\"image\":{\"@id\":\"https:\/\/bcbnews.barcelonaturisme.com\/#\/schema\/logo\/image\/\"}},{\"@type\":\"Person\",\"@id\":\"https:\/\/bcbnews.barcelonaturisme.com\/#\/schema\/person\/3fc6b66859de7d1dd2e84afaba046551\",\"name\":\"mcolomer\",\"url\":\"https:\/\/bcbnews.barcelonaturisme.com\/?author=3\"}]}<\/script>\n<!-- \/ Yoast SEO plugin. -->","yoast_head_json":{"title":"Connexi\u00f3 Barcelona-Espanya - Barcelona Convention Bureau","robots":{"index":"index","follow":"follow","max-snippet":"max-snippet:-1","max-image-preview":"max-image-preview:large","max-video-preview":"max-video-preview:-1"},"canonical":"https:\/\/bcbnews.barcelonaturisme.com\/?p=6927","og_locale":"ca_ES","og_type":"article","og_title":"Connexi\u00f3 Barcelona-Espanya - Barcelona Convention Bureau","og_description":"Connexions al mercat nacional","og_url":"https:\/\/bcbnews.barcelonaturisme.com\/?p=6927","og_site_name":"Barcelona Convention Bureau","article_published_time":"2025-10-01T10:22:22+00:00","article_modified_time":"2025-10-01T10:22:23+00:00","og_image":[{"width":1920,"height":1080,"url":"https:\/\/bcbnews.barcelonaturisme.com\/wp-content\/uploads\/2025\/10\/Connexio-Espanya_00.jpg","type":"image\/jpeg"}],"author":"mcolomer","twitter_card":"summary_large_image","twitter_misc":{"Escrit per":"mcolomer","Temps estimat de lectura":"4 minuts"},"schema":{"@context":"https:\/\/schema.org","@graph":[{"@type":"Article","@id":"https:\/\/bcbnews.barcelonaturisme.com\/?p=6927#article","isPartOf":{"@id":"https:\/\/bcbnews.barcelonaturisme.com\/?p=6927"},"author":{"name":"mcolomer","@id":"https:\/\/bcbnews.barcelonaturisme.com\/#\/schema\/person\/3fc6b66859de7d1dd2e84afaba046551"},"headline":"Connexi\u00f3 Barcelona-Espanya","datePublished":"2025-10-01T10:22:22+00:00","dateModified":"2025-10-01T10:22:23+00:00","mainEntityOfPage":{"@id":"https:\/\/bcbnews.barcelonaturisme.com\/?p=6927"},"wordCount":486,"publisher":{"@id":"https:\/\/bcbnews.barcelonaturisme.com\/#organization"},"image":{"@id":"https:\/\/bcbnews.barcelonaturisme.com\/?p=6927#primaryimage"},"thumbnailUrl":"https:\/\/bcbnews.barcelonaturisme.com\/wp-content\/uploads\/2025\/10\/Connexio-Espanya_00.jpg","articleSection":["Accions Promocionals"],"inLanguage":"ca"},{"@type":"WebPage","@id":"https:\/\/bcbnews.barcelonaturisme.com\/?p=6927","url":"https:\/\/bcbnews.barcelonaturisme.com\/?p=6927","name":"Connexi\u00f3 Barcelona-Espanya - Barcelona Convention Bureau","isPartOf":{"@id":"https:\/\/bcbnews.barcelonaturisme.com\/#website"},"primaryImageOfPage":{"@id":"https:\/\/bcbnews.barcelonaturisme.com\/?p=6927#primaryimage"},"image":{"@id":"https:\/\/bcbnews.barcelonaturisme.com\/?p=6927#primaryimage"},"thumbnailUrl":"https:\/\/bcbnews.barcelonaturisme.com\/wp-content\/uploads\/2025\/10\/Connexio-Espanya_00.jpg","datePublished":"2025-10-01T10:22:22+00:00","dateModified":"2025-10-01T10:22:23+00:00","breadcrumb":{"@id":"https:\/\/bcbnews.barcelonaturisme.com\/?p=6927#breadcrumb"},"inLanguage":"ca","potentialAction":[{"@type":"ReadAction","target":["https:\/\/bcbnews.barcelonaturisme.com\/?p=6927"]}]},{"@type":"ImageObject","inLanguage":"ca","@id":"https:\/\/bcbnews.barcelonaturisme.com\/?p=6927#primaryimage","url":"https:\/\/bcbnews.barcelonaturisme.com\/wp-content\/uploads\/2025\/10\/Connexio-Espanya_00.jpg","contentUrl":"https:\/\/bcbnews.barcelonaturisme.com\/wp-content\/uploads\/2025\/10\/Connexio-Espanya_00.jpg","width":1920,"height":1080},{"@type":"BreadcrumbList","@id":"https:\/\/bcbnews.barcelonaturisme.com\/?p=6927#breadcrumb","itemListElement":[{"@type":"ListItem","position":1,"name":"Inici","item":"https:\/\/bcbnews.barcelonaturisme.com\/"},{"@type":"ListItem","position":2,"name":"Connexi\u00f3 Barcelona-Espanya"}]},{"@type":"WebSite","@id":"https:\/\/bcbnews.barcelonaturisme.com\/#website","url":"https:\/\/bcbnews.barcelonaturisme.com\/","name":"BCB News \/ Barcelona Convention Bureau","description":"BCB Magazine","publisher":{"@id":"https:\/\/bcbnews.barcelonaturisme.com\/#organization"},"potentialAction":[{"@type":"SearchAction","target":{"@type":"EntryPoint","urlTemplate":"https:\/\/bcbnews.barcelonaturisme.com\/?s={search_term_string}"},"query-input":{"@type":"PropertyValueSpecification","valueRequired":true,"valueName":"search_term_string"}}],"inLanguage":"ca"},{"@type":"Organization","@id":"https:\/\/bcbnews.barcelonaturisme.com\/#organization","name":"BCB News \/ Barcelona Convention Bureau","url":"https:\/\/bcbnews.barcelonaturisme.com\/","logo":{"@type":"ImageObject","inLanguage":"ca","@id":"https:\/\/bcbnews.barcelonaturisme.com\/#\/schema\/logo\/image\/","url":"https:\/\/bcbnews.barcelonaturisme.com\/wp-content\/uploads\/2021\/12\/BCB_logo.png","contentUrl":"https:\/\/bcbnews.barcelonaturisme.com\/wp-content\/uploads\/2021\/12\/BCB_logo.png","width":543,"height":166,"caption":"BCB News \/ Barcelona Convention Bureau"},"image":{"@id":"https:\/\/bcbnews.barcelonaturisme.com\/#\/schema\/logo\/image\/"}},{"@type":"Person","@id":"https:\/\/bcbnews.barcelonaturisme.com\/#\/schema\/person\/3fc6b66859de7d1dd2e84afaba046551","name":"mcolomer","url":"https:\/\/bcbnews.barcelonaturisme.com\/?author=3"}]}},"_links":{"self":[{"href":"https:\/\/bcbnews.barcelonaturisme.com\/index.php?rest_route=\/wp\/v2\/posts\/6927"}],"collection":[{"href":"https:\/\/bcbnews.barcelonaturisme.com\/index.php?rest_route=\/wp\/v2\/posts"}],"about":[{"href":"https:\/\/bcbnews.barcelonaturisme.com\/index.php?rest_route=\/wp\/v2\/types\/post"}],"author":[{"embeddable":true,"href":"https:\/\/bcbnews.barcelonaturisme.com\/index.php?rest_route=\/wp\/v2\/users\/3"}],"replies":[{"embeddable":true,"href":"https:\/\/bcbnews.barcelonaturisme.com\/index.php?rest_route=%2Fwp%2Fv2%2Fcomments&post=6927"}],"version-history":[{"count":1,"href":"https:\/\/bcbnews.barcelonaturisme.com\/index.php?rest_route=\/wp\/v2\/posts\/6927\/revisions"}],"predecessor-version":[{"id":6936,"href":"https:\/\/bcbnews.barcelonaturisme.com\/index.php?rest_route=\/wp\/v2\/posts\/6927\/revisions\/6936"}],"wp:featuredmedia":[{"embeddable":true,"href":"https:\/\/bcbnews.barcelonaturisme.com\/index.php?rest_route=\/wp\/v2\/media\/6928"}],"wp:attachment":[{"href":"https:\/\/bcbnews.barcelonaturisme.com\/index.php?rest_route=%2Fwp%2Fv2%2Fmedia&parent=6927"}],"wp:term":[{"taxonomy":"category","embeddable":true,"href":"https:\/\/bcbnews.barcelonaturisme.com\/index.php?rest_route=%2Fwp%2Fv2%2Fcategories&post=6927"},{"taxonomy":"post_tag","embeddable":true,"href":"https:\/\/bcbnews.barcelonaturisme.com\/index.php?rest_route=%2Fwp%2Fv2%2Ftags&post=6927"},{"taxonomy":"capcalera","embeddable":true,"href":"https:\/\/bcbnews.barcelonaturisme.com\/index.php?rest_route=%2Fwp%2Fv2%2Fcapcalera&post=6927"}],"curies":[{"name":"wp","href":"https:\/\/api.w.org\/{rel}","templated":true}]}}