{"id":6983,"date":"2025-10-01T13:29:16","date_gmt":"2025-10-01T11:29:16","guid":{"rendered":"https:\/\/bcbnews.barcelonaturisme.com\/?p=6983"},"modified":"2025-10-01T13:30:36","modified_gmt":"2025-10-01T11:30:36","slug":"palau-moxo-lelegancia-barroca-al-cor-de-barcelona","status":"publish","type":"post","link":"https:\/\/bcbnews.barcelonaturisme.com\/?p=6983&lang=es","title":{"rendered":"Palau Mox\u00f3: la elegancia barroca en el coraz\u00f3n de Barcelona"},"content":{"rendered":"\n<p class=\"has-medium-font-size\"><strong>Un escenario singular para eventos exclusivos<\/strong><\/p>\n\n\n\n<figure class=\"wp-block-gallery has-nested-images columns-default is-cropped wp-block-gallery-1 is-layout-flex wp-block-gallery-is-layout-flex\">\n<figure class=\"wp-block-image size-large\"><img fetchpriority=\"high\" decoding=\"async\" width=\"575\" height=\"337\" data-id=\"6976\" src=\"https:\/\/bcbnews.barcelonaturisme.com\/wp-content\/uploads\/2025\/10\/Palau-Moxo_01.jpg\" alt=\"\" class=\"wp-image-6976\" srcset=\"https:\/\/bcbnews.barcelonaturisme.com\/wp-content\/uploads\/2025\/10\/Palau-Moxo_01.jpg 575w, https:\/\/bcbnews.barcelonaturisme.com\/wp-content\/uploads\/2025\/10\/Palau-Moxo_01-300x176.jpg 300w\" sizes=\"(max-width: 575px) 100vw, 575px\" \/><\/figure>\n\n\n\n<figure class=\"wp-block-image size-large\"><img decoding=\"async\" width=\"575\" height=\"337\" data-id=\"6978\" src=\"https:\/\/bcbnews.barcelonaturisme.com\/wp-content\/uploads\/2025\/10\/Palau-Moxo_02.jpg\" alt=\"\" class=\"wp-image-6978\" srcset=\"https:\/\/bcbnews.barcelonaturisme.com\/wp-content\/uploads\/2025\/10\/Palau-Moxo_02.jpg 575w, https:\/\/bcbnews.barcelonaturisme.com\/wp-content\/uploads\/2025\/10\/Palau-Moxo_02-300x176.jpg 300w\" sizes=\"(max-width: 575px) 100vw, 575px\" \/><\/figure>\n\n\n\n<figure class=\"wp-block-image size-large\"><img decoding=\"async\" width=\"575\" height=\"337\" data-id=\"6979\" src=\"https:\/\/bcbnews.barcelonaturisme.com\/wp-content\/uploads\/2025\/10\/Palau-Moxo_03.jpg\" alt=\"\" class=\"wp-image-6979\" srcset=\"https:\/\/bcbnews.barcelonaturisme.com\/wp-content\/uploads\/2025\/10\/Palau-Moxo_03.jpg 575w, https:\/\/bcbnews.barcelonaturisme.com\/wp-content\/uploads\/2025\/10\/Palau-Moxo_03-300x176.jpg 300w\" sizes=\"(max-width: 575px) 100vw, 575px\" \/><\/figure>\n<\/figure>\n\n\n\n<p>Construido en el siglo XVIII y considerado uno de los palacios urbanos m\u00e1s valiosos de Barcelona, el <strong>Palau Mox\u00f3<\/strong> reabre sus puertas para convertirse en un <strong>espacio \u00fanico para la celebraci\u00f3n de eventos de prestigio<\/strong>. Situado en la Plaza Sant Just, el palacio conserva su esplendor barroco con salones nobles, patios singulares y detalles arquitect\u00f3nicos de un enorme valor hist\u00f3rico y art\u00edstico.<\/p>\n\n\n\n<p>Durante m\u00e1s de tres siglos, la familia Mox\u00f3 abri\u00f3 estos salones a la alta sociedad barcelonesa y, hoy, tras una cuidada rehabilitaci\u00f3n, el Palacio vuelve a ser un <strong>punto de encuentro privilegiado<\/strong>. Con m\u00e1s de <strong>500 m\u00b2 adaptables<\/strong>, sus espacios combinan patrimonio y modernidad para acoger desde reuniones corporativas y conferencias hasta banquetes, presentaciones, desfiles o cenas de gala.<\/p>\n\n\n\n<p>Entre sus espacios m\u00e1s emblem\u00e1ticos destacan la <strong>Sala Sant Mori<\/strong>, con su techo rococ\u00f3 y capacidad para hasta 80 personas en formato c\u00f3ctel; la <strong>Sala Montcort\u00e9s<\/strong>, con vistas a la Bas\u00edlica de Sant Just, con capacidad para 70 personas; y la <strong>Sala Rocabert\u00ed<\/strong>, \u00edntima y acogedora, ideal para encuentros m\u00e1s reducidos de hasta 30 personas. En la planta baja, las <strong>Caballerizas y Cocheras<\/strong> permiten recepciones de hasta 100 invitados, mientras que el <strong>Patio Italiano<\/strong>, un encantador espacio descubierto, ofrece un ambiente \u00fanico para recepciones al aire libre de hasta 25 personas.<\/p>\n\n\n\n<p>El Palau Mox\u00f3 se consolida as\u00ed como una <strong>joya del patrimonio barcelon\u00e9s<\/strong> y un escenario singular donde revivir la elegancia del siglo XVIII en pleno siglo XXI.<\/p>\n\n\n\n<p><\/p>\n\n\n\n<p><strong>M\u00e1s informaci\u00f3n:<\/strong> <strong>Myriam Harrag<\/strong>, Events Manager &#8211; <a href=\"mailto:eventos@mercerresidencespalaumoxo.com\" target=\"_blank\" rel=\"noreferrer noopener\">eventos@mercerresidencespalaumoxo.com<\/a><\/p>\n","protected":false},"excerpt":{"rendered":"<p>Un escenario singular para eventos exclusivos<\/p>\n","protected":false},"author":3,"featured_media":6975,"comment_status":"closed","ping_status":"closed","sticky":false,"template":"","format":"standard","meta":{"footnotes":""},"categories":[27],"tags":[],"capcalera":[],"class_list":["post-6983","post","type-post","status-publish","format-standard","has-post-thumbnail","hentry","category-noticias"],"acf":[],"yoast_head":"<!-- This site is optimized with the Yoast SEO plugin v25.3 - https:\/\/yoast.com\/wordpress\/plugins\/seo\/ -->\n<title>Palau Mox\u00f3: la elegancia barroca en el coraz\u00f3n de Barcelona - Barcelona Convention Bureau<\/title>\n<meta name=\"robots\" content=\"index, follow, max-snippet:-1, max-image-preview:large, max-video-preview:-1\" \/>\n<link rel=\"canonical\" href=\"https:\/\/bcbnews.barcelonaturisme.com\/?p=6983&lang=es\" \/>\n<meta property=\"og:locale\" content=\"ca_ES\" \/>\n<meta property=\"og:type\" content=\"article\" \/>\n<meta property=\"og:title\" content=\"Palau Mox\u00f3: la elegancia barroca en el coraz\u00f3n de Barcelona - Barcelona Convention Bureau\" \/>\n<meta property=\"og:description\" content=\"Un escenario singular para eventos exclusivos\" \/>\n<meta property=\"og:url\" content=\"https:\/\/bcbnews.barcelonaturisme.com\/?p=6983&amp;lang=es\" \/>\n<meta property=\"og:site_name\" content=\"Barcelona Convention Bureau\" \/>\n<meta property=\"article:published_time\" content=\"2025-10-01T11:29:16+00:00\" \/>\n<meta property=\"article:modified_time\" content=\"2025-10-01T11:30:36+00:00\" \/>\n<meta property=\"og:image\" content=\"https:\/\/bcbnews.barcelonaturisme.com\/wp-content\/uploads\/2025\/10\/Palau-Moxo_00.jpg\" \/>\n\t<meta property=\"og:image:width\" content=\"1920\" \/>\n\t<meta property=\"og:image:height\" content=\"1080\" \/>\n\t<meta property=\"og:image:type\" content=\"image\/jpeg\" \/>\n<meta name=\"author\" content=\"mcolomer\" \/>\n<meta name=\"twitter:card\" content=\"summary_large_image\" \/>\n<meta name=\"twitter:label1\" content=\"Escrit per\" \/>\n\t<meta name=\"twitter:data1\" content=\"mcolomer\" \/>\n\t<meta name=\"twitter:label2\" content=\"Temps estimat de lectura\" \/>\n\t<meta name=\"twitter:data2\" content=\"3 minuts\" \/>\n<script type=\"application\/ld+json\" class=\"yoast-schema-graph\">{\"@context\":\"https:\/\/schema.org\",\"@graph\":[{\"@type\":\"Article\",\"@id\":\"https:\/\/bcbnews.barcelonaturisme.com\/?p=6983&lang=es#article\",\"isPartOf\":{\"@id\":\"https:\/\/bcbnews.barcelonaturisme.com\/?p=6983&lang=es\"},\"author\":{\"name\":\"mcolomer\",\"@id\":\"https:\/\/bcbnews.barcelonaturisme.com\/#\/schema\/person\/3fc6b66859de7d1dd2e84afaba046551\"},\"headline\":\"Palau Mox\u00f3: la elegancia barroca en el coraz\u00f3n de Barcelona\",\"datePublished\":\"2025-10-01T11:29:16+00:00\",\"dateModified\":\"2025-10-01T11:30:36+00:00\",\"mainEntityOfPage\":{\"@id\":\"https:\/\/bcbnews.barcelonaturisme.com\/?p=6983&lang=es\"},\"wordCount\":277,\"publisher\":{\"@id\":\"https:\/\/bcbnews.barcelonaturisme.com\/#organization\"},\"image\":{\"@id\":\"https:\/\/bcbnews.barcelonaturisme.com\/?p=6983&lang=es#primaryimage\"},\"thumbnailUrl\":\"https:\/\/bcbnews.barcelonaturisme.com\/wp-content\/uploads\/2025\/10\/Palau-Moxo_00.jpg\",\"articleSection\":[\"Noticias\"],\"inLanguage\":\"ca\"},{\"@type\":\"WebPage\",\"@id\":\"https:\/\/bcbnews.barcelonaturisme.com\/?p=6983&lang=es\",\"url\":\"https:\/\/bcbnews.barcelonaturisme.com\/?p=6983&lang=es\",\"name\":\"Palau Mox\u00f3: la elegancia barroca en el coraz\u00f3n de Barcelona - Barcelona Convention Bureau\",\"isPartOf\":{\"@id\":\"https:\/\/bcbnews.barcelonaturisme.com\/#website\"},\"primaryImageOfPage\":{\"@id\":\"https:\/\/bcbnews.barcelonaturisme.com\/?p=6983&lang=es#primaryimage\"},\"image\":{\"@id\":\"https:\/\/bcbnews.barcelonaturisme.com\/?p=6983&lang=es#primaryimage\"},\"thumbnailUrl\":\"https:\/\/bcbnews.barcelonaturisme.com\/wp-content\/uploads\/2025\/10\/Palau-Moxo_00.jpg\",\"datePublished\":\"2025-10-01T11:29:16+00:00\",\"dateModified\":\"2025-10-01T11:30:36+00:00\",\"breadcrumb\":{\"@id\":\"https:\/\/bcbnews.barcelonaturisme.com\/?p=6983&lang=es#breadcrumb\"},\"inLanguage\":\"ca\",\"potentialAction\":[{\"@type\":\"ReadAction\",\"target\":[\"https:\/\/bcbnews.barcelonaturisme.com\/?p=6983&lang=es\"]}]},{\"@type\":\"ImageObject\",\"inLanguage\":\"ca\",\"@id\":\"https:\/\/bcbnews.barcelonaturisme.com\/?p=6983&lang=es#primaryimage\",\"url\":\"https:\/\/bcbnews.barcelonaturisme.com\/wp-content\/uploads\/2025\/10\/Palau-Moxo_00.jpg\",\"contentUrl\":\"https:\/\/bcbnews.barcelonaturisme.com\/wp-content\/uploads\/2025\/10\/Palau-Moxo_00.jpg\",\"width\":1920,\"height\":1080},{\"@type\":\"BreadcrumbList\",\"@id\":\"https:\/\/bcbnews.barcelonaturisme.com\/?p=6983&lang=es#breadcrumb\",\"itemListElement\":[{\"@type\":\"ListItem\",\"position\":1,\"name\":\"Inici\",\"item\":\"https:\/\/bcbnews.barcelonaturisme.com\/\"},{\"@type\":\"ListItem\",\"position\":2,\"name\":\"Palau Mox\u00f3: la elegancia barroca en el coraz\u00f3n de Barcelona\"}]},{\"@type\":\"WebSite\",\"@id\":\"https:\/\/bcbnews.barcelonaturisme.com\/#website\",\"url\":\"https:\/\/bcbnews.barcelonaturisme.com\/\",\"name\":\"BCB News \/ Barcelona Convention Bureau\",\"description\":\"BCB Magazine\",\"publisher\":{\"@id\":\"https:\/\/bcbnews.barcelonaturisme.com\/#organization\"},\"potentialAction\":[{\"@type\":\"SearchAction\",\"target\":{\"@type\":\"EntryPoint\",\"urlTemplate\":\"https:\/\/bcbnews.barcelonaturisme.com\/?s={search_term_string}\"},\"query-input\":{\"@type\":\"PropertyValueSpecification\",\"valueRequired\":true,\"valueName\":\"search_term_string\"}}],\"inLanguage\":\"ca\"},{\"@type\":\"Organization\",\"@id\":\"https:\/\/bcbnews.barcelonaturisme.com\/#organization\",\"name\":\"BCB News \/ Barcelona Convention Bureau\",\"url\":\"https:\/\/bcbnews.barcelonaturisme.com\/\",\"logo\":{\"@type\":\"ImageObject\",\"inLanguage\":\"ca\",\"@id\":\"https:\/\/bcbnews.barcelonaturisme.com\/#\/schema\/logo\/image\/\",\"url\":\"https:\/\/bcbnews.barcelonaturisme.com\/wp-content\/uploads\/2021\/12\/BCB_logo.png\",\"contentUrl\":\"https:\/\/bcbnews.barcelonaturisme.com\/wp-content\/uploads\/2021\/12\/BCB_logo.png\",\"width\":543,\"height\":166,\"caption\":\"BCB News \/ Barcelona Convention Bureau\"},\"image\":{\"@id\":\"https:\/\/bcbnews.barcelonaturisme.com\/#\/schema\/logo\/image\/\"}},{\"@type\":\"Person\",\"@id\":\"https:\/\/bcbnews.barcelonaturisme.com\/#\/schema\/person\/3fc6b66859de7d1dd2e84afaba046551\",\"name\":\"mcolomer\",\"url\":\"https:\/\/bcbnews.barcelonaturisme.com\/?author=3\"}]}<\/script>\n<!-- \/ Yoast SEO plugin. -->","yoast_head_json":{"title":"Palau Mox\u00f3: la elegancia barroca en el coraz\u00f3n de Barcelona - Barcelona Convention Bureau","robots":{"index":"index","follow":"follow","max-snippet":"max-snippet:-1","max-image-preview":"max-image-preview:large","max-video-preview":"max-video-preview:-1"},"canonical":"https:\/\/bcbnews.barcelonaturisme.com\/?p=6983&lang=es","og_locale":"ca_ES","og_type":"article","og_title":"Palau Mox\u00f3: la elegancia barroca en el coraz\u00f3n de Barcelona - Barcelona Convention Bureau","og_description":"Un escenario singular para eventos exclusivos","og_url":"https:\/\/bcbnews.barcelonaturisme.com\/?p=6983&lang=es","og_site_name":"Barcelona Convention Bureau","article_published_time":"2025-10-01T11:29:16+00:00","article_modified_time":"2025-10-01T11:30:36+00:00","og_image":[{"width":1920,"height":1080,"url":"https:\/\/bcbnews.barcelonaturisme.com\/wp-content\/uploads\/2025\/10\/Palau-Moxo_00.jpg","type":"image\/jpeg"}],"author":"mcolomer","twitter_card":"summary_large_image","twitter_misc":{"Escrit per":"mcolomer","Temps estimat de lectura":"3 minuts"},"schema":{"@context":"https:\/\/schema.org","@graph":[{"@type":"Article","@id":"https:\/\/bcbnews.barcelonaturisme.com\/?p=6983&lang=es#article","isPartOf":{"@id":"https:\/\/bcbnews.barcelonaturisme.com\/?p=6983&lang=es"},"author":{"name":"mcolomer","@id":"https:\/\/bcbnews.barcelonaturisme.com\/#\/schema\/person\/3fc6b66859de7d1dd2e84afaba046551"},"headline":"Palau Mox\u00f3: la elegancia barroca en el coraz\u00f3n de Barcelona","datePublished":"2025-10-01T11:29:16+00:00","dateModified":"2025-10-01T11:30:36+00:00","mainEntityOfPage":{"@id":"https:\/\/bcbnews.barcelonaturisme.com\/?p=6983&lang=es"},"wordCount":277,"publisher":{"@id":"https:\/\/bcbnews.barcelonaturisme.com\/#organization"},"image":{"@id":"https:\/\/bcbnews.barcelonaturisme.com\/?p=6983&lang=es#primaryimage"},"thumbnailUrl":"https:\/\/bcbnews.barcelonaturisme.com\/wp-content\/uploads\/2025\/10\/Palau-Moxo_00.jpg","articleSection":["Noticias"],"inLanguage":"ca"},{"@type":"WebPage","@id":"https:\/\/bcbnews.barcelonaturisme.com\/?p=6983&lang=es","url":"https:\/\/bcbnews.barcelonaturisme.com\/?p=6983&lang=es","name":"Palau Mox\u00f3: la elegancia barroca en el coraz\u00f3n de Barcelona - Barcelona Convention Bureau","isPartOf":{"@id":"https:\/\/bcbnews.barcelonaturisme.com\/#website"},"primaryImageOfPage":{"@id":"https:\/\/bcbnews.barcelonaturisme.com\/?p=6983&lang=es#primaryimage"},"image":{"@id":"https:\/\/bcbnews.barcelonaturisme.com\/?p=6983&lang=es#primaryimage"},"thumbnailUrl":"https:\/\/bcbnews.barcelonaturisme.com\/wp-content\/uploads\/2025\/10\/Palau-Moxo_00.jpg","datePublished":"2025-10-01T11:29:16+00:00","dateModified":"2025-10-01T11:30:36+00:00","breadcrumb":{"@id":"https:\/\/bcbnews.barcelonaturisme.com\/?p=6983&lang=es#breadcrumb"},"inLanguage":"ca","potentialAction":[{"@type":"ReadAction","target":["https:\/\/bcbnews.barcelonaturisme.com\/?p=6983&lang=es"]}]},{"@type":"ImageObject","inLanguage":"ca","@id":"https:\/\/bcbnews.barcelonaturisme.com\/?p=6983&lang=es#primaryimage","url":"https:\/\/bcbnews.barcelonaturisme.com\/wp-content\/uploads\/2025\/10\/Palau-Moxo_00.jpg","contentUrl":"https:\/\/bcbnews.barcelonaturisme.com\/wp-content\/uploads\/2025\/10\/Palau-Moxo_00.jpg","width":1920,"height":1080},{"@type":"BreadcrumbList","@id":"https:\/\/bcbnews.barcelonaturisme.com\/?p=6983&lang=es#breadcrumb","itemListElement":[{"@type":"ListItem","position":1,"name":"Inici","item":"https:\/\/bcbnews.barcelonaturisme.com\/"},{"@type":"ListItem","position":2,"name":"Palau Mox\u00f3: la elegancia barroca en el coraz\u00f3n de Barcelona"}]},{"@type":"WebSite","@id":"https:\/\/bcbnews.barcelonaturisme.com\/#website","url":"https:\/\/bcbnews.barcelonaturisme.com\/","name":"BCB News \/ Barcelona Convention Bureau","description":"BCB Magazine","publisher":{"@id":"https:\/\/bcbnews.barcelonaturisme.com\/#organization"},"potentialAction":[{"@type":"SearchAction","target":{"@type":"EntryPoint","urlTemplate":"https:\/\/bcbnews.barcelonaturisme.com\/?s={search_term_string}"},"query-input":{"@type":"PropertyValueSpecification","valueRequired":true,"valueName":"search_term_string"}}],"inLanguage":"ca"},{"@type":"Organization","@id":"https:\/\/bcbnews.barcelonaturisme.com\/#organization","name":"BCB News \/ Barcelona Convention Bureau","url":"https:\/\/bcbnews.barcelonaturisme.com\/","logo":{"@type":"ImageObject","inLanguage":"ca","@id":"https:\/\/bcbnews.barcelonaturisme.com\/#\/schema\/logo\/image\/","url":"https:\/\/bcbnews.barcelonaturisme.com\/wp-content\/uploads\/2021\/12\/BCB_logo.png","contentUrl":"https:\/\/bcbnews.barcelonaturisme.com\/wp-content\/uploads\/2021\/12\/BCB_logo.png","width":543,"height":166,"caption":"BCB News \/ Barcelona Convention Bureau"},"image":{"@id":"https:\/\/bcbnews.barcelonaturisme.com\/#\/schema\/logo\/image\/"}},{"@type":"Person","@id":"https:\/\/bcbnews.barcelonaturisme.com\/#\/schema\/person\/3fc6b66859de7d1dd2e84afaba046551","name":"mcolomer","url":"https:\/\/bcbnews.barcelonaturisme.com\/?author=3"}]}},"_links":{"self":[{"href":"https:\/\/bcbnews.barcelonaturisme.com\/index.php?rest_route=\/wp\/v2\/posts\/6983"}],"collection":[{"href":"https:\/\/bcbnews.barcelonaturisme.com\/index.php?rest_route=\/wp\/v2\/posts"}],"about":[{"href":"https:\/\/bcbnews.barcelonaturisme.com\/index.php?rest_route=\/wp\/v2\/types\/post"}],"author":[{"embeddable":true,"href":"https:\/\/bcbnews.barcelonaturisme.com\/index.php?rest_route=\/wp\/v2\/users\/3"}],"replies":[{"embeddable":true,"href":"https:\/\/bcbnews.barcelonaturisme.com\/index.php?rest_route=%2Fwp%2Fv2%2Fcomments&post=6983"}],"version-history":[{"count":1,"href":"https:\/\/bcbnews.barcelonaturisme.com\/index.php?rest_route=\/wp\/v2\/posts\/6983\/revisions"}],"predecessor-version":[{"id":6985,"href":"https:\/\/bcbnews.barcelonaturisme.com\/index.php?rest_route=\/wp\/v2\/posts\/6983\/revisions\/6985"}],"wp:featuredmedia":[{"embeddable":true,"href":"https:\/\/bcbnews.barcelonaturisme.com\/index.php?rest_route=\/wp\/v2\/media\/6975"}],"wp:attachment":[{"href":"https:\/\/bcbnews.barcelonaturisme.com\/index.php?rest_route=%2Fwp%2Fv2%2Fmedia&parent=6983"}],"wp:term":[{"taxonomy":"category","embeddable":true,"href":"https:\/\/bcbnews.barcelonaturisme.com\/index.php?rest_route=%2Fwp%2Fv2%2Fcategories&post=6983"},{"taxonomy":"post_tag","embeddable":true,"href":"https:\/\/bcbnews.barcelonaturisme.com\/index.php?rest_route=%2Fwp%2Fv2%2Ftags&post=6983"},{"taxonomy":"capcalera","embeddable":true,"href":"https:\/\/bcbnews.barcelonaturisme.com\/index.php?rest_route=%2Fwp%2Fv2%2Fcapcalera&post=6983"}],"curies":[{"name":"wp","href":"https:\/\/api.w.org\/{rel}","templated":true}]}}