{"id":7195,"date":"2025-12-15T12:23:29","date_gmt":"2025-12-15T11:23:29","guid":{"rendered":"https:\/\/bcbnews.barcelonaturisme.com\/?p=7195"},"modified":"2025-12-15T12:23:30","modified_gmt":"2025-12-15T11:23:30","slug":"propers-congressos-i-candidatures-17","status":"publish","type":"post","link":"https:\/\/bcbnews.barcelonaturisme.com\/?p=7195","title":{"rendered":"Propers congressos i candidatures"},"content":{"rendered":"\n<p class=\"has-medium-font-size\">Candidatures treballades i congressos confirmats<\/p>\n\n\n\n<figure class=\"wp-block-gallery has-nested-images columns-default is-cropped wp-block-gallery-1 is-layout-flex wp-block-gallery-is-layout-flex\">\n<figure class=\"wp-block-image size-large\"><img fetchpriority=\"high\" decoding=\"async\" width=\"575\" height=\"375\" data-id=\"7200\" src=\"https:\/\/bcbnews.barcelonaturisme.com\/wp-content\/uploads\/2025\/12\/Congressos_02.jpg\" alt=\"\" class=\"wp-image-7200\" srcset=\"https:\/\/bcbnews.barcelonaturisme.com\/wp-content\/uploads\/2025\/12\/Congressos_02.jpg 575w, https:\/\/bcbnews.barcelonaturisme.com\/wp-content\/uploads\/2025\/12\/Congressos_02-300x196.jpg 300w\" sizes=\"(max-width: 575px) 100vw, 575px\" \/><\/figure>\n\n\n\n<figure class=\"wp-block-image size-large\"><img decoding=\"async\" width=\"575\" height=\"375\" data-id=\"7198\" src=\"https:\/\/bcbnews.barcelonaturisme.com\/wp-content\/uploads\/2025\/12\/Congressos_01.jpg\" alt=\"\" class=\"wp-image-7198\" srcset=\"https:\/\/bcbnews.barcelonaturisme.com\/wp-content\/uploads\/2025\/12\/Congressos_01.jpg 575w, https:\/\/bcbnews.barcelonaturisme.com\/wp-content\/uploads\/2025\/12\/Congressos_01-300x196.jpg 300w\" sizes=\"(max-width: 575px) 100vw, 575px\" \/><\/figure>\n<\/figure>\n\n\n\n<p><strong>CANDIDATURES I RFPs TREBALLADES OCTUBRE-NOVEMBRE 2025<\/strong><\/p>\n\n\n\n<p>Hem treballat un total de 21 noves candidatures, totes internacionals excepte dues d\u2019\u00e0mbit nacional, per al per\u00edode 2026-2031.<\/p>\n\n\n\n<p>Per sectors, tenim:<\/p>\n\n\n\n<ul class=\"wp-block-list\">\n<li>10 candidatures del sector m\u00e8dic-cient\u00edfic, de les quals 4 s\u00f3n de m\u00e9s de 2.500 delegats i la resta de fins a 500 delegats.<\/li>\n\n\n\n<li>2 candidatures del sector industrial, de fins a 800 delegats.<\/li>\n\n\n\n<li>2 candidatures del sector tecnol\u00f2gic, de m\u00e9s de 1.000 delegats.<\/li>\n\n\n\n<li>3 candidatures del sector p\u00fablic, de fins a 600 delegats.<\/li>\n\n\n\n<li>4 candidatures d\u2019altres sectors, de menys de 1.000 delegats.<\/li>\n<\/ul>\n\n\n\n<p>El total de delegats \u00e9s de 28.650.<\/p>\n\n\n\n<p><strong>CONGRESSOS CONFIRMATS<\/strong><\/p>\n\n\n\n<p><strong>EUROPEAN CLIMATE SUMMIT (ECS 2026)<\/strong><br>14-16 abril 2026, Casa Llotja de Mar, 400 delegats.<br><a href=\"https:\/\/www.ieta.org\/events\/european-climate-summit\" target=\"_blank\" rel=\"noreferrer noopener\">https:\/\/www.ieta.org\/events\/european-climate-summit<\/a><\/p>\n\n\n\n<p><strong>2026 APS ANNUAL CONVENTION<\/strong><br>28-30 maig 2026, CCIB, 3.000 delegats.<br><a href=\"https:\/\/www.psychologicalscience.org\/conventions\/2026-aps-annual-convention\" target=\"_blank\" rel=\"noreferrer noopener\">https:\/\/www.psychologicalscience.org\/conventions\/2026-aps-annual-convention<\/a><\/p>\n\n\n\n<p><strong>7th CONFERENCE OF THE POLITICAL ECOLOGY NETWORK &#8211; POLLEN 2026<\/strong><br>29 juny-3 juliol 2026, 500 delegats, UB.<br><a href=\"https:\/\/pollenpoliticalecology.network\/pollen-2026\/\" target=\"_blank\" rel=\"noreferrer noopener\">https:\/\/pollenpoliticalecology.network\/pollen-2026\/<\/a><\/p>\n\n\n\n<p><strong>11th SCIENCE &amp; CYCLING CONFERENCE<\/strong><br>1-2 juliol 2026, 250 delegats.<br><a href=\"https:\/\/science-cycling.org\/2026-conference\/\" target=\"_blank\" rel=\"noreferrer noopener\">https:\/\/science-cycling.org\/2026-conference\/<\/a><\/p>\n\n\n\n<p><strong>LSI EUROPE 2026<\/strong><br>28 setembre-2 octubre 2026, Grand Hyatt Barcelona, 500 delegats.<br><a href=\"https:\/\/www.biocat.cat\/ca\/actualitat\/agenda\/lsi-europe-2026\" target=\"_blank\" rel=\"noreferrer noopener\">https:\/\/www.biocat.cat\/ca\/actualitat\/agenda\/lsi-europe-2026<\/a><\/p>\n\n\n\n<p><strong>AIPD SUMMIT 2026<\/strong><br>13-15 novembre 2026, 600 delegats.<br><a href=\"https:\/\/iapdworld.org\/congress-3\/upcoming-congress-events\/\" target=\"_blank\" rel=\"noreferrer noopener\">https:\/\/iapdworld.org\/congress-3\/upcoming-congress-events\/<\/a><\/p>\n\n\n\n<p><strong>68th ANNUAL MEETING OF THE NOAH WORCESTER DERMATOLOGICAL SOCIETY<\/strong><br>13-18 juny 2027, La Pedrera, 200 delegats.<br><a href=\"https:\/\/www.noahderm.org\/2027-meeting\" target=\"_blank\" rel=\"noreferrer noopener\">https:\/\/www.noahderm.org\/2027-meeting<\/a><\/p>\n\n\n\n<p><strong>CONGR\u00c9S TECNOL\u00d2GIC<\/strong> (nom confidencial)<br>Any 2027, 400 delegats.<\/p>\n\n\n\n<p><strong>CALENDARI DE CONGRESSOS PER MEMBRES ENREGISTRATS<\/strong><br>Veure <a href=\"https:\/\/download.barcelonaturisme.com\/1006\/Calendari_confidencial.pdf\" target=\"_blank\" rel=\"noreferrer noopener\">aqu\u00ed<\/a><\/p>\n\n\n\n<p><strong>Per a m\u00e9s informaci\u00f3:<\/strong> <a href=\"mailto:bcb@barcelonaturisme.com\" target=\"_blank\" rel=\"noreferrer noopener\">bcb@barcelonaturisme.com<\/a><\/p>\n","protected":false},"excerpt":{"rendered":"<p>Candidatures treballades i congressos confirmats<\/p>\n","protected":false},"author":3,"featured_media":7196,"comment_status":"closed","ping_status":"closed","sticky":false,"template":"","format":"standard","meta":{"footnotes":""},"categories":[5],"tags":[],"capcalera":[],"class_list":["post-7195","post","type-post","status-publish","format-standard","has-post-thumbnail","hentry","category-congressos"],"acf":[],"yoast_head":"<!-- This site is optimized with the Yoast SEO plugin v25.3 - https:\/\/yoast.com\/wordpress\/plugins\/seo\/ -->\n<title>Propers congressos i candidatures - Barcelona Convention Bureau<\/title>\n<meta name=\"robots\" content=\"index, follow, max-snippet:-1, max-image-preview:large, max-video-preview:-1\" \/>\n<link rel=\"canonical\" href=\"https:\/\/bcbnews.barcelonaturisme.com\/?p=7195\" \/>\n<meta property=\"og:locale\" content=\"ca_ES\" \/>\n<meta property=\"og:type\" content=\"article\" \/>\n<meta property=\"og:title\" content=\"Propers congressos i candidatures - Barcelona Convention Bureau\" \/>\n<meta property=\"og:description\" content=\"Candidatures treballades i congressos confirmats\" \/>\n<meta property=\"og:url\" content=\"https:\/\/bcbnews.barcelonaturisme.com\/?p=7195\" \/>\n<meta property=\"og:site_name\" content=\"Barcelona Convention Bureau\" \/>\n<meta property=\"article:published_time\" content=\"2025-12-15T11:23:29+00:00\" \/>\n<meta property=\"article:modified_time\" content=\"2025-12-15T11:23:30+00:00\" \/>\n<meta property=\"og:image\" content=\"https:\/\/bcbnews.barcelonaturisme.com\/wp-content\/uploads\/2025\/12\/Congressos_00.jpg\" \/>\n\t<meta property=\"og:image:width\" content=\"1920\" \/>\n\t<meta property=\"og:image:height\" content=\"1080\" \/>\n\t<meta property=\"og:image:type\" content=\"image\/jpeg\" \/>\n<meta name=\"author\" content=\"mcolomer\" \/>\n<meta name=\"twitter:card\" content=\"summary_large_image\" \/>\n<meta name=\"twitter:label1\" content=\"Escrit per\" \/>\n\t<meta name=\"twitter:data1\" content=\"mcolomer\" \/>\n\t<meta name=\"twitter:label2\" content=\"Temps estimat de lectura\" \/>\n\t<meta name=\"twitter:data2\" content=\"2 minuts\" \/>\n<script type=\"application\/ld+json\" class=\"yoast-schema-graph\">{\"@context\":\"https:\/\/schema.org\",\"@graph\":[{\"@type\":\"Article\",\"@id\":\"https:\/\/bcbnews.barcelonaturisme.com\/?p=7195#article\",\"isPartOf\":{\"@id\":\"https:\/\/bcbnews.barcelonaturisme.com\/?p=7195\"},\"author\":{\"name\":\"mcolomer\",\"@id\":\"https:\/\/bcbnews.barcelonaturisme.com\/#\/schema\/person\/3fc6b66859de7d1dd2e84afaba046551\"},\"headline\":\"Propers congressos i candidatures\",\"datePublished\":\"2025-12-15T11:23:29+00:00\",\"dateModified\":\"2025-12-15T11:23:30+00:00\",\"mainEntityOfPage\":{\"@id\":\"https:\/\/bcbnews.barcelonaturisme.com\/?p=7195\"},\"wordCount\":230,\"publisher\":{\"@id\":\"https:\/\/bcbnews.barcelonaturisme.com\/#organization\"},\"image\":{\"@id\":\"https:\/\/bcbnews.barcelonaturisme.com\/?p=7195#primaryimage\"},\"thumbnailUrl\":\"https:\/\/bcbnews.barcelonaturisme.com\/wp-content\/uploads\/2025\/12\/Congressos_00.jpg\",\"articleSection\":[\"Congressos\"],\"inLanguage\":\"ca\"},{\"@type\":\"WebPage\",\"@id\":\"https:\/\/bcbnews.barcelonaturisme.com\/?p=7195\",\"url\":\"https:\/\/bcbnews.barcelonaturisme.com\/?p=7195\",\"name\":\"Propers congressos i candidatures - Barcelona Convention Bureau\",\"isPartOf\":{\"@id\":\"https:\/\/bcbnews.barcelonaturisme.com\/#website\"},\"primaryImageOfPage\":{\"@id\":\"https:\/\/bcbnews.barcelonaturisme.com\/?p=7195#primaryimage\"},\"image\":{\"@id\":\"https:\/\/bcbnews.barcelonaturisme.com\/?p=7195#primaryimage\"},\"thumbnailUrl\":\"https:\/\/bcbnews.barcelonaturisme.com\/wp-content\/uploads\/2025\/12\/Congressos_00.jpg\",\"datePublished\":\"2025-12-15T11:23:29+00:00\",\"dateModified\":\"2025-12-15T11:23:30+00:00\",\"breadcrumb\":{\"@id\":\"https:\/\/bcbnews.barcelonaturisme.com\/?p=7195#breadcrumb\"},\"inLanguage\":\"ca\",\"potentialAction\":[{\"@type\":\"ReadAction\",\"target\":[\"https:\/\/bcbnews.barcelonaturisme.com\/?p=7195\"]}]},{\"@type\":\"ImageObject\",\"inLanguage\":\"ca\",\"@id\":\"https:\/\/bcbnews.barcelonaturisme.com\/?p=7195#primaryimage\",\"url\":\"https:\/\/bcbnews.barcelonaturisme.com\/wp-content\/uploads\/2025\/12\/Congressos_00.jpg\",\"contentUrl\":\"https:\/\/bcbnews.barcelonaturisme.com\/wp-content\/uploads\/2025\/12\/Congressos_00.jpg\",\"width\":1920,\"height\":1080},{\"@type\":\"BreadcrumbList\",\"@id\":\"https:\/\/bcbnews.barcelonaturisme.com\/?p=7195#breadcrumb\",\"itemListElement\":[{\"@type\":\"ListItem\",\"position\":1,\"name\":\"Inici\",\"item\":\"https:\/\/bcbnews.barcelonaturisme.com\/\"},{\"@type\":\"ListItem\",\"position\":2,\"name\":\"Propers congressos i candidatures\"}]},{\"@type\":\"WebSite\",\"@id\":\"https:\/\/bcbnews.barcelonaturisme.com\/#website\",\"url\":\"https:\/\/bcbnews.barcelonaturisme.com\/\",\"name\":\"BCB News \/ Barcelona Convention Bureau\",\"description\":\"BCB Magazine\",\"publisher\":{\"@id\":\"https:\/\/bcbnews.barcelonaturisme.com\/#organization\"},\"potentialAction\":[{\"@type\":\"SearchAction\",\"target\":{\"@type\":\"EntryPoint\",\"urlTemplate\":\"https:\/\/bcbnews.barcelonaturisme.com\/?s={search_term_string}\"},\"query-input\":{\"@type\":\"PropertyValueSpecification\",\"valueRequired\":true,\"valueName\":\"search_term_string\"}}],\"inLanguage\":\"ca\"},{\"@type\":\"Organization\",\"@id\":\"https:\/\/bcbnews.barcelonaturisme.com\/#organization\",\"name\":\"BCB News \/ Barcelona Convention Bureau\",\"url\":\"https:\/\/bcbnews.barcelonaturisme.com\/\",\"logo\":{\"@type\":\"ImageObject\",\"inLanguage\":\"ca\",\"@id\":\"https:\/\/bcbnews.barcelonaturisme.com\/#\/schema\/logo\/image\/\",\"url\":\"https:\/\/bcbnews.barcelonaturisme.com\/wp-content\/uploads\/2021\/12\/BCB_logo.png\",\"contentUrl\":\"https:\/\/bcbnews.barcelonaturisme.com\/wp-content\/uploads\/2021\/12\/BCB_logo.png\",\"width\":543,\"height\":166,\"caption\":\"BCB News \/ Barcelona Convention Bureau\"},\"image\":{\"@id\":\"https:\/\/bcbnews.barcelonaturisme.com\/#\/schema\/logo\/image\/\"}},{\"@type\":\"Person\",\"@id\":\"https:\/\/bcbnews.barcelonaturisme.com\/#\/schema\/person\/3fc6b66859de7d1dd2e84afaba046551\",\"name\":\"mcolomer\",\"url\":\"https:\/\/bcbnews.barcelonaturisme.com\/?author=3\"}]}<\/script>\n<!-- \/ Yoast SEO plugin. -->","yoast_head_json":{"title":"Propers congressos i candidatures - Barcelona Convention Bureau","robots":{"index":"index","follow":"follow","max-snippet":"max-snippet:-1","max-image-preview":"max-image-preview:large","max-video-preview":"max-video-preview:-1"},"canonical":"https:\/\/bcbnews.barcelonaturisme.com\/?p=7195","og_locale":"ca_ES","og_type":"article","og_title":"Propers congressos i candidatures - Barcelona Convention Bureau","og_description":"Candidatures treballades i congressos confirmats","og_url":"https:\/\/bcbnews.barcelonaturisme.com\/?p=7195","og_site_name":"Barcelona Convention Bureau","article_published_time":"2025-12-15T11:23:29+00:00","article_modified_time":"2025-12-15T11:23:30+00:00","og_image":[{"width":1920,"height":1080,"url":"https:\/\/bcbnews.barcelonaturisme.com\/wp-content\/uploads\/2025\/12\/Congressos_00.jpg","type":"image\/jpeg"}],"author":"mcolomer","twitter_card":"summary_large_image","twitter_misc":{"Escrit per":"mcolomer","Temps estimat de lectura":"2 minuts"},"schema":{"@context":"https:\/\/schema.org","@graph":[{"@type":"Article","@id":"https:\/\/bcbnews.barcelonaturisme.com\/?p=7195#article","isPartOf":{"@id":"https:\/\/bcbnews.barcelonaturisme.com\/?p=7195"},"author":{"name":"mcolomer","@id":"https:\/\/bcbnews.barcelonaturisme.com\/#\/schema\/person\/3fc6b66859de7d1dd2e84afaba046551"},"headline":"Propers congressos i candidatures","datePublished":"2025-12-15T11:23:29+00:00","dateModified":"2025-12-15T11:23:30+00:00","mainEntityOfPage":{"@id":"https:\/\/bcbnews.barcelonaturisme.com\/?p=7195"},"wordCount":230,"publisher":{"@id":"https:\/\/bcbnews.barcelonaturisme.com\/#organization"},"image":{"@id":"https:\/\/bcbnews.barcelonaturisme.com\/?p=7195#primaryimage"},"thumbnailUrl":"https:\/\/bcbnews.barcelonaturisme.com\/wp-content\/uploads\/2025\/12\/Congressos_00.jpg","articleSection":["Congressos"],"inLanguage":"ca"},{"@type":"WebPage","@id":"https:\/\/bcbnews.barcelonaturisme.com\/?p=7195","url":"https:\/\/bcbnews.barcelonaturisme.com\/?p=7195","name":"Propers congressos i candidatures - Barcelona Convention Bureau","isPartOf":{"@id":"https:\/\/bcbnews.barcelonaturisme.com\/#website"},"primaryImageOfPage":{"@id":"https:\/\/bcbnews.barcelonaturisme.com\/?p=7195#primaryimage"},"image":{"@id":"https:\/\/bcbnews.barcelonaturisme.com\/?p=7195#primaryimage"},"thumbnailUrl":"https:\/\/bcbnews.barcelonaturisme.com\/wp-content\/uploads\/2025\/12\/Congressos_00.jpg","datePublished":"2025-12-15T11:23:29+00:00","dateModified":"2025-12-15T11:23:30+00:00","breadcrumb":{"@id":"https:\/\/bcbnews.barcelonaturisme.com\/?p=7195#breadcrumb"},"inLanguage":"ca","potentialAction":[{"@type":"ReadAction","target":["https:\/\/bcbnews.barcelonaturisme.com\/?p=7195"]}]},{"@type":"ImageObject","inLanguage":"ca","@id":"https:\/\/bcbnews.barcelonaturisme.com\/?p=7195#primaryimage","url":"https:\/\/bcbnews.barcelonaturisme.com\/wp-content\/uploads\/2025\/12\/Congressos_00.jpg","contentUrl":"https:\/\/bcbnews.barcelonaturisme.com\/wp-content\/uploads\/2025\/12\/Congressos_00.jpg","width":1920,"height":1080},{"@type":"BreadcrumbList","@id":"https:\/\/bcbnews.barcelonaturisme.com\/?p=7195#breadcrumb","itemListElement":[{"@type":"ListItem","position":1,"name":"Inici","item":"https:\/\/bcbnews.barcelonaturisme.com\/"},{"@type":"ListItem","position":2,"name":"Propers congressos i candidatures"}]},{"@type":"WebSite","@id":"https:\/\/bcbnews.barcelonaturisme.com\/#website","url":"https:\/\/bcbnews.barcelonaturisme.com\/","name":"BCB News \/ Barcelona Convention Bureau","description":"BCB Magazine","publisher":{"@id":"https:\/\/bcbnews.barcelonaturisme.com\/#organization"},"potentialAction":[{"@type":"SearchAction","target":{"@type":"EntryPoint","urlTemplate":"https:\/\/bcbnews.barcelonaturisme.com\/?s={search_term_string}"},"query-input":{"@type":"PropertyValueSpecification","valueRequired":true,"valueName":"search_term_string"}}],"inLanguage":"ca"},{"@type":"Organization","@id":"https:\/\/bcbnews.barcelonaturisme.com\/#organization","name":"BCB News \/ Barcelona Convention Bureau","url":"https:\/\/bcbnews.barcelonaturisme.com\/","logo":{"@type":"ImageObject","inLanguage":"ca","@id":"https:\/\/bcbnews.barcelonaturisme.com\/#\/schema\/logo\/image\/","url":"https:\/\/bcbnews.barcelonaturisme.com\/wp-content\/uploads\/2021\/12\/BCB_logo.png","contentUrl":"https:\/\/bcbnews.barcelonaturisme.com\/wp-content\/uploads\/2021\/12\/BCB_logo.png","width":543,"height":166,"caption":"BCB News \/ Barcelona Convention Bureau"},"image":{"@id":"https:\/\/bcbnews.barcelonaturisme.com\/#\/schema\/logo\/image\/"}},{"@type":"Person","@id":"https:\/\/bcbnews.barcelonaturisme.com\/#\/schema\/person\/3fc6b66859de7d1dd2e84afaba046551","name":"mcolomer","url":"https:\/\/bcbnews.barcelonaturisme.com\/?author=3"}]}},"_links":{"self":[{"href":"https:\/\/bcbnews.barcelonaturisme.com\/index.php?rest_route=\/wp\/v2\/posts\/7195"}],"collection":[{"href":"https:\/\/bcbnews.barcelonaturisme.com\/index.php?rest_route=\/wp\/v2\/posts"}],"about":[{"href":"https:\/\/bcbnews.barcelonaturisme.com\/index.php?rest_route=\/wp\/v2\/types\/post"}],"author":[{"embeddable":true,"href":"https:\/\/bcbnews.barcelonaturisme.com\/index.php?rest_route=\/wp\/v2\/users\/3"}],"replies":[{"embeddable":true,"href":"https:\/\/bcbnews.barcelonaturisme.com\/index.php?rest_route=%2Fwp%2Fv2%2Fcomments&post=7195"}],"version-history":[{"count":1,"href":"https:\/\/bcbnews.barcelonaturisme.com\/index.php?rest_route=\/wp\/v2\/posts\/7195\/revisions"}],"predecessor-version":[{"id":7202,"href":"https:\/\/bcbnews.barcelonaturisme.com\/index.php?rest_route=\/wp\/v2\/posts\/7195\/revisions\/7202"}],"wp:featuredmedia":[{"embeddable":true,"href":"https:\/\/bcbnews.barcelonaturisme.com\/index.php?rest_route=\/wp\/v2\/media\/7196"}],"wp:attachment":[{"href":"https:\/\/bcbnews.barcelonaturisme.com\/index.php?rest_route=%2Fwp%2Fv2%2Fmedia&parent=7195"}],"wp:term":[{"taxonomy":"category","embeddable":true,"href":"https:\/\/bcbnews.barcelonaturisme.com\/index.php?rest_route=%2Fwp%2Fv2%2Fcategories&post=7195"},{"taxonomy":"post_tag","embeddable":true,"href":"https:\/\/bcbnews.barcelonaturisme.com\/index.php?rest_route=%2Fwp%2Fv2%2Ftags&post=7195"},{"taxonomy":"capcalera","embeddable":true,"href":"https:\/\/bcbnews.barcelonaturisme.com\/index.php?rest_route=%2Fwp%2Fv2%2Fcapcalera&post=7195"}],"curies":[{"name":"wp","href":"https:\/\/api.w.org\/{rel}","templated":true}]}}